{"id":9946,"date":"2022-03-25T12:24:24","date_gmt":"2022-03-25T12:24:24","guid":{"rendered":"https:\/\/www.uaga.eus\/?p=9946"},"modified":"2022-03-25T12:24:24","modified_gmt":"2022-03-25T12:24:24","slug":"uaga-participa-en-la-reunion-de-coag-sobre-la-situacion-del-sector-de-la-patata","status":"publish","type":"post","link":"https:\/\/www.uaga.eus\/eu\/uaga-participa-en-la-reunion-de-coag-sobre-la-situacion-del-sector-de-la-patata\/","title":{"rendered":"UAGA participa en la reuni\u00f3n de COAG sobre la situaci\u00f3n del sector de la patata"},"content":{"rendered":"<p>UAGA ha participado esta semana en la reuni\u00f3n de COAG sobre la situaci\u00f3n actual del sector de la patata, tanto a nivel mundial como local.<\/p>\n<p>En la reuni\u00f3n se intercambiaron puntos de vista sobre la situaci\u00f3n en otras zonas de Espa\u00f1a, y se ofrecieron datos de superficie y producci\u00f3n a nivel nacional, publicados por el MAPA. Tambi\u00e9n se abord\u00f3 la nueva reforma de la PAC y se hizo una estimaci\u00f3n sobre las previsiones para esta nueva campa\u00f1a.<\/p>\n<p><strong>La superficie de patata en Espa\u00f1a muestra una tendencia descendente en los \u00faltimos diez a\u00f1os, llegando a unas 70.000 hect\u00e1reas.<\/strong> La producci\u00f3n de patata en el Estado alcanz\u00f3 una cifra de 2,14 millones de toneladas (un 1% menor que la media de 2016 a 2020).<\/p>\n<p>El valor estimado de la producci\u00f3n de patata esta \u00faltima campa\u00f1a, aun siendo superior a la anterior, ha descendido un 6% respecto a la media de los diez \u00faltimos a\u00f1os, ascendiendo a una cifra de 563 millones de euros.<\/p>\n<p>En <strong>\u00c1lava, la superficie de patata de la pasada campa\u00f1a rond\u00f3 las 1.400 hect\u00e1reas (un 15% m\u00e1s que la anterior) y se consiguieron rendimientos de producci\u00f3n medios elevados, de 48 a 53 toneladas por hect\u00e1rea<\/strong> (alrededor de un 20% m\u00e1s de la media de producci\u00f3n de los \u00faltimos 3 a\u00f1os).<\/p>\n<p><strong>Para esta nueva campa\u00f1a hay mucha incertidumbre y se estima que habr\u00e1 una reducci\u00f3n de superficie de siembra<\/strong> a nivel estatal, debido fundamentalmente al <strong>aumento de los costes de producci\u00f3n, que superan hasta en un 40% los del a\u00f1o pasado<\/strong>. Adem\u00e1s, los precios contin\u00faan bajos y la previsi\u00f3n para el importe que recibe el agricultor por su producto no va en aumento.<\/p>\n<p>Castilla y Le\u00f3n, referente de producci\u00f3n de patata en Espa\u00f1a, prev\u00e9 sembrar alrededor de 16.000 hect\u00e1reas. Al igual que en remolacha, debido a la coyuntura actual de aumento de costes, se est\u00e1 observando una tendencia a abandonar el cultivo esta campa\u00f1a en favor de la siembra de girasol.<\/p>\n<p>Espa\u00f1a representa apenas el 0,6% de la producci\u00f3n mundial de patata\u00a0 y el 5% del valor de la producci\u00f3n en Europa. Alemania, Francia, Polonia o B\u00e9lgica son los principales productores.<\/p>\n<p>+INFO H\u00c9CTOR: 618 670<\/p>\n","protected":false},"excerpt":{"rendered":"<p>UAGA ha participado esta semana en la reuni\u00f3n de COAG sobre la situaci\u00f3n actual del sector de la patata, tanto a nivel mundial como local. En la reuni\u00f3n se intercambiaron puntos de vista sobre la situaci\u00f3n en otras zonas de Espa\u00f1a, y se ofrecieron datos de superficie y producci\u00f3n a nivel nacional, publicados por el [&hellip;]<\/p>\n","protected":false},"author":4,"featured_media":7996,"comment_status":"closed","ping_status":"closed","sticky":false,"template":"","format":"standard","meta":{"footnotes":""},"categories":[7],"tags":[],"yoast_head":"<!-- This site is optimized with the Yoast SEO plugin v21.5 - https:\/\/yoast.com\/wordpress\/plugins\/seo\/ -->\n<title>UAGA participa en la reuni\u00f3n de COAG sobre la situaci\u00f3n del sector de la patata - UAGA<\/title>\n<meta name=\"robots\" content=\"index, follow, max-snippet:-1, max-image-preview:large, max-video-preview:-1\" \/>\n<link rel=\"canonical\" href=\"https:\/\/www.uaga.eus\/uaga-participa-en-la-reunion-de-coag-sobre-la-situacion-del-sector-de-la-patata\/\" \/>\n<meta property=\"og:locale\" content=\"en_US\" \/>\n<meta property=\"og:type\" content=\"article\" \/>\n<meta property=\"og:title\" content=\"UAGA participa en la reuni\u00f3n de COAG sobre la situaci\u00f3n del sector de la patata - UAGA\" \/>\n<meta property=\"og:description\" content=\"UAGA ha participado esta semana en la reuni\u00f3n de COAG sobre la situaci\u00f3n actual del sector de la patata, tanto a nivel mundial como local. En la reuni\u00f3n se intercambiaron puntos de vista sobre la situaci\u00f3n en otras zonas de Espa\u00f1a, y se ofrecieron datos de superficie y producci\u00f3n a nivel nacional, publicados por el [&hellip;]\" \/>\n<meta property=\"og:url\" content=\"https:\/\/www.uaga.eus\/uaga-participa-en-la-reunion-de-coag-sobre-la-situacion-del-sector-de-la-patata\/\" \/>\n<meta property=\"og:site_name\" content=\"UAGA\" \/>\n<meta property=\"article:published_time\" content=\"2022-03-25T12:24:24+00:00\" \/>\n<meta property=\"og:image\" content=\"https:\/\/www.uaga.eus\/wp-content\/uploads\/2020\/09\/PANORAMICA-PATATA.jpg\" \/>\n\t<meta property=\"og:image:width\" content=\"650\" \/>\n\t<meta property=\"og:image:height\" content=\"366\" \/>\n\t<meta property=\"og:image:type\" content=\"image\/jpeg\" \/>\n<meta name=\"author\" content=\"Blanca S\u00e1nchez\" \/>\n<meta name=\"twitter:card\" content=\"summary_large_image\" \/>\n<meta name=\"twitter:label1\" content=\"Written by\" \/>\n\t<meta name=\"twitter:data1\" content=\"Blanca S\u00e1nchez\" \/>\n\t<meta name=\"twitter:label2\" content=\"Est. reading time\" \/>\n\t<meta name=\"twitter:data2\" content=\"2 minutua\" \/>\n<script type=\"application\/ld+json\" class=\"yoast-schema-graph\">{\"@context\":\"https:\/\/schema.org\",\"@graph\":[{\"@type\":\"WebPage\",\"@id\":\"https:\/\/www.uaga.eus\/uaga-participa-en-la-reunion-de-coag-sobre-la-situacion-del-sector-de-la-patata\/\",\"url\":\"https:\/\/www.uaga.eus\/uaga-participa-en-la-reunion-de-coag-sobre-la-situacion-del-sector-de-la-patata\/\",\"name\":\"UAGA participa en la reuni\u00f3n de COAG sobre la situaci\u00f3n del sector de la patata - UAGA\",\"isPartOf\":{\"@id\":\"https:\/\/www.uaga.eus\/#website\"},\"datePublished\":\"2022-03-25T12:24:24+00:00\",\"dateModified\":\"2022-03-25T12:24:24+00:00\",\"author\":{\"@id\":\"https:\/\/www.uaga.eus\/#\/schema\/person\/48c3cbf0f33d1b788226dbb6518689cf\"},\"breadcrumb\":{\"@id\":\"https:\/\/www.uaga.eus\/uaga-participa-en-la-reunion-de-coag-sobre-la-situacion-del-sector-de-la-patata\/#breadcrumb\"},\"inLanguage\":\"eu\",\"potentialAction\":[{\"@type\":\"ReadAction\",\"target\":[\"https:\/\/www.uaga.eus\/uaga-participa-en-la-reunion-de-coag-sobre-la-situacion-del-sector-de-la-patata\/\"]}]},{\"@type\":\"BreadcrumbList\",\"@id\":\"https:\/\/www.uaga.eus\/uaga-participa-en-la-reunion-de-coag-sobre-la-situacion-del-sector-de-la-patata\/#breadcrumb\",\"itemListElement\":[{\"@type\":\"ListItem\",\"position\":1,\"name\":\"Inicio\",\"item\":\"https:\/\/www.uaga.eus\/\"},{\"@type\":\"ListItem\",\"position\":2,\"name\":\"UAGA participa en la reuni\u00f3n de COAG sobre la situaci\u00f3n del sector de la patata\"}]},{\"@type\":\"WebSite\",\"@id\":\"https:\/\/www.uaga.eus\/#website\",\"url\":\"https:\/\/www.uaga.eus\/\",\"name\":\"UAGA\",\"description\":\"Uni\u00f3n Agroganadera de \u00c1lava - Araba Nekazarien Elkartea\",\"potentialAction\":[{\"@type\":\"SearchAction\",\"target\":{\"@type\":\"EntryPoint\",\"urlTemplate\":\"https:\/\/www.uaga.eus\/?s={search_term_string}\"},\"query-input\":\"required name=search_term_string\"}],\"inLanguage\":\"eu\"},{\"@type\":\"Person\",\"@id\":\"https:\/\/www.uaga.eus\/#\/schema\/person\/48c3cbf0f33d1b788226dbb6518689cf\",\"name\":\"Blanca S\u00e1nchez\",\"image\":{\"@type\":\"ImageObject\",\"inLanguage\":\"eu\",\"@id\":\"https:\/\/www.uaga.eus\/#\/schema\/person\/image\/\",\"url\":\"https:\/\/secure.gravatar.com\/avatar\/0dc91c20648254b1ce84877283f6751b?s=96&d=mm&r=g\",\"contentUrl\":\"https:\/\/secure.gravatar.com\/avatar\/0dc91c20648254b1ce84877283f6751b?s=96&d=mm&r=g\",\"caption\":\"Blanca S\u00e1nchez\"},\"url\":\"https:\/\/www.uaga.eus\/eu\/author\/bsanchez\/\"}]}<\/script>\n<!-- \/ Yoast SEO plugin. -->","yoast_head_json":{"title":"UAGA participa en la reuni\u00f3n de COAG sobre la situaci\u00f3n del sector de la patata - UAGA","robots":{"index":"index","follow":"follow","max-snippet":"max-snippet:-1","max-image-preview":"max-image-preview:large","max-video-preview":"max-video-preview:-1"},"canonical":"https:\/\/www.uaga.eus\/uaga-participa-en-la-reunion-de-coag-sobre-la-situacion-del-sector-de-la-patata\/","og_locale":"en_US","og_type":"article","og_title":"UAGA participa en la reuni\u00f3n de COAG sobre la situaci\u00f3n del sector de la patata - UAGA","og_description":"UAGA ha participado esta semana en la reuni\u00f3n de COAG sobre la situaci\u00f3n actual del sector de la patata, tanto a nivel mundial como local. En la reuni\u00f3n se intercambiaron puntos de vista sobre la situaci\u00f3n en otras zonas de Espa\u00f1a, y se ofrecieron datos de superficie y producci\u00f3n a nivel nacional, publicados por el [&hellip;]","og_url":"https:\/\/www.uaga.eus\/uaga-participa-en-la-reunion-de-coag-sobre-la-situacion-del-sector-de-la-patata\/","og_site_name":"UAGA","article_published_time":"2022-03-25T12:24:24+00:00","og_image":[{"width":650,"height":366,"url":"https:\/\/www.uaga.eus\/wp-content\/uploads\/2020\/09\/PANORAMICA-PATATA.jpg","type":"image\/jpeg"}],"author":"Blanca S\u00e1nchez","twitter_card":"summary_large_image","twitter_misc":{"Written by":"Blanca S\u00e1nchez","Est. reading time":"2 minutua"},"schema":{"@context":"https:\/\/schema.org","@graph":[{"@type":"WebPage","@id":"https:\/\/www.uaga.eus\/uaga-participa-en-la-reunion-de-coag-sobre-la-situacion-del-sector-de-la-patata\/","url":"https:\/\/www.uaga.eus\/uaga-participa-en-la-reunion-de-coag-sobre-la-situacion-del-sector-de-la-patata\/","name":"UAGA participa en la reuni\u00f3n de COAG sobre la situaci\u00f3n del sector de la patata - UAGA","isPartOf":{"@id":"https:\/\/www.uaga.eus\/#website"},"datePublished":"2022-03-25T12:24:24+00:00","dateModified":"2022-03-25T12:24:24+00:00","author":{"@id":"https:\/\/www.uaga.eus\/#\/schema\/person\/48c3cbf0f33d1b788226dbb6518689cf"},"breadcrumb":{"@id":"https:\/\/www.uaga.eus\/uaga-participa-en-la-reunion-de-coag-sobre-la-situacion-del-sector-de-la-patata\/#breadcrumb"},"inLanguage":"eu","potentialAction":[{"@type":"ReadAction","target":["https:\/\/www.uaga.eus\/uaga-participa-en-la-reunion-de-coag-sobre-la-situacion-del-sector-de-la-patata\/"]}]},{"@type":"BreadcrumbList","@id":"https:\/\/www.uaga.eus\/uaga-participa-en-la-reunion-de-coag-sobre-la-situacion-del-sector-de-la-patata\/#breadcrumb","itemListElement":[{"@type":"ListItem","position":1,"name":"Inicio","item":"https:\/\/www.uaga.eus\/"},{"@type":"ListItem","position":2,"name":"UAGA participa en la reuni\u00f3n de COAG sobre la situaci\u00f3n del sector de la patata"}]},{"@type":"WebSite","@id":"https:\/\/www.uaga.eus\/#website","url":"https:\/\/www.uaga.eus\/","name":"UAGA","description":"Uni\u00f3n Agroganadera de \u00c1lava - Araba Nekazarien Elkartea","potentialAction":[{"@type":"SearchAction","target":{"@type":"EntryPoint","urlTemplate":"https:\/\/www.uaga.eus\/?s={search_term_string}"},"query-input":"required name=search_term_string"}],"inLanguage":"eu"},{"@type":"Person","@id":"https:\/\/www.uaga.eus\/#\/schema\/person\/48c3cbf0f33d1b788226dbb6518689cf","name":"Blanca S\u00e1nchez","image":{"@type":"ImageObject","inLanguage":"eu","@id":"https:\/\/www.uaga.eus\/#\/schema\/person\/image\/","url":"https:\/\/secure.gravatar.com\/avatar\/0dc91c20648254b1ce84877283f6751b?s=96&d=mm&r=g","contentUrl":"https:\/\/secure.gravatar.com\/avatar\/0dc91c20648254b1ce84877283f6751b?s=96&d=mm&r=g","caption":"Blanca S\u00e1nchez"},"url":"https:\/\/www.uaga.eus\/eu\/author\/bsanchez\/"}]}},"_links":{"self":[{"href":"https:\/\/www.uaga.eus\/eu\/wp-json\/wp\/v2\/posts\/9946"}],"collection":[{"href":"https:\/\/www.uaga.eus\/eu\/wp-json\/wp\/v2\/posts"}],"about":[{"href":"https:\/\/www.uaga.eus\/eu\/wp-json\/wp\/v2\/types\/post"}],"author":[{"embeddable":true,"href":"https:\/\/www.uaga.eus\/eu\/wp-json\/wp\/v2\/users\/4"}],"replies":[{"embeddable":true,"href":"https:\/\/www.uaga.eus\/eu\/wp-json\/wp\/v2\/comments?post=9946"}],"version-history":[{"count":1,"href":"https:\/\/www.uaga.eus\/eu\/wp-json\/wp\/v2\/posts\/9946\/revisions"}],"predecessor-version":[{"id":9947,"href":"https:\/\/www.uaga.eus\/eu\/wp-json\/wp\/v2\/posts\/9946\/revisions\/9947"}],"wp:featuredmedia":[{"embeddable":true,"href":"https:\/\/www.uaga.eus\/eu\/wp-json\/wp\/v2\/media\/7996"}],"wp:attachment":[{"href":"https:\/\/www.uaga.eus\/eu\/wp-json\/wp\/v2\/media?parent=9946"}],"wp:term":[{"taxonomy":"category","embeddable":true,"href":"https:\/\/www.uaga.eus\/eu\/wp-json\/wp\/v2\/categories?post=9946"},{"taxonomy":"post_tag","embeddable":true,"href":"https:\/\/www.uaga.eus\/eu\/wp-json\/wp\/v2\/tags?post=9946"}],"curies":[{"name":"wp","href":"https:\/\/api.w.org\/{rel}","templated":true}]}}