{"id":9944,"date":"2022-03-25T12:23:18","date_gmt":"2022-03-25T12:23:18","guid":{"rendered":"https:\/\/www.uaga.eus\/?p=9944"},"modified":"2022-03-25T12:23:18","modified_gmt":"2022-03-25T12:23:18","slug":"el-ministerio-de-agricultura-pondra-en-marcha-un-programa-para-la-reduccion-de-uso-de-antibioticos-en-ganaderia","status":"publish","type":"post","link":"https:\/\/www.uaga.eus\/eu\/el-ministerio-de-agricultura-pondra-en-marcha-un-programa-para-la-reduccion-de-uso-de-antibioticos-en-ganaderia\/","title":{"rendered":"El Ministerio de Agricultura pondr\u00e1 en marcha un programa para la reducci\u00f3n de uso de antibi\u00f3ticos en ganader\u00eda\u00a0"},"content":{"rendered":"<p>El Ministerio de Agricultura ha informado a las organizaciones agrarias, COAG -en la que se integra UAGA-, ASAJA y UPA y a las Cooperativas Agroalimentarias sobre\u00a0el uso de antibi\u00f3ticos en los distintos sectores ganaderos, que, pese a haberse reducido en m\u00e1s de un 60% entre 2014 y 2020, en el Estado espa\u00f1ol est\u00e1 por encima de la media de la UE.<\/p>\n<p>Con el objetivo de reducir su uso, crear\u00e1 un programa de reducci\u00f3n obligatoria para aquellas explotaciones que se encuentren por encima de la media de su sector espec\u00edfico. Para ello, cada explotaci\u00f3n ganadera conocer\u00e1 su propia utilizaci\u00f3n a trav\u00e9s de informes trimestrales que ser\u00e1n enviados a todas las explotaciones integradas en el registro REGA a partir de junio de 2022. El informe contendr\u00e1 datos comparativos con la media de consumo de antibi\u00f3ticos del subsector en el que se encuentre explicitando si la situaci\u00f3n de la explotaci\u00f3n ganadera es desfavorable respecto a la media.<\/p>\n<p>+INFO GUSTAVO: 635 704 865<\/p>\n","protected":false},"excerpt":{"rendered":"<p>El Ministerio de Agricultura ha informado a las organizaciones agrarias, COAG -en la que se integra UAGA-, ASAJA y UPA y a las Cooperativas Agroalimentarias sobre\u00a0el uso de antibi\u00f3ticos en los distintos sectores ganaderos, que, pese a haberse reducido en m\u00e1s de un 60% entre 2014 y 2020, en el Estado espa\u00f1ol est\u00e1 por encima [&hellip;]<\/p>\n","protected":false},"author":4,"featured_media":6374,"comment_status":"closed","ping_status":"closed","sticky":false,"template":"","format":"standard","meta":{"footnotes":""},"categories":[8],"tags":[],"yoast_head":"<!-- This site is optimized with the Yoast SEO plugin v21.5 - https:\/\/yoast.com\/wordpress\/plugins\/seo\/ -->\n<title>El Ministerio de Agricultura pondr\u00e1 en marcha un programa para la reducci\u00f3n de uso de antibi\u00f3ticos en ganader\u00eda\u00a0 - UAGA<\/title>\n<meta name=\"robots\" content=\"index, follow, max-snippet:-1, max-image-preview:large, max-video-preview:-1\" \/>\n<link rel=\"canonical\" href=\"https:\/\/www.uaga.eus\/eu\/el-ministerio-de-agricultura-pondra-en-marcha-un-programa-para-la-reduccion-de-uso-de-antibioticos-en-ganaderia\/\" \/>\n<meta property=\"og:locale\" content=\"en_US\" \/>\n<meta property=\"og:type\" content=\"article\" \/>\n<meta property=\"og:title\" content=\"El Ministerio de Agricultura pondr\u00e1 en marcha un programa para la reducci\u00f3n de uso de antibi\u00f3ticos en ganader\u00eda\u00a0 - UAGA\" \/>\n<meta property=\"og:description\" content=\"El Ministerio de Agricultura ha informado a las organizaciones agrarias, COAG -en la que se integra UAGA-, ASAJA y UPA y a las Cooperativas Agroalimentarias sobre\u00a0el uso de antibi\u00f3ticos en los distintos sectores ganaderos, que, pese a haberse reducido en m\u00e1s de un 60% entre 2014 y 2020, en el Estado espa\u00f1ol est\u00e1 por encima [&hellip;]\" \/>\n<meta property=\"og:url\" content=\"https:\/\/www.uaga.eus\/eu\/el-ministerio-de-agricultura-pondra-en-marcha-un-programa-para-la-reduccion-de-uso-de-antibioticos-en-ganaderia\/\" \/>\n<meta property=\"og:site_name\" content=\"UAGA\" \/>\n<meta property=\"article:published_time\" content=\"2022-03-25T12:23:18+00:00\" \/>\n<meta property=\"og:image\" content=\"https:\/\/www.uaga.eus\/wp-content\/uploads\/2019\/07\/vacas-en-primer-plano.jpg\" \/>\n\t<meta property=\"og:image:width\" content=\"650\" \/>\n\t<meta property=\"og:image:height\" content=\"366\" \/>\n\t<meta property=\"og:image:type\" content=\"image\/jpeg\" \/>\n<meta name=\"author\" content=\"Blanca S\u00e1nchez\" \/>\n<meta name=\"twitter:card\" content=\"summary_large_image\" \/>\n<meta name=\"twitter:label1\" content=\"Written by\" \/>\n\t<meta name=\"twitter:data1\" content=\"Blanca S\u00e1nchez\" \/>\n\t<meta name=\"twitter:label2\" content=\"Est. reading time\" \/>\n\t<meta name=\"twitter:data2\" content=\"1 minutua\" \/>\n<script type=\"application\/ld+json\" class=\"yoast-schema-graph\">{\"@context\":\"https:\/\/schema.org\",\"@graph\":[{\"@type\":\"WebPage\",\"@id\":\"https:\/\/www.uaga.eus\/eu\/el-ministerio-de-agricultura-pondra-en-marcha-un-programa-para-la-reduccion-de-uso-de-antibioticos-en-ganaderia\/\",\"url\":\"https:\/\/www.uaga.eus\/eu\/el-ministerio-de-agricultura-pondra-en-marcha-un-programa-para-la-reduccion-de-uso-de-antibioticos-en-ganaderia\/\",\"name\":\"El Ministerio de Agricultura pondr\u00e1 en marcha un programa para la reducci\u00f3n de uso de antibi\u00f3ticos en ganader\u00eda\u00a0 - UAGA\",\"isPartOf\":{\"@id\":\"https:\/\/www.uaga.eus\/#website\"},\"datePublished\":\"2022-03-25T12:23:18+00:00\",\"dateModified\":\"2022-03-25T12:23:18+00:00\",\"author\":{\"@id\":\"https:\/\/www.uaga.eus\/#\/schema\/person\/48c3cbf0f33d1b788226dbb6518689cf\"},\"breadcrumb\":{\"@id\":\"https:\/\/www.uaga.eus\/eu\/el-ministerio-de-agricultura-pondra-en-marcha-un-programa-para-la-reduccion-de-uso-de-antibioticos-en-ganaderia\/#breadcrumb\"},\"inLanguage\":\"eu\",\"potentialAction\":[{\"@type\":\"ReadAction\",\"target\":[\"https:\/\/www.uaga.eus\/eu\/el-ministerio-de-agricultura-pondra-en-marcha-un-programa-para-la-reduccion-de-uso-de-antibioticos-en-ganaderia\/\"]}]},{\"@type\":\"BreadcrumbList\",\"@id\":\"https:\/\/www.uaga.eus\/eu\/el-ministerio-de-agricultura-pondra-en-marcha-un-programa-para-la-reduccion-de-uso-de-antibioticos-en-ganaderia\/#breadcrumb\",\"itemListElement\":[{\"@type\":\"ListItem\",\"position\":1,\"name\":\"Inicio\",\"item\":\"https:\/\/www.uaga.eus\/\"},{\"@type\":\"ListItem\",\"position\":2,\"name\":\"El Ministerio de Agricultura pondr\u00e1 en marcha un programa para la reducci\u00f3n de uso de antibi\u00f3ticos en ganader\u00eda\u00a0\"}]},{\"@type\":\"WebSite\",\"@id\":\"https:\/\/www.uaga.eus\/#website\",\"url\":\"https:\/\/www.uaga.eus\/\",\"name\":\"UAGA\",\"description\":\"Uni\u00f3n Agroganadera de \u00c1lava - Araba Nekazarien Elkartea\",\"potentialAction\":[{\"@type\":\"SearchAction\",\"target\":{\"@type\":\"EntryPoint\",\"urlTemplate\":\"https:\/\/www.uaga.eus\/?s={search_term_string}\"},\"query-input\":\"required name=search_term_string\"}],\"inLanguage\":\"eu\"},{\"@type\":\"Person\",\"@id\":\"https:\/\/www.uaga.eus\/#\/schema\/person\/48c3cbf0f33d1b788226dbb6518689cf\",\"name\":\"Blanca S\u00e1nchez\",\"image\":{\"@type\":\"ImageObject\",\"inLanguage\":\"eu\",\"@id\":\"https:\/\/www.uaga.eus\/#\/schema\/person\/image\/\",\"url\":\"https:\/\/secure.gravatar.com\/avatar\/0dc91c20648254b1ce84877283f6751b?s=96&d=mm&r=g\",\"contentUrl\":\"https:\/\/secure.gravatar.com\/avatar\/0dc91c20648254b1ce84877283f6751b?s=96&d=mm&r=g\",\"caption\":\"Blanca S\u00e1nchez\"},\"url\":\"https:\/\/www.uaga.eus\/eu\/author\/bsanchez\/\"}]}<\/script>\n<!-- \/ Yoast SEO plugin. -->","yoast_head_json":{"title":"El Ministerio de Agricultura pondr\u00e1 en marcha un programa para la reducci\u00f3n de uso de antibi\u00f3ticos en ganader\u00eda\u00a0 - UAGA","robots":{"index":"index","follow":"follow","max-snippet":"max-snippet:-1","max-image-preview":"max-image-preview:large","max-video-preview":"max-video-preview:-1"},"canonical":"https:\/\/www.uaga.eus\/eu\/el-ministerio-de-agricultura-pondra-en-marcha-un-programa-para-la-reduccion-de-uso-de-antibioticos-en-ganaderia\/","og_locale":"en_US","og_type":"article","og_title":"El Ministerio de Agricultura pondr\u00e1 en marcha un programa para la reducci\u00f3n de uso de antibi\u00f3ticos en ganader\u00eda\u00a0 - UAGA","og_description":"El Ministerio de Agricultura ha informado a las organizaciones agrarias, COAG -en la que se integra UAGA-, ASAJA y UPA y a las Cooperativas Agroalimentarias sobre\u00a0el uso de antibi\u00f3ticos en los distintos sectores ganaderos, que, pese a haberse reducido en m\u00e1s de un 60% entre 2014 y 2020, en el Estado espa\u00f1ol est\u00e1 por encima [&hellip;]","og_url":"https:\/\/www.uaga.eus\/eu\/el-ministerio-de-agricultura-pondra-en-marcha-un-programa-para-la-reduccion-de-uso-de-antibioticos-en-ganaderia\/","og_site_name":"UAGA","article_published_time":"2022-03-25T12:23:18+00:00","og_image":[{"width":650,"height":366,"url":"https:\/\/www.uaga.eus\/wp-content\/uploads\/2019\/07\/vacas-en-primer-plano.jpg","type":"image\/jpeg"}],"author":"Blanca S\u00e1nchez","twitter_card":"summary_large_image","twitter_misc":{"Written by":"Blanca S\u00e1nchez","Est. reading time":"1 minutua"},"schema":{"@context":"https:\/\/schema.org","@graph":[{"@type":"WebPage","@id":"https:\/\/www.uaga.eus\/eu\/el-ministerio-de-agricultura-pondra-en-marcha-un-programa-para-la-reduccion-de-uso-de-antibioticos-en-ganaderia\/","url":"https:\/\/www.uaga.eus\/eu\/el-ministerio-de-agricultura-pondra-en-marcha-un-programa-para-la-reduccion-de-uso-de-antibioticos-en-ganaderia\/","name":"El Ministerio de Agricultura pondr\u00e1 en marcha un programa para la reducci\u00f3n de uso de antibi\u00f3ticos en ganader\u00eda\u00a0 - UAGA","isPartOf":{"@id":"https:\/\/www.uaga.eus\/#website"},"datePublished":"2022-03-25T12:23:18+00:00","dateModified":"2022-03-25T12:23:18+00:00","author":{"@id":"https:\/\/www.uaga.eus\/#\/schema\/person\/48c3cbf0f33d1b788226dbb6518689cf"},"breadcrumb":{"@id":"https:\/\/www.uaga.eus\/eu\/el-ministerio-de-agricultura-pondra-en-marcha-un-programa-para-la-reduccion-de-uso-de-antibioticos-en-ganaderia\/#breadcrumb"},"inLanguage":"eu","potentialAction":[{"@type":"ReadAction","target":["https:\/\/www.uaga.eus\/eu\/el-ministerio-de-agricultura-pondra-en-marcha-un-programa-para-la-reduccion-de-uso-de-antibioticos-en-ganaderia\/"]}]},{"@type":"BreadcrumbList","@id":"https:\/\/www.uaga.eus\/eu\/el-ministerio-de-agricultura-pondra-en-marcha-un-programa-para-la-reduccion-de-uso-de-antibioticos-en-ganaderia\/#breadcrumb","itemListElement":[{"@type":"ListItem","position":1,"name":"Inicio","item":"https:\/\/www.uaga.eus\/"},{"@type":"ListItem","position":2,"name":"El Ministerio de Agricultura pondr\u00e1 en marcha un programa para la reducci\u00f3n de uso de antibi\u00f3ticos en ganader\u00eda\u00a0"}]},{"@type":"WebSite","@id":"https:\/\/www.uaga.eus\/#website","url":"https:\/\/www.uaga.eus\/","name":"UAGA","description":"Uni\u00f3n Agroganadera de \u00c1lava - Araba Nekazarien Elkartea","potentialAction":[{"@type":"SearchAction","target":{"@type":"EntryPoint","urlTemplate":"https:\/\/www.uaga.eus\/?s={search_term_string}"},"query-input":"required name=search_term_string"}],"inLanguage":"eu"},{"@type":"Person","@id":"https:\/\/www.uaga.eus\/#\/schema\/person\/48c3cbf0f33d1b788226dbb6518689cf","name":"Blanca S\u00e1nchez","image":{"@type":"ImageObject","inLanguage":"eu","@id":"https:\/\/www.uaga.eus\/#\/schema\/person\/image\/","url":"https:\/\/secure.gravatar.com\/avatar\/0dc91c20648254b1ce84877283f6751b?s=96&d=mm&r=g","contentUrl":"https:\/\/secure.gravatar.com\/avatar\/0dc91c20648254b1ce84877283f6751b?s=96&d=mm&r=g","caption":"Blanca S\u00e1nchez"},"url":"https:\/\/www.uaga.eus\/eu\/author\/bsanchez\/"}]}},"_links":{"self":[{"href":"https:\/\/www.uaga.eus\/eu\/wp-json\/wp\/v2\/posts\/9944"}],"collection":[{"href":"https:\/\/www.uaga.eus\/eu\/wp-json\/wp\/v2\/posts"}],"about":[{"href":"https:\/\/www.uaga.eus\/eu\/wp-json\/wp\/v2\/types\/post"}],"author":[{"embeddable":true,"href":"https:\/\/www.uaga.eus\/eu\/wp-json\/wp\/v2\/users\/4"}],"replies":[{"embeddable":true,"href":"https:\/\/www.uaga.eus\/eu\/wp-json\/wp\/v2\/comments?post=9944"}],"version-history":[{"count":1,"href":"https:\/\/www.uaga.eus\/eu\/wp-json\/wp\/v2\/posts\/9944\/revisions"}],"predecessor-version":[{"id":9945,"href":"https:\/\/www.uaga.eus\/eu\/wp-json\/wp\/v2\/posts\/9944\/revisions\/9945"}],"wp:featuredmedia":[{"embeddable":true,"href":"https:\/\/www.uaga.eus\/eu\/wp-json\/wp\/v2\/media\/6374"}],"wp:attachment":[{"href":"https:\/\/www.uaga.eus\/eu\/wp-json\/wp\/v2\/media?parent=9944"}],"wp:term":[{"taxonomy":"category","embeddable":true,"href":"https:\/\/www.uaga.eus\/eu\/wp-json\/wp\/v2\/categories?post=9944"},{"taxonomy":"post_tag","embeddable":true,"href":"https:\/\/www.uaga.eus\/eu\/wp-json\/wp\/v2\/tags?post=9944"}],"curies":[{"name":"wp","href":"https:\/\/api.w.org\/{rel}","templated":true}]}}