{"id":9942,"date":"2022-03-25T12:22:10","date_gmt":"2022-03-25T12:22:10","guid":{"rendered":"https:\/\/www.uaga.eus\/?p=9942"},"modified":"2022-10-20T11:39:05","modified_gmt":"2022-10-20T11:39:05","slug":"nueva-convergencia-cambio-de-50-a-20-regiones-novedades-de-la-proxima-pac-2023-2027","status":"publish","type":"post","link":"https:\/\/www.uaga.eus\/eu\/nueva-convergencia-cambio-de-50-a-20-regiones-novedades-de-la-proxima-pac-2023-2027\/","title":{"rendered":"Nueva Convergencia. Cambio de 50 a 20 regiones. Novedades de la pr\u00f3xima PAC 2023-2027"},"content":{"rendered":"<p>El Ministerio de Agricultura public\u00f3 en diciembre de 2021 el Plan Estrat\u00e9gico de la nueva PAC 2023-2027 tras la revisi\u00f3n de la Comisi\u00f3n Europea, que a\u00fan tiene car\u00e1cter provisional (puedes consultarlo en este <a href=\"https:\/\/www.fega.gob.es\/es\/PAC_2023-2027\" target=\"_blank\" rel=\"noopener\" data-cke-saved-href=\"https:\/\/www.mapa.gob.es\/es\/pac\/post-2020\/el-pepac-de-espana-resumen-de-la-propuesta-dic-2021_tcm30-583992.pdf\">enlace<\/a>).<\/p>\n<p>Espa\u00f1a seguir\u00e1 otorgando la <strong>ayuda b\u00e1sica<\/strong> (ayuda b\u00e1sica a la renta para la sostenibilidad) de manera diferenciada por regiones agrarias (agrupaciones de comarcas agrarias con caracter\u00edsticas agron\u00f3micas similares) para dar respuesta a las grandes diferencias de estructuras de producci\u00f3n del sector agrario espa\u00f1ol.<\/p>\n<p>No obstante, <strong>se simplifica pasando de las 50 regiones actuales a 20 regiones.<\/strong><\/p>\n<p>Se mantienen los derechos, pero cambia la regionalizaci\u00f3n. Se simplifica el modelo actual y de referencia con la solicitud \u00fanica, en principio de 2020, se definen, 20 regiones en 4 grupos diferentes: tierras de regad\u00edo, tierras de secano, pastos y cultivos permanentes.\u00a0Se pretende que esta reducci\u00f3n del n\u00famero de regiones, favorezca a un reparto m\u00e1s equitativo de las ayudas de la nueva PAC.<\/p>\n<p><strong>Nueva Convergencia<\/strong><br \/>\nEn el periodo actual las explotaciones reciben el apoyo a la renta (pago b\u00e1sico) en funci\u00f3n de derechos individuales. El valor de estos derechos depende de los cultivos, actividad ganadera o producciones que tuvo cada explotaci\u00f3n en periodos de referencia hist\u00f3ricos, muchos de ellos de hace veinte a\u00f1os. Cada uno de estos derechos tiene un valor espec\u00edfico que converge hacia el valor medio regional en cada una de las 50 regiones existentes.<\/p>\n<p>La nueva convergencia\u00a0quiere acercar el valor de los derechos al valor medio de cada una de las regiones. <strong>Se pretende que todos los derechos lleguen a alcanzar el 85% del valor medio regional en 2026.<\/strong><\/p>\n<p><strong>Puedes ver m\u00e1s informaci\u00f3n relacionada con esta nueva regionalizaci\u00f3n y cambios en la convergencia en el <a href=\"https:\/\/www.fega.gob.es\/es\/PAC_2023-2027\" target=\"_blank\" rel=\"noopener\" data-cke-saved-href=\"https:\/\/www.mapa.gob.es\/es\/pac\/post-2020\/modelo-de-aplicacion-abrs-y-pcr-gan211130_tcm30-582398.pdf\">este enlace<\/a>.<\/strong><\/p>\n<p>+INFO H\u00c9CTOR: 618 670 869 \/ SUGOI: 675 707 696<\/p>","protected":false},"excerpt":{"rendered":"<p>El Ministerio de Agricultura public\u00f3 en diciembre de 2021 el Plan Estrat\u00e9gico de la nueva PAC 2023-2027 tras la revisi\u00f3n de la Comisi\u00f3n Europea, que a\u00fan tiene car\u00e1cter provisional (puedes consultarlo en este enlace). Espa\u00f1a seguir\u00e1 otorgando la ayuda b\u00e1sica (ayuda b\u00e1sica a la renta para la sostenibilidad) de manera diferenciada por regiones agrarias (agrupaciones [&hellip;]<\/p>\n","protected":false},"author":4,"featured_media":2958,"comment_status":"closed","ping_status":"closed","sticky":false,"template":"","format":"standard","meta":{"footnotes":""},"categories":[5,4],"tags":[],"yoast_head":"<!-- This site is optimized with the Yoast SEO plugin v21.5 - https:\/\/yoast.com\/wordpress\/plugins\/seo\/ -->\n<title>Nueva Convergencia. Cambio de 50 a 20 regiones. Novedades de la pr\u00f3xima PAC 2023-2027 - UAGA<\/title>\n<meta name=\"robots\" content=\"index, follow, max-snippet:-1, max-image-preview:large, max-video-preview:-1\" \/>\n<link rel=\"canonical\" href=\"https:\/\/www.uaga.eus\/nueva-convergencia-cambio-de-50-a-20-regiones-novedades-de-la-proxima-pac-2023-2027\/\" \/>\n<meta property=\"og:locale\" content=\"en_US\" \/>\n<meta property=\"og:type\" content=\"article\" \/>\n<meta property=\"og:title\" content=\"Nueva Convergencia. Cambio de 50 a 20 regiones. Novedades de la pr\u00f3xima PAC 2023-2027 - UAGA\" \/>\n<meta property=\"og:description\" content=\"El Ministerio de Agricultura public\u00f3 en diciembre de 2021 el Plan Estrat\u00e9gico de la nueva PAC 2023-2027 tras la revisi\u00f3n de la Comisi\u00f3n Europea, que a\u00fan tiene car\u00e1cter provisional (puedes consultarlo en este enlace). Espa\u00f1a seguir\u00e1 otorgando la ayuda b\u00e1sica (ayuda b\u00e1sica a la renta para la sostenibilidad) de manera diferenciada por regiones agrarias (agrupaciones [&hellip;]\" \/>\n<meta property=\"og:url\" content=\"https:\/\/www.uaga.eus\/nueva-convergencia-cambio-de-50-a-20-regiones-novedades-de-la-proxima-pac-2023-2027\/\" \/>\n<meta property=\"og:site_name\" content=\"UAGA\" \/>\n<meta property=\"article:published_time\" content=\"2022-03-25T12:22:10+00:00\" \/>\n<meta property=\"article:modified_time\" content=\"2022-10-20T11:39:05+00:00\" \/>\n<meta property=\"og:image\" content=\"https:\/\/www.uaga.eus\/wp-content\/uploads\/2018\/06\/Paisaje_Vitoria_Mendiola_01-e1528444655937.jpg\" \/>\n\t<meta property=\"og:image:width\" content=\"700\" \/>\n\t<meta property=\"og:image:height\" content=\"334\" \/>\n\t<meta property=\"og:image:type\" content=\"image\/jpeg\" \/>\n<meta name=\"author\" content=\"Blanca S\u00e1nchez\" \/>\n<meta name=\"twitter:card\" content=\"summary_large_image\" \/>\n<meta name=\"twitter:label1\" content=\"Written by\" \/>\n\t<meta name=\"twitter:data1\" content=\"Blanca S\u00e1nchez\" \/>\n\t<meta name=\"twitter:label2\" content=\"Est. reading time\" \/>\n\t<meta name=\"twitter:data2\" content=\"3 minutua\" \/>\n<script type=\"application\/ld+json\" class=\"yoast-schema-graph\">{\"@context\":\"https:\/\/schema.org\",\"@graph\":[{\"@type\":\"WebPage\",\"@id\":\"https:\/\/www.uaga.eus\/nueva-convergencia-cambio-de-50-a-20-regiones-novedades-de-la-proxima-pac-2023-2027\/\",\"url\":\"https:\/\/www.uaga.eus\/nueva-convergencia-cambio-de-50-a-20-regiones-novedades-de-la-proxima-pac-2023-2027\/\",\"name\":\"Nueva Convergencia. Cambio de 50 a 20 regiones. Novedades de la pr\u00f3xima PAC 2023-2027 - UAGA\",\"isPartOf\":{\"@id\":\"https:\/\/www.uaga.eus\/#website\"},\"datePublished\":\"2022-03-25T12:22:10+00:00\",\"dateModified\":\"2022-10-20T11:39:05+00:00\",\"author\":{\"@id\":\"https:\/\/www.uaga.eus\/#\/schema\/person\/48c3cbf0f33d1b788226dbb6518689cf\"},\"breadcrumb\":{\"@id\":\"https:\/\/www.uaga.eus\/nueva-convergencia-cambio-de-50-a-20-regiones-novedades-de-la-proxima-pac-2023-2027\/#breadcrumb\"},\"inLanguage\":\"eu\",\"potentialAction\":[{\"@type\":\"ReadAction\",\"target\":[\"https:\/\/www.uaga.eus\/nueva-convergencia-cambio-de-50-a-20-regiones-novedades-de-la-proxima-pac-2023-2027\/\"]}]},{\"@type\":\"BreadcrumbList\",\"@id\":\"https:\/\/www.uaga.eus\/nueva-convergencia-cambio-de-50-a-20-regiones-novedades-de-la-proxima-pac-2023-2027\/#breadcrumb\",\"itemListElement\":[{\"@type\":\"ListItem\",\"position\":1,\"name\":\"Inicio\",\"item\":\"https:\/\/www.uaga.eus\/\"},{\"@type\":\"ListItem\",\"position\":2,\"name\":\"Nueva Convergencia. Cambio de 50 a 20 regiones. Novedades de la pr\u00f3xima PAC 2023-2027\"}]},{\"@type\":\"WebSite\",\"@id\":\"https:\/\/www.uaga.eus\/#website\",\"url\":\"https:\/\/www.uaga.eus\/\",\"name\":\"UAGA\",\"description\":\"Uni\u00f3n Agroganadera de \u00c1lava - Araba Nekazarien Elkartea\",\"potentialAction\":[{\"@type\":\"SearchAction\",\"target\":{\"@type\":\"EntryPoint\",\"urlTemplate\":\"https:\/\/www.uaga.eus\/?s={search_term_string}\"},\"query-input\":\"required name=search_term_string\"}],\"inLanguage\":\"eu\"},{\"@type\":\"Person\",\"@id\":\"https:\/\/www.uaga.eus\/#\/schema\/person\/48c3cbf0f33d1b788226dbb6518689cf\",\"name\":\"Blanca S\u00e1nchez\",\"image\":{\"@type\":\"ImageObject\",\"inLanguage\":\"eu\",\"@id\":\"https:\/\/www.uaga.eus\/#\/schema\/person\/image\/\",\"url\":\"https:\/\/secure.gravatar.com\/avatar\/0dc91c20648254b1ce84877283f6751b?s=96&d=mm&r=g\",\"contentUrl\":\"https:\/\/secure.gravatar.com\/avatar\/0dc91c20648254b1ce84877283f6751b?s=96&d=mm&r=g\",\"caption\":\"Blanca S\u00e1nchez\"},\"url\":\"https:\/\/www.uaga.eus\/eu\/author\/bsanchez\/\"}]}<\/script>\n<!-- \/ Yoast SEO plugin. -->","yoast_head_json":{"title":"Nueva Convergencia. Cambio de 50 a 20 regiones. Novedades de la pr\u00f3xima PAC 2023-2027 - UAGA","robots":{"index":"index","follow":"follow","max-snippet":"max-snippet:-1","max-image-preview":"max-image-preview:large","max-video-preview":"max-video-preview:-1"},"canonical":"https:\/\/www.uaga.eus\/nueva-convergencia-cambio-de-50-a-20-regiones-novedades-de-la-proxima-pac-2023-2027\/","og_locale":"en_US","og_type":"article","og_title":"Nueva Convergencia. Cambio de 50 a 20 regiones. Novedades de la pr\u00f3xima PAC 2023-2027 - UAGA","og_description":"El Ministerio de Agricultura public\u00f3 en diciembre de 2021 el Plan Estrat\u00e9gico de la nueva PAC 2023-2027 tras la revisi\u00f3n de la Comisi\u00f3n Europea, que a\u00fan tiene car\u00e1cter provisional (puedes consultarlo en este enlace). Espa\u00f1a seguir\u00e1 otorgando la ayuda b\u00e1sica (ayuda b\u00e1sica a la renta para la sostenibilidad) de manera diferenciada por regiones agrarias (agrupaciones [&hellip;]","og_url":"https:\/\/www.uaga.eus\/nueva-convergencia-cambio-de-50-a-20-regiones-novedades-de-la-proxima-pac-2023-2027\/","og_site_name":"UAGA","article_published_time":"2022-03-25T12:22:10+00:00","article_modified_time":"2022-10-20T11:39:05+00:00","og_image":[{"width":700,"height":334,"url":"https:\/\/www.uaga.eus\/wp-content\/uploads\/2018\/06\/Paisaje_Vitoria_Mendiola_01-e1528444655937.jpg","type":"image\/jpeg"}],"author":"Blanca S\u00e1nchez","twitter_card":"summary_large_image","twitter_misc":{"Written by":"Blanca S\u00e1nchez","Est. reading time":"3 minutua"},"schema":{"@context":"https:\/\/schema.org","@graph":[{"@type":"WebPage","@id":"https:\/\/www.uaga.eus\/nueva-convergencia-cambio-de-50-a-20-regiones-novedades-de-la-proxima-pac-2023-2027\/","url":"https:\/\/www.uaga.eus\/nueva-convergencia-cambio-de-50-a-20-regiones-novedades-de-la-proxima-pac-2023-2027\/","name":"Nueva Convergencia. Cambio de 50 a 20 regiones. Novedades de la pr\u00f3xima PAC 2023-2027 - UAGA","isPartOf":{"@id":"https:\/\/www.uaga.eus\/#website"},"datePublished":"2022-03-25T12:22:10+00:00","dateModified":"2022-10-20T11:39:05+00:00","author":{"@id":"https:\/\/www.uaga.eus\/#\/schema\/person\/48c3cbf0f33d1b788226dbb6518689cf"},"breadcrumb":{"@id":"https:\/\/www.uaga.eus\/nueva-convergencia-cambio-de-50-a-20-regiones-novedades-de-la-proxima-pac-2023-2027\/#breadcrumb"},"inLanguage":"eu","potentialAction":[{"@type":"ReadAction","target":["https:\/\/www.uaga.eus\/nueva-convergencia-cambio-de-50-a-20-regiones-novedades-de-la-proxima-pac-2023-2027\/"]}]},{"@type":"BreadcrumbList","@id":"https:\/\/www.uaga.eus\/nueva-convergencia-cambio-de-50-a-20-regiones-novedades-de-la-proxima-pac-2023-2027\/#breadcrumb","itemListElement":[{"@type":"ListItem","position":1,"name":"Inicio","item":"https:\/\/www.uaga.eus\/"},{"@type":"ListItem","position":2,"name":"Nueva Convergencia. Cambio de 50 a 20 regiones. Novedades de la pr\u00f3xima PAC 2023-2027"}]},{"@type":"WebSite","@id":"https:\/\/www.uaga.eus\/#website","url":"https:\/\/www.uaga.eus\/","name":"UAGA","description":"Uni\u00f3n Agroganadera de \u00c1lava - Araba Nekazarien Elkartea","potentialAction":[{"@type":"SearchAction","target":{"@type":"EntryPoint","urlTemplate":"https:\/\/www.uaga.eus\/?s={search_term_string}"},"query-input":"required name=search_term_string"}],"inLanguage":"eu"},{"@type":"Person","@id":"https:\/\/www.uaga.eus\/#\/schema\/person\/48c3cbf0f33d1b788226dbb6518689cf","name":"Blanca S\u00e1nchez","image":{"@type":"ImageObject","inLanguage":"eu","@id":"https:\/\/www.uaga.eus\/#\/schema\/person\/image\/","url":"https:\/\/secure.gravatar.com\/avatar\/0dc91c20648254b1ce84877283f6751b?s=96&d=mm&r=g","contentUrl":"https:\/\/secure.gravatar.com\/avatar\/0dc91c20648254b1ce84877283f6751b?s=96&d=mm&r=g","caption":"Blanca S\u00e1nchez"},"url":"https:\/\/www.uaga.eus\/eu\/author\/bsanchez\/"}]}},"_links":{"self":[{"href":"https:\/\/www.uaga.eus\/eu\/wp-json\/wp\/v2\/posts\/9942"}],"collection":[{"href":"https:\/\/www.uaga.eus\/eu\/wp-json\/wp\/v2\/posts"}],"about":[{"href":"https:\/\/www.uaga.eus\/eu\/wp-json\/wp\/v2\/types\/post"}],"author":[{"embeddable":true,"href":"https:\/\/www.uaga.eus\/eu\/wp-json\/wp\/v2\/users\/4"}],"replies":[{"embeddable":true,"href":"https:\/\/www.uaga.eus\/eu\/wp-json\/wp\/v2\/comments?post=9942"}],"version-history":[{"count":3,"href":"https:\/\/www.uaga.eus\/eu\/wp-json\/wp\/v2\/posts\/9942\/revisions"}],"predecessor-version":[{"id":10650,"href":"https:\/\/www.uaga.eus\/eu\/wp-json\/wp\/v2\/posts\/9942\/revisions\/10650"}],"wp:featuredmedia":[{"embeddable":true,"href":"https:\/\/www.uaga.eus\/eu\/wp-json\/wp\/v2\/media\/2958"}],"wp:attachment":[{"href":"https:\/\/www.uaga.eus\/eu\/wp-json\/wp\/v2\/media?parent=9942"}],"wp:term":[{"taxonomy":"category","embeddable":true,"href":"https:\/\/www.uaga.eus\/eu\/wp-json\/wp\/v2\/categories?post=9942"},{"taxonomy":"post_tag","embeddable":true,"href":"https:\/\/www.uaga.eus\/eu\/wp-json\/wp\/v2\/tags?post=9942"}],"curies":[{"name":"wp","href":"https:\/\/api.w.org\/{rel}","templated":true}]}}