{"id":9746,"date":"2022-02-18T13:03:15","date_gmt":"2022-02-18T13:03:15","guid":{"rendered":"https:\/\/www.uaga.eus\/?p=9746"},"modified":"2022-02-18T13:03:58","modified_gmt":"2022-02-18T13:03:58","slug":"23-y-24-de-febrero-curso-on-line-de-facturacion-electronica-en-la-pequena-empresa-agroalimentaria","status":"publish","type":"post","link":"https:\/\/www.uaga.eus\/eu\/23-y-24-de-febrero-curso-on-line-de-facturacion-electronica-en-la-pequena-empresa-agroalimentaria\/","title":{"rendered":"23 y 24 de febrero,\u00a0 curso on line de\u00a0Facturaci\u00f3n electr\u00f3nica en la peque\u00f1a empresa agroalimentaria"},"content":{"rendered":"<p>La expedici\u00f3n y recibo de facturas electr\u00f3nicas es una gesti\u00f3n que, a corto plazo, ser\u00e1 obligatoria para todos los agentes econ\u00f3micos. Para\u00a0familiarizarse con este modo de gesti\u00f3n, Hazi ha organizado un curso sobre facturaci\u00f3n electr\u00f3nica en la peque\u00f1a empresa agroalimentaria.<\/p>\n<p>El curso se desarrollar\u00e1 en formato on line los d\u00edas 23 y 24 de febrero, en horario de 15:00 a 18:00h. Puedes inscribirte <a href=\"https:\/\/fpe.hazi.eus\/intensiva\/vercursointensiva.asp?curso=facturacion-electronica-en-la-pequena-empresa-agroalimentaria&amp;id=es&amp;Ncurso=693398714&amp;anio=2022&amp;mes=02&amp;dia=23\" target=\"_blank\" rel=\"noopener\" data-cke-saved-href=\"https:\/\/fpe.hazi.eus\/intensiva\/vercursointensiva.asp?curso=facturacion-electronica-en-la-pequena-empresa-agroalimentaria&amp;id=es&amp;Ncurso=693398714&amp;anio=2022&amp;mes=02&amp;dia=23\">aqu\u00ed<\/a>.<\/p>","protected":false},"excerpt":{"rendered":"<p>La expedici\u00f3n y recibo de facturas electr\u00f3nicas es una gesti\u00f3n que, a corto plazo, ser\u00e1 obligatoria para todos los agentes econ\u00f3micos. Para\u00a0familiarizarse con este modo de gesti\u00f3n, Hazi ha organizado un curso sobre facturaci\u00f3n electr\u00f3nica en la peque\u00f1a empresa agroalimentaria. El curso se desarrollar\u00e1 en formato on line los d\u00edas 23 y 24 de febrero, [&hellip;]<\/p>\n","protected":false},"author":4,"featured_media":9743,"comment_status":"closed","ping_status":"closed","sticky":false,"template":"","format":"standard","meta":{"footnotes":""},"categories":[12,66],"tags":[],"yoast_head":"<!-- This site is optimized with the Yoast SEO plugin v21.5 - https:\/\/yoast.com\/wordpress\/plugins\/seo\/ -->\n<title>23 y 24 de febrero,\u00a0 curso on line de\u00a0Facturaci\u00f3n electr\u00f3nica en la peque\u00f1a empresa agroalimentaria - UAGA<\/title>\n<meta name=\"robots\" content=\"index, follow, max-snippet:-1, max-image-preview:large, max-video-preview:-1\" \/>\n<link rel=\"canonical\" href=\"https:\/\/www.uaga.eus\/23-y-24-de-febrero-curso-on-line-de-facturacion-electronica-en-la-pequena-empresa-agroalimentaria\/\" \/>\n<meta property=\"og:locale\" content=\"en_US\" \/>\n<meta property=\"og:type\" content=\"article\" \/>\n<meta property=\"og:title\" content=\"23 y 24 de febrero,\u00a0 curso on line de\u00a0Facturaci\u00f3n electr\u00f3nica en la peque\u00f1a empresa agroalimentaria - UAGA\" \/>\n<meta property=\"og:description\" content=\"La expedici\u00f3n y recibo de facturas electr\u00f3nicas es una gesti\u00f3n que, a corto plazo, ser\u00e1 obligatoria para todos los agentes econ\u00f3micos. Para\u00a0familiarizarse con este modo de gesti\u00f3n, Hazi ha organizado un curso sobre facturaci\u00f3n electr\u00f3nica en la peque\u00f1a empresa agroalimentaria. El curso se desarrollar\u00e1 en formato on line los d\u00edas 23 y 24 de febrero, [&hellip;]\" \/>\n<meta property=\"og:url\" content=\"https:\/\/www.uaga.eus\/23-y-24-de-febrero-curso-on-line-de-facturacion-electronica-en-la-pequena-empresa-agroalimentaria\/\" \/>\n<meta property=\"og:site_name\" content=\"UAGA\" \/>\n<meta property=\"article:published_time\" content=\"2022-02-18T13:03:15+00:00\" \/>\n<meta property=\"article:modified_time\" content=\"2022-02-18T13:03:58+00:00\" \/>\n<meta property=\"og:image\" content=\"https:\/\/www.uaga.eus\/wp-content\/uploads\/2022\/02\/logo-hazi-digitalizaci\u00f3n-22-e1645189385393.jpg\" \/>\n\t<meta property=\"og:image:width\" content=\"700\" \/>\n\t<meta property=\"og:image:height\" content=\"186\" \/>\n\t<meta property=\"og:image:type\" content=\"image\/jpeg\" \/>\n<meta name=\"author\" content=\"Blanca S\u00e1nchez\" \/>\n<meta name=\"twitter:card\" content=\"summary_large_image\" \/>\n<meta name=\"twitter:label1\" content=\"Written by\" \/>\n\t<meta name=\"twitter:data1\" content=\"Blanca S\u00e1nchez\" \/>\n\t<meta name=\"twitter:label2\" content=\"Est. reading time\" \/>\n\t<meta name=\"twitter:data2\" content=\"1 minutua\" \/>\n<script type=\"application\/ld+json\" class=\"yoast-schema-graph\">{\"@context\":\"https:\/\/schema.org\",\"@graph\":[{\"@type\":\"WebPage\",\"@id\":\"https:\/\/www.uaga.eus\/23-y-24-de-febrero-curso-on-line-de-facturacion-electronica-en-la-pequena-empresa-agroalimentaria\/\",\"url\":\"https:\/\/www.uaga.eus\/23-y-24-de-febrero-curso-on-line-de-facturacion-electronica-en-la-pequena-empresa-agroalimentaria\/\",\"name\":\"23 y 24 de febrero,\u00a0 curso on line de\u00a0Facturaci\u00f3n electr\u00f3nica en la peque\u00f1a empresa agroalimentaria - UAGA\",\"isPartOf\":{\"@id\":\"https:\/\/www.uaga.eus\/#website\"},\"datePublished\":\"2022-02-18T13:03:15+00:00\",\"dateModified\":\"2022-02-18T13:03:58+00:00\",\"author\":{\"@id\":\"https:\/\/www.uaga.eus\/#\/schema\/person\/48c3cbf0f33d1b788226dbb6518689cf\"},\"breadcrumb\":{\"@id\":\"https:\/\/www.uaga.eus\/23-y-24-de-febrero-curso-on-line-de-facturacion-electronica-en-la-pequena-empresa-agroalimentaria\/#breadcrumb\"},\"inLanguage\":\"eu\",\"potentialAction\":[{\"@type\":\"ReadAction\",\"target\":[\"https:\/\/www.uaga.eus\/23-y-24-de-febrero-curso-on-line-de-facturacion-electronica-en-la-pequena-empresa-agroalimentaria\/\"]}]},{\"@type\":\"BreadcrumbList\",\"@id\":\"https:\/\/www.uaga.eus\/23-y-24-de-febrero-curso-on-line-de-facturacion-electronica-en-la-pequena-empresa-agroalimentaria\/#breadcrumb\",\"itemListElement\":[{\"@type\":\"ListItem\",\"position\":1,\"name\":\"Inicio\",\"item\":\"https:\/\/www.uaga.eus\/\"},{\"@type\":\"ListItem\",\"position\":2,\"name\":\"23 y 24 de febrero,\u00a0 curso on line de\u00a0Facturaci\u00f3n electr\u00f3nica en la peque\u00f1a empresa agroalimentaria\"}]},{\"@type\":\"WebSite\",\"@id\":\"https:\/\/www.uaga.eus\/#website\",\"url\":\"https:\/\/www.uaga.eus\/\",\"name\":\"UAGA\",\"description\":\"Uni\u00f3n Agroganadera de \u00c1lava - Araba Nekazarien Elkartea\",\"potentialAction\":[{\"@type\":\"SearchAction\",\"target\":{\"@type\":\"EntryPoint\",\"urlTemplate\":\"https:\/\/www.uaga.eus\/?s={search_term_string}\"},\"query-input\":\"required name=search_term_string\"}],\"inLanguage\":\"eu\"},{\"@type\":\"Person\",\"@id\":\"https:\/\/www.uaga.eus\/#\/schema\/person\/48c3cbf0f33d1b788226dbb6518689cf\",\"name\":\"Blanca S\u00e1nchez\",\"image\":{\"@type\":\"ImageObject\",\"inLanguage\":\"eu\",\"@id\":\"https:\/\/www.uaga.eus\/#\/schema\/person\/image\/\",\"url\":\"https:\/\/secure.gravatar.com\/avatar\/0dc91c20648254b1ce84877283f6751b?s=96&d=mm&r=g\",\"contentUrl\":\"https:\/\/secure.gravatar.com\/avatar\/0dc91c20648254b1ce84877283f6751b?s=96&d=mm&r=g\",\"caption\":\"Blanca S\u00e1nchez\"},\"url\":\"https:\/\/www.uaga.eus\/eu\/author\/bsanchez\/\"}]}<\/script>\n<!-- \/ Yoast SEO plugin. -->","yoast_head_json":{"title":"23 y 24 de febrero,\u00a0 curso on line de\u00a0Facturaci\u00f3n electr\u00f3nica en la peque\u00f1a empresa agroalimentaria - UAGA","robots":{"index":"index","follow":"follow","max-snippet":"max-snippet:-1","max-image-preview":"max-image-preview:large","max-video-preview":"max-video-preview:-1"},"canonical":"https:\/\/www.uaga.eus\/23-y-24-de-febrero-curso-on-line-de-facturacion-electronica-en-la-pequena-empresa-agroalimentaria\/","og_locale":"en_US","og_type":"article","og_title":"23 y 24 de febrero,\u00a0 curso on line de\u00a0Facturaci\u00f3n electr\u00f3nica en la peque\u00f1a empresa agroalimentaria - UAGA","og_description":"La expedici\u00f3n y recibo de facturas electr\u00f3nicas es una gesti\u00f3n que, a corto plazo, ser\u00e1 obligatoria para todos los agentes econ\u00f3micos. Para\u00a0familiarizarse con este modo de gesti\u00f3n, Hazi ha organizado un curso sobre facturaci\u00f3n electr\u00f3nica en la peque\u00f1a empresa agroalimentaria. El curso se desarrollar\u00e1 en formato on line los d\u00edas 23 y 24 de febrero, [&hellip;]","og_url":"https:\/\/www.uaga.eus\/23-y-24-de-febrero-curso-on-line-de-facturacion-electronica-en-la-pequena-empresa-agroalimentaria\/","og_site_name":"UAGA","article_published_time":"2022-02-18T13:03:15+00:00","article_modified_time":"2022-02-18T13:03:58+00:00","og_image":[{"width":700,"height":186,"url":"https:\/\/www.uaga.eus\/wp-content\/uploads\/2022\/02\/logo-hazi-digitalizaci\u00f3n-22-e1645189385393.jpg","type":"image\/jpeg"}],"author":"Blanca S\u00e1nchez","twitter_card":"summary_large_image","twitter_misc":{"Written by":"Blanca S\u00e1nchez","Est. reading time":"1 minutua"},"schema":{"@context":"https:\/\/schema.org","@graph":[{"@type":"WebPage","@id":"https:\/\/www.uaga.eus\/23-y-24-de-febrero-curso-on-line-de-facturacion-electronica-en-la-pequena-empresa-agroalimentaria\/","url":"https:\/\/www.uaga.eus\/23-y-24-de-febrero-curso-on-line-de-facturacion-electronica-en-la-pequena-empresa-agroalimentaria\/","name":"23 y 24 de febrero,\u00a0 curso on line de\u00a0Facturaci\u00f3n electr\u00f3nica en la peque\u00f1a empresa agroalimentaria - UAGA","isPartOf":{"@id":"https:\/\/www.uaga.eus\/#website"},"datePublished":"2022-02-18T13:03:15+00:00","dateModified":"2022-02-18T13:03:58+00:00","author":{"@id":"https:\/\/www.uaga.eus\/#\/schema\/person\/48c3cbf0f33d1b788226dbb6518689cf"},"breadcrumb":{"@id":"https:\/\/www.uaga.eus\/23-y-24-de-febrero-curso-on-line-de-facturacion-electronica-en-la-pequena-empresa-agroalimentaria\/#breadcrumb"},"inLanguage":"eu","potentialAction":[{"@type":"ReadAction","target":["https:\/\/www.uaga.eus\/23-y-24-de-febrero-curso-on-line-de-facturacion-electronica-en-la-pequena-empresa-agroalimentaria\/"]}]},{"@type":"BreadcrumbList","@id":"https:\/\/www.uaga.eus\/23-y-24-de-febrero-curso-on-line-de-facturacion-electronica-en-la-pequena-empresa-agroalimentaria\/#breadcrumb","itemListElement":[{"@type":"ListItem","position":1,"name":"Inicio","item":"https:\/\/www.uaga.eus\/"},{"@type":"ListItem","position":2,"name":"23 y 24 de febrero,\u00a0 curso on line de\u00a0Facturaci\u00f3n electr\u00f3nica en la peque\u00f1a empresa agroalimentaria"}]},{"@type":"WebSite","@id":"https:\/\/www.uaga.eus\/#website","url":"https:\/\/www.uaga.eus\/","name":"UAGA","description":"Uni\u00f3n Agroganadera de \u00c1lava - Araba Nekazarien Elkartea","potentialAction":[{"@type":"SearchAction","target":{"@type":"EntryPoint","urlTemplate":"https:\/\/www.uaga.eus\/?s={search_term_string}"},"query-input":"required name=search_term_string"}],"inLanguage":"eu"},{"@type":"Person","@id":"https:\/\/www.uaga.eus\/#\/schema\/person\/48c3cbf0f33d1b788226dbb6518689cf","name":"Blanca S\u00e1nchez","image":{"@type":"ImageObject","inLanguage":"eu","@id":"https:\/\/www.uaga.eus\/#\/schema\/person\/image\/","url":"https:\/\/secure.gravatar.com\/avatar\/0dc91c20648254b1ce84877283f6751b?s=96&d=mm&r=g","contentUrl":"https:\/\/secure.gravatar.com\/avatar\/0dc91c20648254b1ce84877283f6751b?s=96&d=mm&r=g","caption":"Blanca S\u00e1nchez"},"url":"https:\/\/www.uaga.eus\/eu\/author\/bsanchez\/"}]}},"_links":{"self":[{"href":"https:\/\/www.uaga.eus\/eu\/wp-json\/wp\/v2\/posts\/9746"}],"collection":[{"href":"https:\/\/www.uaga.eus\/eu\/wp-json\/wp\/v2\/posts"}],"about":[{"href":"https:\/\/www.uaga.eus\/eu\/wp-json\/wp\/v2\/types\/post"}],"author":[{"embeddable":true,"href":"https:\/\/www.uaga.eus\/eu\/wp-json\/wp\/v2\/users\/4"}],"replies":[{"embeddable":true,"href":"https:\/\/www.uaga.eus\/eu\/wp-json\/wp\/v2\/comments?post=9746"}],"version-history":[{"count":2,"href":"https:\/\/www.uaga.eus\/eu\/wp-json\/wp\/v2\/posts\/9746\/revisions"}],"predecessor-version":[{"id":9748,"href":"https:\/\/www.uaga.eus\/eu\/wp-json\/wp\/v2\/posts\/9746\/revisions\/9748"}],"wp:featuredmedia":[{"embeddable":true,"href":"https:\/\/www.uaga.eus\/eu\/wp-json\/wp\/v2\/media\/9743"}],"wp:attachment":[{"href":"https:\/\/www.uaga.eus\/eu\/wp-json\/wp\/v2\/media?parent=9746"}],"wp:term":[{"taxonomy":"category","embeddable":true,"href":"https:\/\/www.uaga.eus\/eu\/wp-json\/wp\/v2\/categories?post=9746"},{"taxonomy":"post_tag","embeddable":true,"href":"https:\/\/www.uaga.eus\/eu\/wp-json\/wp\/v2\/tags?post=9746"}],"curies":[{"name":"wp","href":"https:\/\/api.w.org\/{rel}","templated":true}]}}