{"id":9610,"date":"2021-12-29T12:36:03","date_gmt":"2021-12-29T12:36:03","guid":{"rendered":"https:\/\/www.uaga.eus\/?p=9610"},"modified":"2021-12-29T12:36:40","modified_gmt":"2021-12-29T12:36:40","slug":"los-ganaderos-del-sector-lacteo-de-uaga-se-concentran-ante-la-delegacion-del-gobierno-en-vitoria-gasteiz-para-exigir-el-cumplimiento-de-la-ley-de-la-cadena-alimentaria","status":"publish","type":"post","link":"https:\/\/www.uaga.eus\/eu\/los-ganaderos-del-sector-lacteo-de-uaga-se-concentran-ante-la-delegacion-del-gobierno-en-vitoria-gasteiz-para-exigir-el-cumplimiento-de-la-ley-de-la-cadena-alimentaria\/","title":{"rendered":"Los ganaderos del sector l\u00e1cteo de UAGA se concentran ante la Delegaci\u00f3n del Gobierno en Vitoria-Gasteiz para exigir el cumplimiento de la Ley de la Cadena Alimentaria"},"content":{"rendered":"<p>UAGA, en unidad de acci\u00f3n con las organizaciones agrarias COAG, ASAJA y UPA en el resto de las comunidades aut\u00f3nomas, y Ehne Confederaci\u00f3n, Ehne Bizkaia, UAGN y Enba en Euskadi y Navarra, exige a las administraciones hacer cumplir la Ley de la Cadena Alimentaria, destacando la grave situaci\u00f3n actual de los ganaderos del sector l\u00e1cteo.<\/p>\n<p>UAGA realiza esta concentraci\u00f3n y comparecencia p\u00fablica para dar a conocer a la sociedad en general la grav\u00edsima situaci\u00f3n que viven los profesionales del sector primario, muy especialmente los subsectores ganaderos.<\/p>\n<p>La nueva Ley de la Cadena Alimentaria establece que los contratos de compraventa deben cubrir los costes de producci\u00f3n, algo que estos momentos no est\u00e1 ocurriendo.<\/p>\n<p>Agrava el problema el gran incremento de los costes de producci\u00f3n, m\u00e1s del 30% en el \u00faltimo a\u00f1o, costes que no se ven repercutidos en el siguiente eslab\u00f3n de la cadena, bien la industria o la gran distribuci\u00f3n, lleg\u00e1ndose a producir en muchos casos a p\u00e9rdidas.<\/p>\n<p>Es insostenible la situaci\u00f3n que est\u00e1n sufriendo los ganaderos, cobrando entre 0,35 y 0,37 \u20ac\/litro de leche, cuando sus costes de producci\u00f3n son al menos de 0,45 euros.<\/p>\n<p>La cadena alimentaria actual, conformada por miles de productores agropecuarios, unos cientos de empresas agropecuarias y una decena de cadenas de distribuci\u00f3n, est\u00e1 claramente desequilibrada en el origen, produci\u00e9ndose adem\u00e1s situaciones de abuso de poder en los eslabones m\u00e1s fuertes, sobre todo en las cadenas de distribuci\u00f3n.<\/p>\n<p>Las organizaciones agrarias pedimos a las industrias y cadenas de distribuci\u00f3n que cumplan la ley, y exigimos al Ministerio de Agricultura la aplicaci\u00f3n inmediata de la ley, poniendo en marcha inspecciones y sancionando los incumplimientos de la industria y de las cadenas de distribuci\u00f3n, y al Gobierno Vasco su desarrollo legislativo.<\/p>\n<p>Una cadena alimentaria transparente, justa y equilibrada, ser\u00e1 m\u00e1s sostenible y beneficiosa para el conjunto de la sociedad, productores y consumidores.<\/p>\n<p>+INFO GUSTAVO: 635 704\u00a0865<\/p>\n","protected":false},"excerpt":{"rendered":"<p>UAGA, en unidad de acci\u00f3n con las organizaciones agrarias COAG, ASAJA y UPA en el resto de las comunidades aut\u00f3nomas, y Ehne Confederaci\u00f3n, Ehne Bizkaia, UAGN y Enba en Euskadi y Navarra, exige a las administraciones hacer cumplir la Ley de la Cadena Alimentaria, destacando la grave situaci\u00f3n actual de los ganaderos del sector l\u00e1cteo. [&hellip;]<\/p>\n","protected":false},"author":4,"featured_media":9612,"comment_status":"closed","ping_status":"closed","sticky":false,"template":"","format":"standard","meta":{"footnotes":""},"categories":[3],"tags":[],"yoast_head":"<!-- This site is optimized with the Yoast SEO plugin v21.5 - https:\/\/yoast.com\/wordpress\/plugins\/seo\/ -->\n<title>Los ganaderos del sector l\u00e1cteo de UAGA se concentran ante la Delegaci\u00f3n del Gobierno en Vitoria-Gasteiz para exigir el cumplimiento de la Ley de la Cadena Alimentaria - UAGA<\/title>\n<meta name=\"robots\" content=\"index, follow, max-snippet:-1, max-image-preview:large, max-video-preview:-1\" \/>\n<link rel=\"canonical\" href=\"https:\/\/www.uaga.eus\/los-ganaderos-del-sector-lacteo-de-uaga-se-concentran-ante-la-delegacion-del-gobierno-en-vitoria-gasteiz-para-exigir-el-cumplimiento-de-la-ley-de-la-cadena-alimentaria\/\" \/>\n<meta property=\"og:locale\" content=\"en_US\" \/>\n<meta property=\"og:type\" content=\"article\" \/>\n<meta property=\"og:title\" content=\"Los ganaderos del sector l\u00e1cteo de UAGA se concentran ante la Delegaci\u00f3n del Gobierno en Vitoria-Gasteiz para exigir el cumplimiento de la Ley de la Cadena Alimentaria - UAGA\" \/>\n<meta property=\"og:description\" content=\"UAGA, en unidad de acci\u00f3n con las organizaciones agrarias COAG, ASAJA y UPA en el resto de las comunidades aut\u00f3nomas, y Ehne Confederaci\u00f3n, Ehne Bizkaia, UAGN y Enba en Euskadi y Navarra, exige a las administraciones hacer cumplir la Ley de la Cadena Alimentaria, destacando la grave situaci\u00f3n actual de los ganaderos del sector l\u00e1cteo. [&hellip;]\" \/>\n<meta property=\"og:url\" content=\"https:\/\/www.uaga.eus\/los-ganaderos-del-sector-lacteo-de-uaga-se-concentran-ante-la-delegacion-del-gobierno-en-vitoria-gasteiz-para-exigir-el-cumplimiento-de-la-ley-de-la-cadena-alimentaria\/\" \/>\n<meta property=\"og:site_name\" content=\"UAGA\" \/>\n<meta property=\"article:published_time\" content=\"2021-12-29T12:36:03+00:00\" \/>\n<meta property=\"article:modified_time\" content=\"2021-12-29T12:36:40+00:00\" \/>\n<meta property=\"og:image\" content=\"https:\/\/www.uaga.eus\/wp-content\/uploads\/2021\/12\/211229-movilizaci\u00f3n-e1640781326876.jpeg\" \/>\n\t<meta property=\"og:image:width\" content=\"694\" \/>\n\t<meta property=\"og:image:height\" content=\"378\" \/>\n\t<meta property=\"og:image:type\" content=\"image\/jpeg\" \/>\n<meta name=\"author\" content=\"Blanca S\u00e1nchez\" \/>\n<meta name=\"twitter:card\" content=\"summary_large_image\" \/>\n<meta name=\"twitter:label1\" content=\"Written by\" \/>\n\t<meta name=\"twitter:data1\" content=\"Blanca S\u00e1nchez\" \/>\n\t<meta name=\"twitter:label2\" content=\"Est. reading time\" \/>\n\t<meta name=\"twitter:data2\" content=\"2 minutua\" \/>\n<script type=\"application\/ld+json\" class=\"yoast-schema-graph\">{\"@context\":\"https:\/\/schema.org\",\"@graph\":[{\"@type\":\"WebPage\",\"@id\":\"https:\/\/www.uaga.eus\/los-ganaderos-del-sector-lacteo-de-uaga-se-concentran-ante-la-delegacion-del-gobierno-en-vitoria-gasteiz-para-exigir-el-cumplimiento-de-la-ley-de-la-cadena-alimentaria\/\",\"url\":\"https:\/\/www.uaga.eus\/los-ganaderos-del-sector-lacteo-de-uaga-se-concentran-ante-la-delegacion-del-gobierno-en-vitoria-gasteiz-para-exigir-el-cumplimiento-de-la-ley-de-la-cadena-alimentaria\/\",\"name\":\"Los ganaderos del sector l\u00e1cteo de UAGA se concentran ante la Delegaci\u00f3n del Gobierno en Vitoria-Gasteiz para exigir el cumplimiento de la Ley de la Cadena Alimentaria - UAGA\",\"isPartOf\":{\"@id\":\"https:\/\/www.uaga.eus\/#website\"},\"datePublished\":\"2021-12-29T12:36:03+00:00\",\"dateModified\":\"2021-12-29T12:36:40+00:00\",\"author\":{\"@id\":\"https:\/\/www.uaga.eus\/#\/schema\/person\/48c3cbf0f33d1b788226dbb6518689cf\"},\"breadcrumb\":{\"@id\":\"https:\/\/www.uaga.eus\/los-ganaderos-del-sector-lacteo-de-uaga-se-concentran-ante-la-delegacion-del-gobierno-en-vitoria-gasteiz-para-exigir-el-cumplimiento-de-la-ley-de-la-cadena-alimentaria\/#breadcrumb\"},\"inLanguage\":\"eu\",\"potentialAction\":[{\"@type\":\"ReadAction\",\"target\":[\"https:\/\/www.uaga.eus\/los-ganaderos-del-sector-lacteo-de-uaga-se-concentran-ante-la-delegacion-del-gobierno-en-vitoria-gasteiz-para-exigir-el-cumplimiento-de-la-ley-de-la-cadena-alimentaria\/\"]}]},{\"@type\":\"BreadcrumbList\",\"@id\":\"https:\/\/www.uaga.eus\/los-ganaderos-del-sector-lacteo-de-uaga-se-concentran-ante-la-delegacion-del-gobierno-en-vitoria-gasteiz-para-exigir-el-cumplimiento-de-la-ley-de-la-cadena-alimentaria\/#breadcrumb\",\"itemListElement\":[{\"@type\":\"ListItem\",\"position\":1,\"name\":\"Inicio\",\"item\":\"https:\/\/www.uaga.eus\/\"},{\"@type\":\"ListItem\",\"position\":2,\"name\":\"Los ganaderos del sector l\u00e1cteo de UAGA se concentran ante la Delegaci\u00f3n del Gobierno en Vitoria-Gasteiz para exigir el cumplimiento de la Ley de la Cadena Alimentaria\"}]},{\"@type\":\"WebSite\",\"@id\":\"https:\/\/www.uaga.eus\/#website\",\"url\":\"https:\/\/www.uaga.eus\/\",\"name\":\"UAGA\",\"description\":\"Uni\u00f3n Agroganadera de \u00c1lava - Araba Nekazarien Elkartea\",\"potentialAction\":[{\"@type\":\"SearchAction\",\"target\":{\"@type\":\"EntryPoint\",\"urlTemplate\":\"https:\/\/www.uaga.eus\/?s={search_term_string}\"},\"query-input\":\"required name=search_term_string\"}],\"inLanguage\":\"eu\"},{\"@type\":\"Person\",\"@id\":\"https:\/\/www.uaga.eus\/#\/schema\/person\/48c3cbf0f33d1b788226dbb6518689cf\",\"name\":\"Blanca S\u00e1nchez\",\"image\":{\"@type\":\"ImageObject\",\"inLanguage\":\"eu\",\"@id\":\"https:\/\/www.uaga.eus\/#\/schema\/person\/image\/\",\"url\":\"https:\/\/secure.gravatar.com\/avatar\/0dc91c20648254b1ce84877283f6751b?s=96&d=mm&r=g\",\"contentUrl\":\"https:\/\/secure.gravatar.com\/avatar\/0dc91c20648254b1ce84877283f6751b?s=96&d=mm&r=g\",\"caption\":\"Blanca S\u00e1nchez\"},\"url\":\"https:\/\/www.uaga.eus\/eu\/author\/bsanchez\/\"}]}<\/script>\n<!-- \/ Yoast SEO plugin. -->","yoast_head_json":{"title":"Los ganaderos del sector l\u00e1cteo de UAGA se concentran ante la Delegaci\u00f3n del Gobierno en Vitoria-Gasteiz para exigir el cumplimiento de la Ley de la Cadena Alimentaria - UAGA","robots":{"index":"index","follow":"follow","max-snippet":"max-snippet:-1","max-image-preview":"max-image-preview:large","max-video-preview":"max-video-preview:-1"},"canonical":"https:\/\/www.uaga.eus\/los-ganaderos-del-sector-lacteo-de-uaga-se-concentran-ante-la-delegacion-del-gobierno-en-vitoria-gasteiz-para-exigir-el-cumplimiento-de-la-ley-de-la-cadena-alimentaria\/","og_locale":"en_US","og_type":"article","og_title":"Los ganaderos del sector l\u00e1cteo de UAGA se concentran ante la Delegaci\u00f3n del Gobierno en Vitoria-Gasteiz para exigir el cumplimiento de la Ley de la Cadena Alimentaria - UAGA","og_description":"UAGA, en unidad de acci\u00f3n con las organizaciones agrarias COAG, ASAJA y UPA en el resto de las comunidades aut\u00f3nomas, y Ehne Confederaci\u00f3n, Ehne Bizkaia, UAGN y Enba en Euskadi y Navarra, exige a las administraciones hacer cumplir la Ley de la Cadena Alimentaria, destacando la grave situaci\u00f3n actual de los ganaderos del sector l\u00e1cteo. [&hellip;]","og_url":"https:\/\/www.uaga.eus\/los-ganaderos-del-sector-lacteo-de-uaga-se-concentran-ante-la-delegacion-del-gobierno-en-vitoria-gasteiz-para-exigir-el-cumplimiento-de-la-ley-de-la-cadena-alimentaria\/","og_site_name":"UAGA","article_published_time":"2021-12-29T12:36:03+00:00","article_modified_time":"2021-12-29T12:36:40+00:00","og_image":[{"width":694,"height":378,"url":"https:\/\/www.uaga.eus\/wp-content\/uploads\/2021\/12\/211229-movilizaci\u00f3n-e1640781326876.jpeg","type":"image\/jpeg"}],"author":"Blanca S\u00e1nchez","twitter_card":"summary_large_image","twitter_misc":{"Written by":"Blanca S\u00e1nchez","Est. reading time":"2 minutua"},"schema":{"@context":"https:\/\/schema.org","@graph":[{"@type":"WebPage","@id":"https:\/\/www.uaga.eus\/los-ganaderos-del-sector-lacteo-de-uaga-se-concentran-ante-la-delegacion-del-gobierno-en-vitoria-gasteiz-para-exigir-el-cumplimiento-de-la-ley-de-la-cadena-alimentaria\/","url":"https:\/\/www.uaga.eus\/los-ganaderos-del-sector-lacteo-de-uaga-se-concentran-ante-la-delegacion-del-gobierno-en-vitoria-gasteiz-para-exigir-el-cumplimiento-de-la-ley-de-la-cadena-alimentaria\/","name":"Los ganaderos del sector l\u00e1cteo de UAGA se concentran ante la Delegaci\u00f3n del Gobierno en Vitoria-Gasteiz para exigir el cumplimiento de la Ley de la Cadena Alimentaria - UAGA","isPartOf":{"@id":"https:\/\/www.uaga.eus\/#website"},"datePublished":"2021-12-29T12:36:03+00:00","dateModified":"2021-12-29T12:36:40+00:00","author":{"@id":"https:\/\/www.uaga.eus\/#\/schema\/person\/48c3cbf0f33d1b788226dbb6518689cf"},"breadcrumb":{"@id":"https:\/\/www.uaga.eus\/los-ganaderos-del-sector-lacteo-de-uaga-se-concentran-ante-la-delegacion-del-gobierno-en-vitoria-gasteiz-para-exigir-el-cumplimiento-de-la-ley-de-la-cadena-alimentaria\/#breadcrumb"},"inLanguage":"eu","potentialAction":[{"@type":"ReadAction","target":["https:\/\/www.uaga.eus\/los-ganaderos-del-sector-lacteo-de-uaga-se-concentran-ante-la-delegacion-del-gobierno-en-vitoria-gasteiz-para-exigir-el-cumplimiento-de-la-ley-de-la-cadena-alimentaria\/"]}]},{"@type":"BreadcrumbList","@id":"https:\/\/www.uaga.eus\/los-ganaderos-del-sector-lacteo-de-uaga-se-concentran-ante-la-delegacion-del-gobierno-en-vitoria-gasteiz-para-exigir-el-cumplimiento-de-la-ley-de-la-cadena-alimentaria\/#breadcrumb","itemListElement":[{"@type":"ListItem","position":1,"name":"Inicio","item":"https:\/\/www.uaga.eus\/"},{"@type":"ListItem","position":2,"name":"Los ganaderos del sector l\u00e1cteo de UAGA se concentran ante la Delegaci\u00f3n del Gobierno en Vitoria-Gasteiz para exigir el cumplimiento de la Ley de la Cadena Alimentaria"}]},{"@type":"WebSite","@id":"https:\/\/www.uaga.eus\/#website","url":"https:\/\/www.uaga.eus\/","name":"UAGA","description":"Uni\u00f3n Agroganadera de \u00c1lava - Araba Nekazarien Elkartea","potentialAction":[{"@type":"SearchAction","target":{"@type":"EntryPoint","urlTemplate":"https:\/\/www.uaga.eus\/?s={search_term_string}"},"query-input":"required name=search_term_string"}],"inLanguage":"eu"},{"@type":"Person","@id":"https:\/\/www.uaga.eus\/#\/schema\/person\/48c3cbf0f33d1b788226dbb6518689cf","name":"Blanca S\u00e1nchez","image":{"@type":"ImageObject","inLanguage":"eu","@id":"https:\/\/www.uaga.eus\/#\/schema\/person\/image\/","url":"https:\/\/secure.gravatar.com\/avatar\/0dc91c20648254b1ce84877283f6751b?s=96&d=mm&r=g","contentUrl":"https:\/\/secure.gravatar.com\/avatar\/0dc91c20648254b1ce84877283f6751b?s=96&d=mm&r=g","caption":"Blanca S\u00e1nchez"},"url":"https:\/\/www.uaga.eus\/eu\/author\/bsanchez\/"}]}},"_links":{"self":[{"href":"https:\/\/www.uaga.eus\/eu\/wp-json\/wp\/v2\/posts\/9610"}],"collection":[{"href":"https:\/\/www.uaga.eus\/eu\/wp-json\/wp\/v2\/posts"}],"about":[{"href":"https:\/\/www.uaga.eus\/eu\/wp-json\/wp\/v2\/types\/post"}],"author":[{"embeddable":true,"href":"https:\/\/www.uaga.eus\/eu\/wp-json\/wp\/v2\/users\/4"}],"replies":[{"embeddable":true,"href":"https:\/\/www.uaga.eus\/eu\/wp-json\/wp\/v2\/comments?post=9610"}],"version-history":[{"count":1,"href":"https:\/\/www.uaga.eus\/eu\/wp-json\/wp\/v2\/posts\/9610\/revisions"}],"predecessor-version":[{"id":9611,"href":"https:\/\/www.uaga.eus\/eu\/wp-json\/wp\/v2\/posts\/9610\/revisions\/9611"}],"wp:featuredmedia":[{"embeddable":true,"href":"https:\/\/www.uaga.eus\/eu\/wp-json\/wp\/v2\/media\/9612"}],"wp:attachment":[{"href":"https:\/\/www.uaga.eus\/eu\/wp-json\/wp\/v2\/media?parent=9610"}],"wp:term":[{"taxonomy":"category","embeddable":true,"href":"https:\/\/www.uaga.eus\/eu\/wp-json\/wp\/v2\/categories?post=9610"},{"taxonomy":"post_tag","embeddable":true,"href":"https:\/\/www.uaga.eus\/eu\/wp-json\/wp\/v2\/tags?post=9610"}],"curies":[{"name":"wp","href":"https:\/\/api.w.org\/{rel}","templated":true}]}}