{"id":9608,"date":"2021-12-29T09:58:40","date_gmt":"2021-12-29T09:58:40","guid":{"rendered":"https:\/\/www.uaga.eus\/?p=9608"},"modified":"2021-12-29T09:58:40","modified_gmt":"2021-12-29T09:58:40","slug":"uaga-reclama-al-gobierno-vasco-dfa-y-ura-su-implicacion-con-los-danos-ocasionados-por-las-pasadas-inundaciones","status":"publish","type":"post","link":"https:\/\/www.uaga.eus\/eu\/uaga-reclama-al-gobierno-vasco-dfa-y-ura-su-implicacion-con-los-danos-ocasionados-por-las-pasadas-inundaciones\/","title":{"rendered":"UAGA reclama al Gobierno Vasco, DFA y URA\u00a0su implicaci\u00f3n con los da\u00f1os ocasionados por las pasadas inundaciones"},"content":{"rendered":"<p>UAGA ha enviado a las administraciones vascas competentes en la gesti\u00f3n de los recursos<strong> h\u00eddricos<\/strong> de \u00c1lava -Diputaci\u00f3n Foral de \u00c1lava (departamentos de agricultura y medio ambiente), al Gobierno Vasco y a URA (Agencia Vasca del Agua)-\u00a0un <strong>informe en el que se reflejan un gran n\u00famero de casos particulares de agricultores alaveses que han sufrido las inundaciones en sus parcelas agr\u00edcolas, durante noviembre y diciembre<\/strong>.<\/p>\n<p>El informe incluye im\u00e1genes y datos concretos de los da\u00f1os causados como consecuencia de las inundaciones en las explotaciones agr\u00edcolas: taludes destrozados, socavones en parcelas y caminos colindantes, tierra f\u00e9rtil arrastrada por el agua, p\u00e9rdida de semilla sembrada, grandes acumulaciones de piedras en las parcelas, etc.<\/p>\n<p>Hemos solicitado al Gobierno Vasco, DFA y URA:<\/p>\n<ul>\n<li>hacerse cargo de los <strong>arreglos y reposici\u00f3n de las infraestructuras da\u00f1adas<\/strong>, as\u00ed como de reponer la tierra f\u00e9rtil que ha sido arrastrada por el agua<\/li>\n<li>que se establezcan <strong>indemnizaciones<\/strong> para los agricultores afectados, y<\/li>\n<li>que se mejore la <strong>limpieza y mantenimiento de los r\u00edos<\/strong>, para que se aborde una correcta regulaci\u00f3n h\u00eddrica de los cauces, que prevenga estos acontecimientos<\/li>\n<\/ul>\n<p>+INFO SUGOI: 675 707 696<\/p>\n<div><\/div>\n","protected":false},"excerpt":{"rendered":"<p>UAGA ha enviado a las administraciones vascas competentes en la gesti\u00f3n de los recursos h\u00eddricos de \u00c1lava -Diputaci\u00f3n Foral de \u00c1lava (departamentos de agricultura y medio ambiente), al Gobierno Vasco y a URA (Agencia Vasca del Agua)-\u00a0un informe en el que se reflejan un gran n\u00famero de casos particulares de agricultores alaveses que han sufrido [&hellip;]<\/p>\n","protected":false},"author":4,"featured_media":9568,"comment_status":"closed","ping_status":"closed","sticky":false,"template":"","format":"standard","meta":{"footnotes":""},"categories":[11],"tags":[],"yoast_head":"<!-- This site is optimized with the Yoast SEO plugin v21.5 - https:\/\/yoast.com\/wordpress\/plugins\/seo\/ -->\n<title>UAGA reclama al Gobierno Vasco, DFA y URA\u00a0su implicaci\u00f3n con los da\u00f1os ocasionados por las pasadas inundaciones - UAGA<\/title>\n<meta name=\"robots\" content=\"index, follow, max-snippet:-1, max-image-preview:large, max-video-preview:-1\" \/>\n<link rel=\"canonical\" href=\"https:\/\/www.uaga.eus\/uaga-reclama-al-gobierno-vasco-dfa-y-ura-su-implicacion-con-los-danos-ocasionados-por-las-pasadas-inundaciones\/\" \/>\n<meta property=\"og:locale\" content=\"en_US\" \/>\n<meta property=\"og:type\" content=\"article\" \/>\n<meta property=\"og:title\" content=\"UAGA reclama al Gobierno Vasco, DFA y URA\u00a0su implicaci\u00f3n con los da\u00f1os ocasionados por las pasadas inundaciones - UAGA\" \/>\n<meta property=\"og:description\" content=\"UAGA ha enviado a las administraciones vascas competentes en la gesti\u00f3n de los recursos h\u00eddricos de \u00c1lava -Diputaci\u00f3n Foral de \u00c1lava (departamentos de agricultura y medio ambiente), al Gobierno Vasco y a URA (Agencia Vasca del Agua)-\u00a0un informe en el que se reflejan un gran n\u00famero de casos particulares de agricultores alaveses que han sufrido [&hellip;]\" \/>\n<meta property=\"og:url\" content=\"https:\/\/www.uaga.eus\/uaga-reclama-al-gobierno-vasco-dfa-y-ura-su-implicacion-con-los-danos-ocasionados-por-las-pasadas-inundaciones\/\" \/>\n<meta property=\"og:site_name\" content=\"UAGA\" \/>\n<meta property=\"article:published_time\" content=\"2021-12-29T09:58:40+00:00\" \/>\n<meta property=\"og:image\" content=\"https:\/\/www.uaga.eus\/wp-content\/uploads\/2021\/12\/RIADA-e1639745657153.jpg\" \/>\n\t<meta property=\"og:image:width\" content=\"700\" \/>\n\t<meta property=\"og:image:height\" content=\"394\" \/>\n\t<meta property=\"og:image:type\" content=\"image\/jpeg\" \/>\n<meta name=\"author\" content=\"Blanca S\u00e1nchez\" \/>\n<meta name=\"twitter:card\" content=\"summary_large_image\" \/>\n<meta name=\"twitter:label1\" content=\"Written by\" \/>\n\t<meta name=\"twitter:data1\" content=\"Blanca S\u00e1nchez\" \/>\n\t<meta name=\"twitter:label2\" content=\"Est. reading time\" \/>\n\t<meta name=\"twitter:data2\" content=\"1 minutua\" \/>\n<script type=\"application\/ld+json\" class=\"yoast-schema-graph\">{\"@context\":\"https:\/\/schema.org\",\"@graph\":[{\"@type\":\"WebPage\",\"@id\":\"https:\/\/www.uaga.eus\/uaga-reclama-al-gobierno-vasco-dfa-y-ura-su-implicacion-con-los-danos-ocasionados-por-las-pasadas-inundaciones\/\",\"url\":\"https:\/\/www.uaga.eus\/uaga-reclama-al-gobierno-vasco-dfa-y-ura-su-implicacion-con-los-danos-ocasionados-por-las-pasadas-inundaciones\/\",\"name\":\"UAGA reclama al Gobierno Vasco, DFA y URA\u00a0su implicaci\u00f3n con los da\u00f1os ocasionados por las pasadas inundaciones - UAGA\",\"isPartOf\":{\"@id\":\"https:\/\/www.uaga.eus\/#website\"},\"datePublished\":\"2021-12-29T09:58:40+00:00\",\"dateModified\":\"2021-12-29T09:58:40+00:00\",\"author\":{\"@id\":\"https:\/\/www.uaga.eus\/#\/schema\/person\/48c3cbf0f33d1b788226dbb6518689cf\"},\"breadcrumb\":{\"@id\":\"https:\/\/www.uaga.eus\/uaga-reclama-al-gobierno-vasco-dfa-y-ura-su-implicacion-con-los-danos-ocasionados-por-las-pasadas-inundaciones\/#breadcrumb\"},\"inLanguage\":\"eu\",\"potentialAction\":[{\"@type\":\"ReadAction\",\"target\":[\"https:\/\/www.uaga.eus\/uaga-reclama-al-gobierno-vasco-dfa-y-ura-su-implicacion-con-los-danos-ocasionados-por-las-pasadas-inundaciones\/\"]}]},{\"@type\":\"BreadcrumbList\",\"@id\":\"https:\/\/www.uaga.eus\/uaga-reclama-al-gobierno-vasco-dfa-y-ura-su-implicacion-con-los-danos-ocasionados-por-las-pasadas-inundaciones\/#breadcrumb\",\"itemListElement\":[{\"@type\":\"ListItem\",\"position\":1,\"name\":\"Inicio\",\"item\":\"https:\/\/www.uaga.eus\/\"},{\"@type\":\"ListItem\",\"position\":2,\"name\":\"UAGA reclama al Gobierno Vasco, DFA y URA\u00a0su implicaci\u00f3n con los da\u00f1os ocasionados por las pasadas inundaciones\"}]},{\"@type\":\"WebSite\",\"@id\":\"https:\/\/www.uaga.eus\/#website\",\"url\":\"https:\/\/www.uaga.eus\/\",\"name\":\"UAGA\",\"description\":\"Uni\u00f3n Agroganadera de \u00c1lava - Araba Nekazarien Elkartea\",\"potentialAction\":[{\"@type\":\"SearchAction\",\"target\":{\"@type\":\"EntryPoint\",\"urlTemplate\":\"https:\/\/www.uaga.eus\/?s={search_term_string}\"},\"query-input\":\"required name=search_term_string\"}],\"inLanguage\":\"eu\"},{\"@type\":\"Person\",\"@id\":\"https:\/\/www.uaga.eus\/#\/schema\/person\/48c3cbf0f33d1b788226dbb6518689cf\",\"name\":\"Blanca S\u00e1nchez\",\"image\":{\"@type\":\"ImageObject\",\"inLanguage\":\"eu\",\"@id\":\"https:\/\/www.uaga.eus\/#\/schema\/person\/image\/\",\"url\":\"https:\/\/secure.gravatar.com\/avatar\/0dc91c20648254b1ce84877283f6751b?s=96&d=mm&r=g\",\"contentUrl\":\"https:\/\/secure.gravatar.com\/avatar\/0dc91c20648254b1ce84877283f6751b?s=96&d=mm&r=g\",\"caption\":\"Blanca S\u00e1nchez\"},\"url\":\"https:\/\/www.uaga.eus\/eu\/author\/bsanchez\/\"}]}<\/script>\n<!-- \/ Yoast SEO plugin. -->","yoast_head_json":{"title":"UAGA reclama al Gobierno Vasco, DFA y URA\u00a0su implicaci\u00f3n con los da\u00f1os ocasionados por las pasadas inundaciones - UAGA","robots":{"index":"index","follow":"follow","max-snippet":"max-snippet:-1","max-image-preview":"max-image-preview:large","max-video-preview":"max-video-preview:-1"},"canonical":"https:\/\/www.uaga.eus\/uaga-reclama-al-gobierno-vasco-dfa-y-ura-su-implicacion-con-los-danos-ocasionados-por-las-pasadas-inundaciones\/","og_locale":"en_US","og_type":"article","og_title":"UAGA reclama al Gobierno Vasco, DFA y URA\u00a0su implicaci\u00f3n con los da\u00f1os ocasionados por las pasadas inundaciones - UAGA","og_description":"UAGA ha enviado a las administraciones vascas competentes en la gesti\u00f3n de los recursos h\u00eddricos de \u00c1lava -Diputaci\u00f3n Foral de \u00c1lava (departamentos de agricultura y medio ambiente), al Gobierno Vasco y a URA (Agencia Vasca del Agua)-\u00a0un informe en el que se reflejan un gran n\u00famero de casos particulares de agricultores alaveses que han sufrido [&hellip;]","og_url":"https:\/\/www.uaga.eus\/uaga-reclama-al-gobierno-vasco-dfa-y-ura-su-implicacion-con-los-danos-ocasionados-por-las-pasadas-inundaciones\/","og_site_name":"UAGA","article_published_time":"2021-12-29T09:58:40+00:00","og_image":[{"width":700,"height":394,"url":"https:\/\/www.uaga.eus\/wp-content\/uploads\/2021\/12\/RIADA-e1639745657153.jpg","type":"image\/jpeg"}],"author":"Blanca S\u00e1nchez","twitter_card":"summary_large_image","twitter_misc":{"Written by":"Blanca S\u00e1nchez","Est. reading time":"1 minutua"},"schema":{"@context":"https:\/\/schema.org","@graph":[{"@type":"WebPage","@id":"https:\/\/www.uaga.eus\/uaga-reclama-al-gobierno-vasco-dfa-y-ura-su-implicacion-con-los-danos-ocasionados-por-las-pasadas-inundaciones\/","url":"https:\/\/www.uaga.eus\/uaga-reclama-al-gobierno-vasco-dfa-y-ura-su-implicacion-con-los-danos-ocasionados-por-las-pasadas-inundaciones\/","name":"UAGA reclama al Gobierno Vasco, DFA y URA\u00a0su implicaci\u00f3n con los da\u00f1os ocasionados por las pasadas inundaciones - UAGA","isPartOf":{"@id":"https:\/\/www.uaga.eus\/#website"},"datePublished":"2021-12-29T09:58:40+00:00","dateModified":"2021-12-29T09:58:40+00:00","author":{"@id":"https:\/\/www.uaga.eus\/#\/schema\/person\/48c3cbf0f33d1b788226dbb6518689cf"},"breadcrumb":{"@id":"https:\/\/www.uaga.eus\/uaga-reclama-al-gobierno-vasco-dfa-y-ura-su-implicacion-con-los-danos-ocasionados-por-las-pasadas-inundaciones\/#breadcrumb"},"inLanguage":"eu","potentialAction":[{"@type":"ReadAction","target":["https:\/\/www.uaga.eus\/uaga-reclama-al-gobierno-vasco-dfa-y-ura-su-implicacion-con-los-danos-ocasionados-por-las-pasadas-inundaciones\/"]}]},{"@type":"BreadcrumbList","@id":"https:\/\/www.uaga.eus\/uaga-reclama-al-gobierno-vasco-dfa-y-ura-su-implicacion-con-los-danos-ocasionados-por-las-pasadas-inundaciones\/#breadcrumb","itemListElement":[{"@type":"ListItem","position":1,"name":"Inicio","item":"https:\/\/www.uaga.eus\/"},{"@type":"ListItem","position":2,"name":"UAGA reclama al Gobierno Vasco, DFA y URA\u00a0su implicaci\u00f3n con los da\u00f1os ocasionados por las pasadas inundaciones"}]},{"@type":"WebSite","@id":"https:\/\/www.uaga.eus\/#website","url":"https:\/\/www.uaga.eus\/","name":"UAGA","description":"Uni\u00f3n Agroganadera de \u00c1lava - Araba Nekazarien Elkartea","potentialAction":[{"@type":"SearchAction","target":{"@type":"EntryPoint","urlTemplate":"https:\/\/www.uaga.eus\/?s={search_term_string}"},"query-input":"required name=search_term_string"}],"inLanguage":"eu"},{"@type":"Person","@id":"https:\/\/www.uaga.eus\/#\/schema\/person\/48c3cbf0f33d1b788226dbb6518689cf","name":"Blanca S\u00e1nchez","image":{"@type":"ImageObject","inLanguage":"eu","@id":"https:\/\/www.uaga.eus\/#\/schema\/person\/image\/","url":"https:\/\/secure.gravatar.com\/avatar\/0dc91c20648254b1ce84877283f6751b?s=96&d=mm&r=g","contentUrl":"https:\/\/secure.gravatar.com\/avatar\/0dc91c20648254b1ce84877283f6751b?s=96&d=mm&r=g","caption":"Blanca S\u00e1nchez"},"url":"https:\/\/www.uaga.eus\/eu\/author\/bsanchez\/"}]}},"_links":{"self":[{"href":"https:\/\/www.uaga.eus\/eu\/wp-json\/wp\/v2\/posts\/9608"}],"collection":[{"href":"https:\/\/www.uaga.eus\/eu\/wp-json\/wp\/v2\/posts"}],"about":[{"href":"https:\/\/www.uaga.eus\/eu\/wp-json\/wp\/v2\/types\/post"}],"author":[{"embeddable":true,"href":"https:\/\/www.uaga.eus\/eu\/wp-json\/wp\/v2\/users\/4"}],"replies":[{"embeddable":true,"href":"https:\/\/www.uaga.eus\/eu\/wp-json\/wp\/v2\/comments?post=9608"}],"version-history":[{"count":1,"href":"https:\/\/www.uaga.eus\/eu\/wp-json\/wp\/v2\/posts\/9608\/revisions"}],"predecessor-version":[{"id":9609,"href":"https:\/\/www.uaga.eus\/eu\/wp-json\/wp\/v2\/posts\/9608\/revisions\/9609"}],"wp:featuredmedia":[{"embeddable":true,"href":"https:\/\/www.uaga.eus\/eu\/wp-json\/wp\/v2\/media\/9568"}],"wp:attachment":[{"href":"https:\/\/www.uaga.eus\/eu\/wp-json\/wp\/v2\/media?parent=9608"}],"wp:term":[{"taxonomy":"category","embeddable":true,"href":"https:\/\/www.uaga.eus\/eu\/wp-json\/wp\/v2\/categories?post=9608"},{"taxonomy":"post_tag","embeddable":true,"href":"https:\/\/www.uaga.eus\/eu\/wp-json\/wp\/v2\/tags?post=9608"}],"curies":[{"name":"wp","href":"https:\/\/api.w.org\/{rel}","templated":true}]}}