{"id":9574,"date":"2021-12-17T12:51:39","date_gmt":"2021-12-17T12:51:39","guid":{"rendered":"https:\/\/www.uaga.eus\/?p=9574"},"modified":"2021-12-17T12:51:39","modified_gmt":"2021-12-17T12:51:39","slug":"uaga-participa-en-la-jornada-del-cea-sobre-la-importancia-de-la-planificacion-territorial-en-la-estrategia-agroalimentaria-de-alava","status":"publish","type":"post","link":"https:\/\/www.uaga.eus\/eu\/uaga-participa-en-la-jornada-del-cea-sobre-la-importancia-de-la-planificacion-territorial-en-la-estrategia-agroalimentaria-de-alava\/","title":{"rendered":"UAGA participa en la jornada del CEA sobre la importancia de la planificaci\u00f3n territorial en la Estrategia Agroalimentaria de \u00c1lava"},"content":{"rendered":"<p>UAGA ha participado esta semana\u00a0en la jornada, organizada por el Centro de Estudios Ambientales de Vitoria-Gasteiz (CEA),\u00a0para el debate y reflexi\u00f3n sobre<strong> las posibilidades que permite la planificaci\u00f3n territorial y urban\u00edstica (DOT, PTP, PGOU) como herramienta fundamental de planeamiento para impulsar y fortalecer una agricultura de proximidad en Vitoria-Gasteiz.<\/strong><\/p>\n<p>Actualmente\u00a0se est\u00e1 en el proceso de revisi\u00f3n del Plan General de Ordenaci\u00f3n Urbana\u00a0y ello ofrece una ventana de oportunidad para replantear algunas de las posibilidades que permite el planeamiento territorial para contribuir al arranque de una agricultura de proximidad.<\/p>\n<p>Uno de los objetivos del debate ha sido sobre la necesidad de una regulaci\u00f3n que facilite la instalaci\u00f3n de explotaciones que diversifiquen la producci\u00f3n del municipio (hort\u00edcolas, frutales y ganader\u00eda extensiva) bajo un modelo que favorezca la agrodiversidad local.<\/p>\n<p>Adem\u00e1s, se han tratado asuntos relacionados con una regulaci\u00f3n que ordene los posibles usos y actividades (productivo, educativo, investigaci\u00f3n, l\u00fadico, conservaci\u00f3n de agrobiodiversidad, etc.), las necesidades tangibles (invernaderos, despensas, establos, viviendas, caminos, etc.) y las relaciones adecuadas entre la propiedad, productores y comercializadores de las futuras zonas productivas que tendr\u00e1n la funci\u00f3n territorial prioritaria de suministrar a la ciudad a trav\u00e9s de circuitos cortos.<\/p>\n<p>Las propuestas generadas en esta jornada han sido:<\/p>\n<ul>\n<li>la necesidad de establecer criterios para identificar y delimitar zonas de especial inter\u00e9s para la localizaci\u00f3n de la agricultura de proximidad en Vitoria-Gasteiz<\/li>\n<li>la posibilidad de subcategorizar el suelo conforme a la estrategia agroalimentaria<\/li>\n<li>la posibilidad de incluir tambi\u00e9n en la matriz de usos del PGOU cuestiones espec\u00edficamente agroalimentarias<\/li>\n<li>intentar establecer unos par\u00e1metros urban\u00edsticos y edificatorios adecuados a esta estrategia agroalimentaria de consumo de producto local<\/li>\n<li>identificar otras pol\u00edticas activas que se requieren para fomentar una agricultura de proximidad<\/li>\n<\/ul>\n<p>Alguna de las cuestiones planteadas desde el sector primario, ganaderos y agricultores del municipio de Vitoria-Gasteiz fueron las siguientes:<\/p>\n<ul>\n<li>su malestar con los excesivos tr\u00e1mites burocr\u00e1ticos que existen para llevar a cabo la actividad en el municipio,<\/li>\n<li>la necesidad de conservar y preservar el suelo f\u00e9rtil en todas las zonas de \u00c1lava<\/li>\n<li>la dificultad del acceso a la tierra por parte de nuevos agricultores<\/li>\n<li>los precios tan bajos que se est\u00e1n pagando al productor<\/li>\n<li>la necesidad de crear nuevos canales de comercializaci\u00f3n de producto local y de proximidad en el municipio de Vitoria-Gasteiz<\/li>\n<\/ul>\n<p>+INFO H\u00c9CTOR: 618 670 869<\/p>\n","protected":false},"excerpt":{"rendered":"<p>UAGA ha participado esta semana\u00a0en la jornada, organizada por el Centro de Estudios Ambientales de Vitoria-Gasteiz (CEA),\u00a0para el debate y reflexi\u00f3n sobre las posibilidades que permite la planificaci\u00f3n territorial y urban\u00edstica (DOT, PTP, PGOU) como herramienta fundamental de planeamiento para impulsar y fortalecer una agricultura de proximidad en Vitoria-Gasteiz. Actualmente\u00a0se est\u00e1 en el proceso de [&hellip;]<\/p>\n","protected":false},"author":4,"featured_media":7193,"comment_status":"closed","ping_status":"closed","sticky":false,"template":"","format":"standard","meta":{"footnotes":""},"categories":[7,12,8,11],"tags":[],"yoast_head":"<!-- This site is optimized with the Yoast SEO plugin v21.5 - https:\/\/yoast.com\/wordpress\/plugins\/seo\/ -->\n<title>UAGA participa en la jornada del CEA sobre la importancia de la planificaci\u00f3n territorial en la Estrategia Agroalimentaria de \u00c1lava - UAGA<\/title>\n<meta name=\"robots\" content=\"index, follow, max-snippet:-1, max-image-preview:large, max-video-preview:-1\" \/>\n<link rel=\"canonical\" href=\"https:\/\/www.uaga.eus\/uaga-participa-en-la-jornada-del-cea-sobre-la-importancia-de-la-planificacion-territorial-en-la-estrategia-agroalimentaria-de-alava\/\" \/>\n<meta property=\"og:locale\" content=\"en_US\" \/>\n<meta property=\"og:type\" content=\"article\" \/>\n<meta property=\"og:title\" content=\"UAGA participa en la jornada del CEA sobre la importancia de la planificaci\u00f3n territorial en la Estrategia Agroalimentaria de \u00c1lava - UAGA\" \/>\n<meta property=\"og:description\" content=\"UAGA ha participado esta semana\u00a0en la jornada, organizada por el Centro de Estudios Ambientales de Vitoria-Gasteiz (CEA),\u00a0para el debate y reflexi\u00f3n sobre las posibilidades que permite la planificaci\u00f3n territorial y urban\u00edstica (DOT, PTP, PGOU) como herramienta fundamental de planeamiento para impulsar y fortalecer una agricultura de proximidad en Vitoria-Gasteiz. Actualmente\u00a0se est\u00e1 en el proceso de [&hellip;]\" \/>\n<meta property=\"og:url\" content=\"https:\/\/www.uaga.eus\/uaga-participa-en-la-jornada-del-cea-sobre-la-importancia-de-la-planificacion-territorial-en-la-estrategia-agroalimentaria-de-alava\/\" \/>\n<meta property=\"og:site_name\" content=\"UAGA\" \/>\n<meta property=\"article:published_time\" content=\"2021-12-17T12:51:39+00:00\" \/>\n<meta property=\"og:image\" content=\"https:\/\/www.uaga.eus\/wp-content\/uploads\/2020\/04\/mercado-agrario.jpg\" \/>\n\t<meta property=\"og:image:width\" content=\"650\" \/>\n\t<meta property=\"og:image:height\" content=\"355\" \/>\n\t<meta property=\"og:image:type\" content=\"image\/jpeg\" \/>\n<meta name=\"author\" content=\"Blanca S\u00e1nchez\" \/>\n<meta name=\"twitter:card\" content=\"summary_large_image\" \/>\n<meta name=\"twitter:label1\" content=\"Written by\" \/>\n\t<meta name=\"twitter:data1\" content=\"Blanca S\u00e1nchez\" \/>\n\t<meta name=\"twitter:label2\" content=\"Est. reading time\" \/>\n\t<meta name=\"twitter:data2\" content=\"2 minutua\" \/>\n<script type=\"application\/ld+json\" class=\"yoast-schema-graph\">{\"@context\":\"https:\/\/schema.org\",\"@graph\":[{\"@type\":\"WebPage\",\"@id\":\"https:\/\/www.uaga.eus\/uaga-participa-en-la-jornada-del-cea-sobre-la-importancia-de-la-planificacion-territorial-en-la-estrategia-agroalimentaria-de-alava\/\",\"url\":\"https:\/\/www.uaga.eus\/uaga-participa-en-la-jornada-del-cea-sobre-la-importancia-de-la-planificacion-territorial-en-la-estrategia-agroalimentaria-de-alava\/\",\"name\":\"UAGA participa en la jornada del CEA sobre la importancia de la planificaci\u00f3n territorial en la Estrategia Agroalimentaria de \u00c1lava - UAGA\",\"isPartOf\":{\"@id\":\"https:\/\/www.uaga.eus\/#website\"},\"datePublished\":\"2021-12-17T12:51:39+00:00\",\"dateModified\":\"2021-12-17T12:51:39+00:00\",\"author\":{\"@id\":\"https:\/\/www.uaga.eus\/#\/schema\/person\/48c3cbf0f33d1b788226dbb6518689cf\"},\"breadcrumb\":{\"@id\":\"https:\/\/www.uaga.eus\/uaga-participa-en-la-jornada-del-cea-sobre-la-importancia-de-la-planificacion-territorial-en-la-estrategia-agroalimentaria-de-alava\/#breadcrumb\"},\"inLanguage\":\"eu\",\"potentialAction\":[{\"@type\":\"ReadAction\",\"target\":[\"https:\/\/www.uaga.eus\/uaga-participa-en-la-jornada-del-cea-sobre-la-importancia-de-la-planificacion-territorial-en-la-estrategia-agroalimentaria-de-alava\/\"]}]},{\"@type\":\"BreadcrumbList\",\"@id\":\"https:\/\/www.uaga.eus\/uaga-participa-en-la-jornada-del-cea-sobre-la-importancia-de-la-planificacion-territorial-en-la-estrategia-agroalimentaria-de-alava\/#breadcrumb\",\"itemListElement\":[{\"@type\":\"ListItem\",\"position\":1,\"name\":\"Inicio\",\"item\":\"https:\/\/www.uaga.eus\/\"},{\"@type\":\"ListItem\",\"position\":2,\"name\":\"UAGA participa en la jornada del CEA sobre la importancia de la planificaci\u00f3n territorial en la Estrategia Agroalimentaria de \u00c1lava\"}]},{\"@type\":\"WebSite\",\"@id\":\"https:\/\/www.uaga.eus\/#website\",\"url\":\"https:\/\/www.uaga.eus\/\",\"name\":\"UAGA\",\"description\":\"Uni\u00f3n Agroganadera de \u00c1lava - Araba Nekazarien Elkartea\",\"potentialAction\":[{\"@type\":\"SearchAction\",\"target\":{\"@type\":\"EntryPoint\",\"urlTemplate\":\"https:\/\/www.uaga.eus\/?s={search_term_string}\"},\"query-input\":\"required name=search_term_string\"}],\"inLanguage\":\"eu\"},{\"@type\":\"Person\",\"@id\":\"https:\/\/www.uaga.eus\/#\/schema\/person\/48c3cbf0f33d1b788226dbb6518689cf\",\"name\":\"Blanca S\u00e1nchez\",\"image\":{\"@type\":\"ImageObject\",\"inLanguage\":\"eu\",\"@id\":\"https:\/\/www.uaga.eus\/#\/schema\/person\/image\/\",\"url\":\"https:\/\/secure.gravatar.com\/avatar\/0dc91c20648254b1ce84877283f6751b?s=96&d=mm&r=g\",\"contentUrl\":\"https:\/\/secure.gravatar.com\/avatar\/0dc91c20648254b1ce84877283f6751b?s=96&d=mm&r=g\",\"caption\":\"Blanca S\u00e1nchez\"},\"url\":\"https:\/\/www.uaga.eus\/eu\/author\/bsanchez\/\"}]}<\/script>\n<!-- \/ Yoast SEO plugin. -->","yoast_head_json":{"title":"UAGA participa en la jornada del CEA sobre la importancia de la planificaci\u00f3n territorial en la Estrategia Agroalimentaria de \u00c1lava - UAGA","robots":{"index":"index","follow":"follow","max-snippet":"max-snippet:-1","max-image-preview":"max-image-preview:large","max-video-preview":"max-video-preview:-1"},"canonical":"https:\/\/www.uaga.eus\/uaga-participa-en-la-jornada-del-cea-sobre-la-importancia-de-la-planificacion-territorial-en-la-estrategia-agroalimentaria-de-alava\/","og_locale":"en_US","og_type":"article","og_title":"UAGA participa en la jornada del CEA sobre la importancia de la planificaci\u00f3n territorial en la Estrategia Agroalimentaria de \u00c1lava - UAGA","og_description":"UAGA ha participado esta semana\u00a0en la jornada, organizada por el Centro de Estudios Ambientales de Vitoria-Gasteiz (CEA),\u00a0para el debate y reflexi\u00f3n sobre las posibilidades que permite la planificaci\u00f3n territorial y urban\u00edstica (DOT, PTP, PGOU) como herramienta fundamental de planeamiento para impulsar y fortalecer una agricultura de proximidad en Vitoria-Gasteiz. Actualmente\u00a0se est\u00e1 en el proceso de [&hellip;]","og_url":"https:\/\/www.uaga.eus\/uaga-participa-en-la-jornada-del-cea-sobre-la-importancia-de-la-planificacion-territorial-en-la-estrategia-agroalimentaria-de-alava\/","og_site_name":"UAGA","article_published_time":"2021-12-17T12:51:39+00:00","og_image":[{"width":650,"height":355,"url":"https:\/\/www.uaga.eus\/wp-content\/uploads\/2020\/04\/mercado-agrario.jpg","type":"image\/jpeg"}],"author":"Blanca S\u00e1nchez","twitter_card":"summary_large_image","twitter_misc":{"Written by":"Blanca S\u00e1nchez","Est. reading time":"2 minutua"},"schema":{"@context":"https:\/\/schema.org","@graph":[{"@type":"WebPage","@id":"https:\/\/www.uaga.eus\/uaga-participa-en-la-jornada-del-cea-sobre-la-importancia-de-la-planificacion-territorial-en-la-estrategia-agroalimentaria-de-alava\/","url":"https:\/\/www.uaga.eus\/uaga-participa-en-la-jornada-del-cea-sobre-la-importancia-de-la-planificacion-territorial-en-la-estrategia-agroalimentaria-de-alava\/","name":"UAGA participa en la jornada del CEA sobre la importancia de la planificaci\u00f3n territorial en la Estrategia Agroalimentaria de \u00c1lava - UAGA","isPartOf":{"@id":"https:\/\/www.uaga.eus\/#website"},"datePublished":"2021-12-17T12:51:39+00:00","dateModified":"2021-12-17T12:51:39+00:00","author":{"@id":"https:\/\/www.uaga.eus\/#\/schema\/person\/48c3cbf0f33d1b788226dbb6518689cf"},"breadcrumb":{"@id":"https:\/\/www.uaga.eus\/uaga-participa-en-la-jornada-del-cea-sobre-la-importancia-de-la-planificacion-territorial-en-la-estrategia-agroalimentaria-de-alava\/#breadcrumb"},"inLanguage":"eu","potentialAction":[{"@type":"ReadAction","target":["https:\/\/www.uaga.eus\/uaga-participa-en-la-jornada-del-cea-sobre-la-importancia-de-la-planificacion-territorial-en-la-estrategia-agroalimentaria-de-alava\/"]}]},{"@type":"BreadcrumbList","@id":"https:\/\/www.uaga.eus\/uaga-participa-en-la-jornada-del-cea-sobre-la-importancia-de-la-planificacion-territorial-en-la-estrategia-agroalimentaria-de-alava\/#breadcrumb","itemListElement":[{"@type":"ListItem","position":1,"name":"Inicio","item":"https:\/\/www.uaga.eus\/"},{"@type":"ListItem","position":2,"name":"UAGA participa en la jornada del CEA sobre la importancia de la planificaci\u00f3n territorial en la Estrategia Agroalimentaria de \u00c1lava"}]},{"@type":"WebSite","@id":"https:\/\/www.uaga.eus\/#website","url":"https:\/\/www.uaga.eus\/","name":"UAGA","description":"Uni\u00f3n Agroganadera de \u00c1lava - Araba Nekazarien Elkartea","potentialAction":[{"@type":"SearchAction","target":{"@type":"EntryPoint","urlTemplate":"https:\/\/www.uaga.eus\/?s={search_term_string}"},"query-input":"required name=search_term_string"}],"inLanguage":"eu"},{"@type":"Person","@id":"https:\/\/www.uaga.eus\/#\/schema\/person\/48c3cbf0f33d1b788226dbb6518689cf","name":"Blanca S\u00e1nchez","image":{"@type":"ImageObject","inLanguage":"eu","@id":"https:\/\/www.uaga.eus\/#\/schema\/person\/image\/","url":"https:\/\/secure.gravatar.com\/avatar\/0dc91c20648254b1ce84877283f6751b?s=96&d=mm&r=g","contentUrl":"https:\/\/secure.gravatar.com\/avatar\/0dc91c20648254b1ce84877283f6751b?s=96&d=mm&r=g","caption":"Blanca S\u00e1nchez"},"url":"https:\/\/www.uaga.eus\/eu\/author\/bsanchez\/"}]}},"_links":{"self":[{"href":"https:\/\/www.uaga.eus\/eu\/wp-json\/wp\/v2\/posts\/9574"}],"collection":[{"href":"https:\/\/www.uaga.eus\/eu\/wp-json\/wp\/v2\/posts"}],"about":[{"href":"https:\/\/www.uaga.eus\/eu\/wp-json\/wp\/v2\/types\/post"}],"author":[{"embeddable":true,"href":"https:\/\/www.uaga.eus\/eu\/wp-json\/wp\/v2\/users\/4"}],"replies":[{"embeddable":true,"href":"https:\/\/www.uaga.eus\/eu\/wp-json\/wp\/v2\/comments?post=9574"}],"version-history":[{"count":1,"href":"https:\/\/www.uaga.eus\/eu\/wp-json\/wp\/v2\/posts\/9574\/revisions"}],"predecessor-version":[{"id":9575,"href":"https:\/\/www.uaga.eus\/eu\/wp-json\/wp\/v2\/posts\/9574\/revisions\/9575"}],"wp:featuredmedia":[{"embeddable":true,"href":"https:\/\/www.uaga.eus\/eu\/wp-json\/wp\/v2\/media\/7193"}],"wp:attachment":[{"href":"https:\/\/www.uaga.eus\/eu\/wp-json\/wp\/v2\/media?parent=9574"}],"wp:term":[{"taxonomy":"category","embeddable":true,"href":"https:\/\/www.uaga.eus\/eu\/wp-json\/wp\/v2\/categories?post=9574"},{"taxonomy":"post_tag","embeddable":true,"href":"https:\/\/www.uaga.eus\/eu\/wp-json\/wp\/v2\/tags?post=9574"}],"curies":[{"name":"wp","href":"https:\/\/api.w.org\/{rel}","templated":true}]}}