{"id":9570,"date":"2021-12-17T12:48:37","date_gmt":"2021-12-17T12:48:37","guid":{"rendered":"https:\/\/www.uaga.eus\/?p=9570"},"modified":"2021-12-17T13:00:21","modified_gmt":"2021-12-17T13:00:21","slug":"campana-de-coag-sobre-buenas-practicas-laborales-en-el-sector-agrario","status":"publish","type":"post","link":"https:\/\/www.uaga.eus\/eu\/campana-de-coag-sobre-buenas-practicas-laborales-en-el-sector-agrario\/","title":{"rendered":"Campa\u00f1a de COAG sobre buenas pr\u00e1cticas laborales en el sector agrario"},"content":{"rendered":"<p>COAG, organizaci\u00f3n estatal agraria en la que se integra UAGA, ha presentado esta semana una campa\u00f1a divulgativa de \u00e1mbito estatal para la promoci\u00f3n de buenas pr\u00e1cticas laborales en el sector agrario que pretende llegar a m\u00e1s de 50.000 personas,\u00a0tanto agricultoras cono ganaderas y trabajadoras del campo.<\/p>\n<p>Con el lema <strong><em>Por un empleo agrario de calidad<\/em><\/strong>, la iniciativa pretende hacer llegar la idea de <strong>tolerancia cero con las irregularidades en materia de legislaci\u00f3n laboral\u00a0en el sector<\/strong>, divulgando los beneficios para empresarios y trabajadores de un empleo agrario de calidad.<\/p>\n<p>Se han elaborado m\u00e1s de 5.000 ejemplares en papel de carteles informativos, gu\u00edas formativas y calendarios de campa\u00f1as agrarias\u00a0que puedes descargarte en este <a href=\"http:\/\/www.coag.org\/porunempleoagrariodecalidad\" target=\"_blank\" rel=\"noopener\" data-cke-saved-href=\"http:\/\/www.coag.org\/porunempleoagrariodecalidad\">enlace<\/a>.<\/p>\n<p>Adem\u00e1s, se ha realizado un <a href=\"https:\/\/youtu.be\/o-E-7dyDBJM\">v\u00eddeo <\/a>explicativo que sintetiza de forma did\u00e1ctica aquellos aspectos m\u00e1s relevantes que se deben en cuenta a la hora de llevar a cabo unas buenas pr\u00e1cticas laborales en el sector.<\/p>\n<p>Estas actuaciones se complementar\u00e1n\u00a0con la realizaci\u00f3n de jornadas formativas, que pretenden ser un punto de encuentro entre empleadores, trabajadores y agentes sociales para intercambiar opiniones sobre aquellos temas que m\u00e1s preocupan respecto a la igualdad de trato y la gesti\u00f3n de la diversidad en el \u00e1mbito laboral agrario.<\/p>\n<p>+INFO NURIA: 661 595 811<\/p>\n","protected":false},"excerpt":{"rendered":"<p>COAG, organizaci\u00f3n estatal agraria en la que se integra UAGA, ha presentado esta semana una campa\u00f1a divulgativa de \u00e1mbito estatal para la promoci\u00f3n de buenas pr\u00e1cticas laborales en el sector agrario que pretende llegar a m\u00e1s de 50.000 personas,\u00a0tanto agricultoras cono ganaderas y trabajadoras del campo. Con el lema Por un empleo agrario de calidad, [&hellip;]<\/p>\n","protected":false},"author":4,"featured_media":9565,"comment_status":"closed","ping_status":"closed","sticky":false,"template":"","format":"standard","meta":{"footnotes":""},"categories":[3,9],"tags":[],"yoast_head":"<!-- This site is optimized with the Yoast SEO plugin v21.5 - https:\/\/yoast.com\/wordpress\/plugins\/seo\/ -->\n<title>Campa\u00f1a de COAG sobre buenas pr\u00e1cticas laborales en el sector agrario - UAGA<\/title>\n<meta name=\"robots\" content=\"index, follow, max-snippet:-1, max-image-preview:large, max-video-preview:-1\" \/>\n<link rel=\"canonical\" href=\"https:\/\/www.uaga.eus\/campana-de-coag-sobre-buenas-practicas-laborales-en-el-sector-agrario\/\" \/>\n<meta property=\"og:locale\" content=\"en_US\" \/>\n<meta property=\"og:type\" content=\"article\" \/>\n<meta property=\"og:title\" content=\"Campa\u00f1a de COAG sobre buenas pr\u00e1cticas laborales en el sector agrario - UAGA\" \/>\n<meta property=\"og:description\" content=\"COAG, organizaci\u00f3n estatal agraria en la que se integra UAGA, ha presentado esta semana una campa\u00f1a divulgativa de \u00e1mbito estatal para la promoci\u00f3n de buenas pr\u00e1cticas laborales en el sector agrario que pretende llegar a m\u00e1s de 50.000 personas,\u00a0tanto agricultoras cono ganaderas y trabajadoras del campo. Con el lema Por un empleo agrario de calidad, [&hellip;]\" \/>\n<meta property=\"og:url\" content=\"https:\/\/www.uaga.eus\/campana-de-coag-sobre-buenas-practicas-laborales-en-el-sector-agrario\/\" \/>\n<meta property=\"og:site_name\" content=\"UAGA\" \/>\n<meta property=\"article:published_time\" content=\"2021-12-17T12:48:37+00:00\" \/>\n<meta property=\"article:modified_time\" content=\"2021-12-17T13:00:21+00:00\" \/>\n<meta property=\"og:image\" content=\"https:\/\/www.uaga.eus\/wp-content\/uploads\/2021\/12\/banner-empleo-coag-e1639745301162.jpg\" \/>\n\t<meta property=\"og:image:width\" content=\"700\" \/>\n\t<meta property=\"og:image:height\" content=\"61\" \/>\n\t<meta property=\"og:image:type\" content=\"image\/jpeg\" \/>\n<meta name=\"author\" content=\"Blanca S\u00e1nchez\" \/>\n<meta name=\"twitter:card\" content=\"summary_large_image\" \/>\n<meta name=\"twitter:label1\" content=\"Written by\" \/>\n\t<meta name=\"twitter:data1\" content=\"Blanca S\u00e1nchez\" \/>\n\t<meta name=\"twitter:label2\" content=\"Est. reading time\" \/>\n\t<meta name=\"twitter:data2\" content=\"1 minutua\" \/>\n<script type=\"application\/ld+json\" class=\"yoast-schema-graph\">{\"@context\":\"https:\/\/schema.org\",\"@graph\":[{\"@type\":\"WebPage\",\"@id\":\"https:\/\/www.uaga.eus\/campana-de-coag-sobre-buenas-practicas-laborales-en-el-sector-agrario\/\",\"url\":\"https:\/\/www.uaga.eus\/campana-de-coag-sobre-buenas-practicas-laborales-en-el-sector-agrario\/\",\"name\":\"Campa\u00f1a de COAG sobre buenas pr\u00e1cticas laborales en el sector agrario - UAGA\",\"isPartOf\":{\"@id\":\"https:\/\/www.uaga.eus\/#website\"},\"datePublished\":\"2021-12-17T12:48:37+00:00\",\"dateModified\":\"2021-12-17T13:00:21+00:00\",\"author\":{\"@id\":\"https:\/\/www.uaga.eus\/#\/schema\/person\/48c3cbf0f33d1b788226dbb6518689cf\"},\"breadcrumb\":{\"@id\":\"https:\/\/www.uaga.eus\/campana-de-coag-sobre-buenas-practicas-laborales-en-el-sector-agrario\/#breadcrumb\"},\"inLanguage\":\"eu\",\"potentialAction\":[{\"@type\":\"ReadAction\",\"target\":[\"https:\/\/www.uaga.eus\/campana-de-coag-sobre-buenas-practicas-laborales-en-el-sector-agrario\/\"]}]},{\"@type\":\"BreadcrumbList\",\"@id\":\"https:\/\/www.uaga.eus\/campana-de-coag-sobre-buenas-practicas-laborales-en-el-sector-agrario\/#breadcrumb\",\"itemListElement\":[{\"@type\":\"ListItem\",\"position\":1,\"name\":\"Inicio\",\"item\":\"https:\/\/www.uaga.eus\/\"},{\"@type\":\"ListItem\",\"position\":2,\"name\":\"Campa\u00f1a de COAG sobre buenas pr\u00e1cticas laborales en el sector agrario\"}]},{\"@type\":\"WebSite\",\"@id\":\"https:\/\/www.uaga.eus\/#website\",\"url\":\"https:\/\/www.uaga.eus\/\",\"name\":\"UAGA\",\"description\":\"Uni\u00f3n Agroganadera de \u00c1lava - Araba Nekazarien Elkartea\",\"potentialAction\":[{\"@type\":\"SearchAction\",\"target\":{\"@type\":\"EntryPoint\",\"urlTemplate\":\"https:\/\/www.uaga.eus\/?s={search_term_string}\"},\"query-input\":\"required name=search_term_string\"}],\"inLanguage\":\"eu\"},{\"@type\":\"Person\",\"@id\":\"https:\/\/www.uaga.eus\/#\/schema\/person\/48c3cbf0f33d1b788226dbb6518689cf\",\"name\":\"Blanca S\u00e1nchez\",\"image\":{\"@type\":\"ImageObject\",\"inLanguage\":\"eu\",\"@id\":\"https:\/\/www.uaga.eus\/#\/schema\/person\/image\/\",\"url\":\"https:\/\/secure.gravatar.com\/avatar\/0dc91c20648254b1ce84877283f6751b?s=96&d=mm&r=g\",\"contentUrl\":\"https:\/\/secure.gravatar.com\/avatar\/0dc91c20648254b1ce84877283f6751b?s=96&d=mm&r=g\",\"caption\":\"Blanca S\u00e1nchez\"},\"url\":\"https:\/\/www.uaga.eus\/eu\/author\/bsanchez\/\"}]}<\/script>\n<!-- \/ Yoast SEO plugin. -->","yoast_head_json":{"title":"Campa\u00f1a de COAG sobre buenas pr\u00e1cticas laborales en el sector agrario - UAGA","robots":{"index":"index","follow":"follow","max-snippet":"max-snippet:-1","max-image-preview":"max-image-preview:large","max-video-preview":"max-video-preview:-1"},"canonical":"https:\/\/www.uaga.eus\/campana-de-coag-sobre-buenas-practicas-laborales-en-el-sector-agrario\/","og_locale":"en_US","og_type":"article","og_title":"Campa\u00f1a de COAG sobre buenas pr\u00e1cticas laborales en el sector agrario - UAGA","og_description":"COAG, organizaci\u00f3n estatal agraria en la que se integra UAGA, ha presentado esta semana una campa\u00f1a divulgativa de \u00e1mbito estatal para la promoci\u00f3n de buenas pr\u00e1cticas laborales en el sector agrario que pretende llegar a m\u00e1s de 50.000 personas,\u00a0tanto agricultoras cono ganaderas y trabajadoras del campo. Con el lema Por un empleo agrario de calidad, [&hellip;]","og_url":"https:\/\/www.uaga.eus\/campana-de-coag-sobre-buenas-practicas-laborales-en-el-sector-agrario\/","og_site_name":"UAGA","article_published_time":"2021-12-17T12:48:37+00:00","article_modified_time":"2021-12-17T13:00:21+00:00","og_image":[{"width":700,"height":61,"url":"https:\/\/www.uaga.eus\/wp-content\/uploads\/2021\/12\/banner-empleo-coag-e1639745301162.jpg","type":"image\/jpeg"}],"author":"Blanca S\u00e1nchez","twitter_card":"summary_large_image","twitter_misc":{"Written by":"Blanca S\u00e1nchez","Est. reading time":"1 minutua"},"schema":{"@context":"https:\/\/schema.org","@graph":[{"@type":"WebPage","@id":"https:\/\/www.uaga.eus\/campana-de-coag-sobre-buenas-practicas-laborales-en-el-sector-agrario\/","url":"https:\/\/www.uaga.eus\/campana-de-coag-sobre-buenas-practicas-laborales-en-el-sector-agrario\/","name":"Campa\u00f1a de COAG sobre buenas pr\u00e1cticas laborales en el sector agrario - UAGA","isPartOf":{"@id":"https:\/\/www.uaga.eus\/#website"},"datePublished":"2021-12-17T12:48:37+00:00","dateModified":"2021-12-17T13:00:21+00:00","author":{"@id":"https:\/\/www.uaga.eus\/#\/schema\/person\/48c3cbf0f33d1b788226dbb6518689cf"},"breadcrumb":{"@id":"https:\/\/www.uaga.eus\/campana-de-coag-sobre-buenas-practicas-laborales-en-el-sector-agrario\/#breadcrumb"},"inLanguage":"eu","potentialAction":[{"@type":"ReadAction","target":["https:\/\/www.uaga.eus\/campana-de-coag-sobre-buenas-practicas-laborales-en-el-sector-agrario\/"]}]},{"@type":"BreadcrumbList","@id":"https:\/\/www.uaga.eus\/campana-de-coag-sobre-buenas-practicas-laborales-en-el-sector-agrario\/#breadcrumb","itemListElement":[{"@type":"ListItem","position":1,"name":"Inicio","item":"https:\/\/www.uaga.eus\/"},{"@type":"ListItem","position":2,"name":"Campa\u00f1a de COAG sobre buenas pr\u00e1cticas laborales en el sector agrario"}]},{"@type":"WebSite","@id":"https:\/\/www.uaga.eus\/#website","url":"https:\/\/www.uaga.eus\/","name":"UAGA","description":"Uni\u00f3n Agroganadera de \u00c1lava - Araba Nekazarien Elkartea","potentialAction":[{"@type":"SearchAction","target":{"@type":"EntryPoint","urlTemplate":"https:\/\/www.uaga.eus\/?s={search_term_string}"},"query-input":"required name=search_term_string"}],"inLanguage":"eu"},{"@type":"Person","@id":"https:\/\/www.uaga.eus\/#\/schema\/person\/48c3cbf0f33d1b788226dbb6518689cf","name":"Blanca S\u00e1nchez","image":{"@type":"ImageObject","inLanguage":"eu","@id":"https:\/\/www.uaga.eus\/#\/schema\/person\/image\/","url":"https:\/\/secure.gravatar.com\/avatar\/0dc91c20648254b1ce84877283f6751b?s=96&d=mm&r=g","contentUrl":"https:\/\/secure.gravatar.com\/avatar\/0dc91c20648254b1ce84877283f6751b?s=96&d=mm&r=g","caption":"Blanca S\u00e1nchez"},"url":"https:\/\/www.uaga.eus\/eu\/author\/bsanchez\/"}]}},"_links":{"self":[{"href":"https:\/\/www.uaga.eus\/eu\/wp-json\/wp\/v2\/posts\/9570"}],"collection":[{"href":"https:\/\/www.uaga.eus\/eu\/wp-json\/wp\/v2\/posts"}],"about":[{"href":"https:\/\/www.uaga.eus\/eu\/wp-json\/wp\/v2\/types\/post"}],"author":[{"embeddable":true,"href":"https:\/\/www.uaga.eus\/eu\/wp-json\/wp\/v2\/users\/4"}],"replies":[{"embeddable":true,"href":"https:\/\/www.uaga.eus\/eu\/wp-json\/wp\/v2\/comments?post=9570"}],"version-history":[{"count":2,"href":"https:\/\/www.uaga.eus\/eu\/wp-json\/wp\/v2\/posts\/9570\/revisions"}],"predecessor-version":[{"id":9581,"href":"https:\/\/www.uaga.eus\/eu\/wp-json\/wp\/v2\/posts\/9570\/revisions\/9581"}],"wp:featuredmedia":[{"embeddable":true,"href":"https:\/\/www.uaga.eus\/eu\/wp-json\/wp\/v2\/media\/9565"}],"wp:attachment":[{"href":"https:\/\/www.uaga.eus\/eu\/wp-json\/wp\/v2\/media?parent=9570"}],"wp:term":[{"taxonomy":"category","embeddable":true,"href":"https:\/\/www.uaga.eus\/eu\/wp-json\/wp\/v2\/categories?post=9570"},{"taxonomy":"post_tag","embeddable":true,"href":"https:\/\/www.uaga.eus\/eu\/wp-json\/wp\/v2\/tags?post=9570"}],"curies":[{"name":"wp","href":"https:\/\/api.w.org\/{rel}","templated":true}]}}