{"id":9562,"date":"2021-12-17T12:44:43","date_gmt":"2021-12-17T12:44:43","guid":{"rendered":"https:\/\/www.uaga.eus\/?p=9562"},"modified":"2021-12-17T12:44:43","modified_gmt":"2021-12-17T12:44:43","slug":"21-y-22-de-diciembre-jornadas-teorico-practicas-sobre-alimentacion-en-vacuno-de-leche","status":"publish","type":"post","link":"https:\/\/www.uaga.eus\/eu\/21-y-22-de-diciembre-jornadas-teorico-practicas-sobre-alimentacion-en-vacuno-de-leche\/","title":{"rendered":"21 y\u00a022 de diciembre, jornadas te\u00f3rico-pr\u00e1cticas sobre alimentaci\u00f3n en vacuno de leche"},"content":{"rendered":"<p>Hazi ha organizado para la pr\u00f3xima semana un curso de\u00a0<strong>Alimentaci\u00f3n y an\u00e1lisis de alimentos en vacuno de leche.<\/strong><\/p>\n<p>Se\u00a0trata de dos\u00a0jornadas que constar\u00e1n de una primera parte\u00a0donde se teorizar\u00e1 sobre conceptos referentes a la alimentaci\u00f3n. A\u00a0continuaci\u00f3n se realizar\u00e1n una serie de pr\u00e1cticas en la cuadra, an\u00e1lisis de silos, forrajes, heces, etc.<\/p>\n<p>El curso\u00a0se impartir\u00e1 el 21 y 22 de diciembre, de 9 a 14 h., en Areatza-Etxebarri (Aretxabaleta).<\/p>\n<p>Puedes inscribirte <a href=\"https:\/\/fpe.hazi.eus\/Fpe_prema\/prematriculacion.asp?param=692974710&amp;idioma=0\" target=\"_blank\" rel=\"noopener\" data-cke-saved-href=\"https:\/\/fpe.hazi.eus\/Fpe_prema\/prematriculacion.asp?param=692974710&amp;idioma=0\">aqu\u00ed<\/a>.<\/p>\n","protected":false},"excerpt":{"rendered":"<p>Hazi ha organizado para la pr\u00f3xima semana un curso de\u00a0Alimentaci\u00f3n y an\u00e1lisis de alimentos en vacuno de leche. Se\u00a0trata de dos\u00a0jornadas que constar\u00e1n de una primera parte\u00a0donde se teorizar\u00e1 sobre conceptos referentes a la alimentaci\u00f3n. A\u00a0continuaci\u00f3n se realizar\u00e1n una serie de pr\u00e1cticas en la cuadra, an\u00e1lisis de silos, forrajes, heces, etc. El curso\u00a0se impartir\u00e1 el [&hellip;]<\/p>\n","protected":false},"author":4,"featured_media":7243,"comment_status":"closed","ping_status":"closed","sticky":false,"template":"","format":"standard","meta":{"footnotes":""},"categories":[66,8],"tags":[],"yoast_head":"<!-- This site is optimized with the Yoast SEO plugin v21.5 - https:\/\/yoast.com\/wordpress\/plugins\/seo\/ -->\n<title>21 y\u00a022 de diciembre, jornadas te\u00f3rico-pr\u00e1cticas sobre alimentaci\u00f3n en vacuno de leche - UAGA<\/title>\n<meta name=\"robots\" content=\"index, follow, max-snippet:-1, max-image-preview:large, max-video-preview:-1\" \/>\n<link rel=\"canonical\" href=\"https:\/\/www.uaga.eus\/21-y-22-de-diciembre-jornadas-teorico-practicas-sobre-alimentacion-en-vacuno-de-leche\/\" \/>\n<meta property=\"og:locale\" content=\"en_US\" \/>\n<meta property=\"og:type\" content=\"article\" \/>\n<meta property=\"og:title\" content=\"21 y\u00a022 de diciembre, jornadas te\u00f3rico-pr\u00e1cticas sobre alimentaci\u00f3n en vacuno de leche - UAGA\" \/>\n<meta property=\"og:description\" content=\"Hazi ha organizado para la pr\u00f3xima semana un curso de\u00a0Alimentaci\u00f3n y an\u00e1lisis de alimentos en vacuno de leche. Se\u00a0trata de dos\u00a0jornadas que constar\u00e1n de una primera parte\u00a0donde se teorizar\u00e1 sobre conceptos referentes a la alimentaci\u00f3n. A\u00a0continuaci\u00f3n se realizar\u00e1n una serie de pr\u00e1cticas en la cuadra, an\u00e1lisis de silos, forrajes, heces, etc. El curso\u00a0se impartir\u00e1 el [&hellip;]\" \/>\n<meta property=\"og:url\" content=\"https:\/\/www.uaga.eus\/21-y-22-de-diciembre-jornadas-teorico-practicas-sobre-alimentacion-en-vacuno-de-leche\/\" \/>\n<meta property=\"og:site_name\" content=\"UAGA\" \/>\n<meta property=\"article:published_time\" content=\"2021-12-17T12:44:43+00:00\" \/>\n<meta property=\"og:image\" content=\"https:\/\/www.uaga.eus\/wp-content\/uploads\/2020\/04\/vaca-comiendo-e1587127574472.jpg\" \/>\n\t<meta property=\"og:image:width\" content=\"700\" \/>\n\t<meta property=\"og:image:height\" content=\"390\" \/>\n\t<meta property=\"og:image:type\" content=\"image\/jpeg\" \/>\n<meta name=\"author\" content=\"Blanca S\u00e1nchez\" \/>\n<meta name=\"twitter:card\" content=\"summary_large_image\" \/>\n<meta name=\"twitter:label1\" content=\"Written by\" \/>\n\t<meta name=\"twitter:data1\" content=\"Blanca S\u00e1nchez\" \/>\n<script type=\"application\/ld+json\" class=\"yoast-schema-graph\">{\"@context\":\"https:\/\/schema.org\",\"@graph\":[{\"@type\":\"WebPage\",\"@id\":\"https:\/\/www.uaga.eus\/21-y-22-de-diciembre-jornadas-teorico-practicas-sobre-alimentacion-en-vacuno-de-leche\/\",\"url\":\"https:\/\/www.uaga.eus\/21-y-22-de-diciembre-jornadas-teorico-practicas-sobre-alimentacion-en-vacuno-de-leche\/\",\"name\":\"21 y\u00a022 de diciembre, jornadas te\u00f3rico-pr\u00e1cticas sobre alimentaci\u00f3n en vacuno de leche - UAGA\",\"isPartOf\":{\"@id\":\"https:\/\/www.uaga.eus\/#website\"},\"datePublished\":\"2021-12-17T12:44:43+00:00\",\"dateModified\":\"2021-12-17T12:44:43+00:00\",\"author\":{\"@id\":\"https:\/\/www.uaga.eus\/#\/schema\/person\/48c3cbf0f33d1b788226dbb6518689cf\"},\"breadcrumb\":{\"@id\":\"https:\/\/www.uaga.eus\/21-y-22-de-diciembre-jornadas-teorico-practicas-sobre-alimentacion-en-vacuno-de-leche\/#breadcrumb\"},\"inLanguage\":\"eu\",\"potentialAction\":[{\"@type\":\"ReadAction\",\"target\":[\"https:\/\/www.uaga.eus\/21-y-22-de-diciembre-jornadas-teorico-practicas-sobre-alimentacion-en-vacuno-de-leche\/\"]}]},{\"@type\":\"BreadcrumbList\",\"@id\":\"https:\/\/www.uaga.eus\/21-y-22-de-diciembre-jornadas-teorico-practicas-sobre-alimentacion-en-vacuno-de-leche\/#breadcrumb\",\"itemListElement\":[{\"@type\":\"ListItem\",\"position\":1,\"name\":\"Inicio\",\"item\":\"https:\/\/www.uaga.eus\/\"},{\"@type\":\"ListItem\",\"position\":2,\"name\":\"21 y\u00a022 de diciembre, jornadas te\u00f3rico-pr\u00e1cticas sobre alimentaci\u00f3n en vacuno de leche\"}]},{\"@type\":\"WebSite\",\"@id\":\"https:\/\/www.uaga.eus\/#website\",\"url\":\"https:\/\/www.uaga.eus\/\",\"name\":\"UAGA\",\"description\":\"Uni\u00f3n Agroganadera de \u00c1lava - Araba Nekazarien Elkartea\",\"potentialAction\":[{\"@type\":\"SearchAction\",\"target\":{\"@type\":\"EntryPoint\",\"urlTemplate\":\"https:\/\/www.uaga.eus\/?s={search_term_string}\"},\"query-input\":\"required name=search_term_string\"}],\"inLanguage\":\"eu\"},{\"@type\":\"Person\",\"@id\":\"https:\/\/www.uaga.eus\/#\/schema\/person\/48c3cbf0f33d1b788226dbb6518689cf\",\"name\":\"Blanca S\u00e1nchez\",\"image\":{\"@type\":\"ImageObject\",\"inLanguage\":\"eu\",\"@id\":\"https:\/\/www.uaga.eus\/#\/schema\/person\/image\/\",\"url\":\"https:\/\/secure.gravatar.com\/avatar\/0dc91c20648254b1ce84877283f6751b?s=96&d=mm&r=g\",\"contentUrl\":\"https:\/\/secure.gravatar.com\/avatar\/0dc91c20648254b1ce84877283f6751b?s=96&d=mm&r=g\",\"caption\":\"Blanca S\u00e1nchez\"},\"url\":\"https:\/\/www.uaga.eus\/eu\/author\/bsanchez\/\"}]}<\/script>\n<!-- \/ Yoast SEO plugin. -->","yoast_head_json":{"title":"21 y\u00a022 de diciembre, jornadas te\u00f3rico-pr\u00e1cticas sobre alimentaci\u00f3n en vacuno de leche - UAGA","robots":{"index":"index","follow":"follow","max-snippet":"max-snippet:-1","max-image-preview":"max-image-preview:large","max-video-preview":"max-video-preview:-1"},"canonical":"https:\/\/www.uaga.eus\/21-y-22-de-diciembre-jornadas-teorico-practicas-sobre-alimentacion-en-vacuno-de-leche\/","og_locale":"en_US","og_type":"article","og_title":"21 y\u00a022 de diciembre, jornadas te\u00f3rico-pr\u00e1cticas sobre alimentaci\u00f3n en vacuno de leche - UAGA","og_description":"Hazi ha organizado para la pr\u00f3xima semana un curso de\u00a0Alimentaci\u00f3n y an\u00e1lisis de alimentos en vacuno de leche. Se\u00a0trata de dos\u00a0jornadas que constar\u00e1n de una primera parte\u00a0donde se teorizar\u00e1 sobre conceptos referentes a la alimentaci\u00f3n. A\u00a0continuaci\u00f3n se realizar\u00e1n una serie de pr\u00e1cticas en la cuadra, an\u00e1lisis de silos, forrajes, heces, etc. El curso\u00a0se impartir\u00e1 el [&hellip;]","og_url":"https:\/\/www.uaga.eus\/21-y-22-de-diciembre-jornadas-teorico-practicas-sobre-alimentacion-en-vacuno-de-leche\/","og_site_name":"UAGA","article_published_time":"2021-12-17T12:44:43+00:00","og_image":[{"width":700,"height":390,"url":"https:\/\/www.uaga.eus\/wp-content\/uploads\/2020\/04\/vaca-comiendo-e1587127574472.jpg","type":"image\/jpeg"}],"author":"Blanca S\u00e1nchez","twitter_card":"summary_large_image","twitter_misc":{"Written by":"Blanca S\u00e1nchez"},"schema":{"@context":"https:\/\/schema.org","@graph":[{"@type":"WebPage","@id":"https:\/\/www.uaga.eus\/21-y-22-de-diciembre-jornadas-teorico-practicas-sobre-alimentacion-en-vacuno-de-leche\/","url":"https:\/\/www.uaga.eus\/21-y-22-de-diciembre-jornadas-teorico-practicas-sobre-alimentacion-en-vacuno-de-leche\/","name":"21 y\u00a022 de diciembre, jornadas te\u00f3rico-pr\u00e1cticas sobre alimentaci\u00f3n en vacuno de leche - UAGA","isPartOf":{"@id":"https:\/\/www.uaga.eus\/#website"},"datePublished":"2021-12-17T12:44:43+00:00","dateModified":"2021-12-17T12:44:43+00:00","author":{"@id":"https:\/\/www.uaga.eus\/#\/schema\/person\/48c3cbf0f33d1b788226dbb6518689cf"},"breadcrumb":{"@id":"https:\/\/www.uaga.eus\/21-y-22-de-diciembre-jornadas-teorico-practicas-sobre-alimentacion-en-vacuno-de-leche\/#breadcrumb"},"inLanguage":"eu","potentialAction":[{"@type":"ReadAction","target":["https:\/\/www.uaga.eus\/21-y-22-de-diciembre-jornadas-teorico-practicas-sobre-alimentacion-en-vacuno-de-leche\/"]}]},{"@type":"BreadcrumbList","@id":"https:\/\/www.uaga.eus\/21-y-22-de-diciembre-jornadas-teorico-practicas-sobre-alimentacion-en-vacuno-de-leche\/#breadcrumb","itemListElement":[{"@type":"ListItem","position":1,"name":"Inicio","item":"https:\/\/www.uaga.eus\/"},{"@type":"ListItem","position":2,"name":"21 y\u00a022 de diciembre, jornadas te\u00f3rico-pr\u00e1cticas sobre alimentaci\u00f3n en vacuno de leche"}]},{"@type":"WebSite","@id":"https:\/\/www.uaga.eus\/#website","url":"https:\/\/www.uaga.eus\/","name":"UAGA","description":"Uni\u00f3n Agroganadera de \u00c1lava - Araba Nekazarien Elkartea","potentialAction":[{"@type":"SearchAction","target":{"@type":"EntryPoint","urlTemplate":"https:\/\/www.uaga.eus\/?s={search_term_string}"},"query-input":"required name=search_term_string"}],"inLanguage":"eu"},{"@type":"Person","@id":"https:\/\/www.uaga.eus\/#\/schema\/person\/48c3cbf0f33d1b788226dbb6518689cf","name":"Blanca S\u00e1nchez","image":{"@type":"ImageObject","inLanguage":"eu","@id":"https:\/\/www.uaga.eus\/#\/schema\/person\/image\/","url":"https:\/\/secure.gravatar.com\/avatar\/0dc91c20648254b1ce84877283f6751b?s=96&d=mm&r=g","contentUrl":"https:\/\/secure.gravatar.com\/avatar\/0dc91c20648254b1ce84877283f6751b?s=96&d=mm&r=g","caption":"Blanca S\u00e1nchez"},"url":"https:\/\/www.uaga.eus\/eu\/author\/bsanchez\/"}]}},"_links":{"self":[{"href":"https:\/\/www.uaga.eus\/eu\/wp-json\/wp\/v2\/posts\/9562"}],"collection":[{"href":"https:\/\/www.uaga.eus\/eu\/wp-json\/wp\/v2\/posts"}],"about":[{"href":"https:\/\/www.uaga.eus\/eu\/wp-json\/wp\/v2\/types\/post"}],"author":[{"embeddable":true,"href":"https:\/\/www.uaga.eus\/eu\/wp-json\/wp\/v2\/users\/4"}],"replies":[{"embeddable":true,"href":"https:\/\/www.uaga.eus\/eu\/wp-json\/wp\/v2\/comments?post=9562"}],"version-history":[{"count":1,"href":"https:\/\/www.uaga.eus\/eu\/wp-json\/wp\/v2\/posts\/9562\/revisions"}],"predecessor-version":[{"id":9563,"href":"https:\/\/www.uaga.eus\/eu\/wp-json\/wp\/v2\/posts\/9562\/revisions\/9563"}],"wp:featuredmedia":[{"embeddable":true,"href":"https:\/\/www.uaga.eus\/eu\/wp-json\/wp\/v2\/media\/7243"}],"wp:attachment":[{"href":"https:\/\/www.uaga.eus\/eu\/wp-json\/wp\/v2\/media?parent=9562"}],"wp:term":[{"taxonomy":"category","embeddable":true,"href":"https:\/\/www.uaga.eus\/eu\/wp-json\/wp\/v2\/categories?post=9562"},{"taxonomy":"post_tag","embeddable":true,"href":"https:\/\/www.uaga.eus\/eu\/wp-json\/wp\/v2\/tags?post=9562"}],"curies":[{"name":"wp","href":"https:\/\/api.w.org\/{rel}","templated":true}]}}