{"id":9534,"date":"2021-12-03T12:55:46","date_gmt":"2021-12-03T12:55:46","guid":{"rendered":"https:\/\/www.uaga.eus\/?p=9534"},"modified":"2021-12-14T09:04:25","modified_gmt":"2021-12-14T09:04:25","slug":"coag-exige-al-ministerio-de-agricultura-tomar-medidas-ante-la-grave-situacion-del-sector-de-vacuno-de-leche","status":"publish","type":"post","link":"https:\/\/www.uaga.eus\/eu\/coag-exige-al-ministerio-de-agricultura-tomar-medidas-ante-la-grave-situacion-del-sector-de-vacuno-de-leche\/","title":{"rendered":"COAG exige al Ministerio de Agricultura tomar medidas ante la grave situaci\u00f3n del sector de vacuno de leche\u00a0"},"content":{"rendered":"<p>COAG, organizaci\u00f3n estatal en la que se integra UAGA, ha transmitido al Ministerio de Agricultura la necesidad de actuaciones para revertir la mala situaci\u00f3n del sector vacuno de leche.<\/p>\n<p>Actualmente los costes de producci\u00f3n superan los 40 c\u00e9ntimos por litro, muy por encima del precio medio de venta, que como ejemplo en octubre ha sido de 35,3 c\u00e9ntimos por litro.<\/p>\n<p>COAG plantea diferentes medidas que podr\u00edan ayudar a cambiar esta situaci\u00f3n como:<\/p>\n<ul>\n<li>realizar inspecciones para observar el cumplimiento de la ley de la Cadena Alimentaria,<\/li>\n<li>agilizar la tramitaci\u00f3n de denuncias,<\/li>\n<li>actualizar el estudio de la cadena de valor de la leche, con la implicaci\u00f3n de las Comunidades Aut\u00f3nomas, o<\/li>\n<li>activar la figura de mediador contemplada en la Ley para facilitar la negociaci\u00f3n del precio entre productores e industria<\/li>\n<\/ul>\n<p>Puedes consultar <a href=\"https:\/\/mcusercontent.com\/498b950ccfc4b8d0e600d7e48\/files\/91830c60-49e6-9570-b6f1-1495f1b7a39e\/211126_COAG_Reuni\u00f3n_sector_l\u00e1cteo_con_MInisterio.pdf\" target=\"_blank\" rel=\"noopener\" data-cke-saved-href=\"https:\/\/mcusercontent.com\/498b950ccfc4b8d0e600d7e48\/files\/91830c60-49e6-9570-b6f1-1495f1b7a39e\/211126_COAG_Reuni\u00f3n_sector_l\u00e1cteo_con_MInisterio.pdf\">aqu\u00ed<\/a> la nota de prensa de COAG.<\/p>\n<p>+INFO\u00a0GUSTAVO: 635 704 865<\/p>\n","protected":false},"excerpt":{"rendered":"<p>COAG, organizaci\u00f3n estatal en la que se integra UAGA, ha transmitido al Ministerio de Agricultura la necesidad de actuaciones para revertir la mala situaci\u00f3n del sector vacuno de leche. Actualmente los costes de producci\u00f3n superan los 40 c\u00e9ntimos por litro, muy por encima del precio medio de venta, que como ejemplo en octubre ha sido [&hellip;]<\/p>\n","protected":false},"author":4,"featured_media":1991,"comment_status":"closed","ping_status":"closed","sticky":false,"template":"","format":"standard","meta":{"footnotes":""},"categories":[8],"tags":[],"yoast_head":"<!-- This site is optimized with the Yoast SEO plugin v21.5 - https:\/\/yoast.com\/wordpress\/plugins\/seo\/ -->\n<title>COAG exige al Ministerio de Agricultura tomar medidas ante la grave situaci\u00f3n del sector de vacuno de leche\u00a0 - UAGA<\/title>\n<meta name=\"robots\" content=\"index, follow, max-snippet:-1, max-image-preview:large, max-video-preview:-1\" \/>\n<link rel=\"canonical\" href=\"https:\/\/www.uaga.eus\/coag-exige-al-ministerio-de-agricultura-tomar-medidas-ante-la-grave-situacion-del-sector-de-vacuno-de-leche\/\" \/>\n<meta property=\"og:locale\" content=\"en_US\" \/>\n<meta property=\"og:type\" content=\"article\" \/>\n<meta property=\"og:title\" content=\"COAG exige al Ministerio de Agricultura tomar medidas ante la grave situaci\u00f3n del sector de vacuno de leche\u00a0 - UAGA\" \/>\n<meta property=\"og:description\" content=\"COAG, organizaci\u00f3n estatal en la que se integra UAGA, ha transmitido al Ministerio de Agricultura la necesidad de actuaciones para revertir la mala situaci\u00f3n del sector vacuno de leche. Actualmente los costes de producci\u00f3n superan los 40 c\u00e9ntimos por litro, muy por encima del precio medio de venta, que como ejemplo en octubre ha sido [&hellip;]\" \/>\n<meta property=\"og:url\" content=\"https:\/\/www.uaga.eus\/coag-exige-al-ministerio-de-agricultura-tomar-medidas-ante-la-grave-situacion-del-sector-de-vacuno-de-leche\/\" \/>\n<meta property=\"og:site_name\" content=\"UAGA\" \/>\n<meta property=\"article:published_time\" content=\"2021-12-03T12:55:46+00:00\" \/>\n<meta property=\"article:modified_time\" content=\"2021-12-14T09:04:25+00:00\" \/>\n<meta property=\"og:image\" content=\"https:\/\/www.uaga.eus\/wp-content\/uploads\/2018\/03\/vaca-comiendo-paja.jpg\" \/>\n\t<meta property=\"og:image:width\" content=\"700\" \/>\n\t<meta property=\"og:image:height\" content=\"401\" \/>\n\t<meta property=\"og:image:type\" content=\"image\/jpeg\" \/>\n<meta name=\"author\" content=\"Blanca S\u00e1nchez\" \/>\n<meta name=\"twitter:card\" content=\"summary_large_image\" \/>\n<meta name=\"twitter:label1\" content=\"Written by\" \/>\n\t<meta name=\"twitter:data1\" content=\"Blanca S\u00e1nchez\" \/>\n\t<meta name=\"twitter:label2\" content=\"Est. reading time\" \/>\n\t<meta name=\"twitter:data2\" content=\"1 minutua\" \/>\n<script type=\"application\/ld+json\" class=\"yoast-schema-graph\">{\"@context\":\"https:\/\/schema.org\",\"@graph\":[{\"@type\":\"WebPage\",\"@id\":\"https:\/\/www.uaga.eus\/coag-exige-al-ministerio-de-agricultura-tomar-medidas-ante-la-grave-situacion-del-sector-de-vacuno-de-leche\/\",\"url\":\"https:\/\/www.uaga.eus\/coag-exige-al-ministerio-de-agricultura-tomar-medidas-ante-la-grave-situacion-del-sector-de-vacuno-de-leche\/\",\"name\":\"COAG exige al Ministerio de Agricultura tomar medidas ante la grave situaci\u00f3n del sector de vacuno de leche\u00a0 - UAGA\",\"isPartOf\":{\"@id\":\"https:\/\/www.uaga.eus\/#website\"},\"datePublished\":\"2021-12-03T12:55:46+00:00\",\"dateModified\":\"2021-12-14T09:04:25+00:00\",\"author\":{\"@id\":\"https:\/\/www.uaga.eus\/#\/schema\/person\/48c3cbf0f33d1b788226dbb6518689cf\"},\"breadcrumb\":{\"@id\":\"https:\/\/www.uaga.eus\/coag-exige-al-ministerio-de-agricultura-tomar-medidas-ante-la-grave-situacion-del-sector-de-vacuno-de-leche\/#breadcrumb\"},\"inLanguage\":\"eu\",\"potentialAction\":[{\"@type\":\"ReadAction\",\"target\":[\"https:\/\/www.uaga.eus\/coag-exige-al-ministerio-de-agricultura-tomar-medidas-ante-la-grave-situacion-del-sector-de-vacuno-de-leche\/\"]}]},{\"@type\":\"BreadcrumbList\",\"@id\":\"https:\/\/www.uaga.eus\/coag-exige-al-ministerio-de-agricultura-tomar-medidas-ante-la-grave-situacion-del-sector-de-vacuno-de-leche\/#breadcrumb\",\"itemListElement\":[{\"@type\":\"ListItem\",\"position\":1,\"name\":\"Inicio\",\"item\":\"https:\/\/www.uaga.eus\/\"},{\"@type\":\"ListItem\",\"position\":2,\"name\":\"COAG exige al Ministerio de Agricultura tomar medidas ante la grave situaci\u00f3n del sector de vacuno de leche\u00a0\"}]},{\"@type\":\"WebSite\",\"@id\":\"https:\/\/www.uaga.eus\/#website\",\"url\":\"https:\/\/www.uaga.eus\/\",\"name\":\"UAGA\",\"description\":\"Uni\u00f3n Agroganadera de \u00c1lava - Araba Nekazarien Elkartea\",\"potentialAction\":[{\"@type\":\"SearchAction\",\"target\":{\"@type\":\"EntryPoint\",\"urlTemplate\":\"https:\/\/www.uaga.eus\/?s={search_term_string}\"},\"query-input\":\"required name=search_term_string\"}],\"inLanguage\":\"eu\"},{\"@type\":\"Person\",\"@id\":\"https:\/\/www.uaga.eus\/#\/schema\/person\/48c3cbf0f33d1b788226dbb6518689cf\",\"name\":\"Blanca S\u00e1nchez\",\"image\":{\"@type\":\"ImageObject\",\"inLanguage\":\"eu\",\"@id\":\"https:\/\/www.uaga.eus\/#\/schema\/person\/image\/\",\"url\":\"https:\/\/secure.gravatar.com\/avatar\/0dc91c20648254b1ce84877283f6751b?s=96&d=mm&r=g\",\"contentUrl\":\"https:\/\/secure.gravatar.com\/avatar\/0dc91c20648254b1ce84877283f6751b?s=96&d=mm&r=g\",\"caption\":\"Blanca S\u00e1nchez\"},\"url\":\"https:\/\/www.uaga.eus\/eu\/author\/bsanchez\/\"}]}<\/script>\n<!-- \/ Yoast SEO plugin. -->","yoast_head_json":{"title":"COAG exige al Ministerio de Agricultura tomar medidas ante la grave situaci\u00f3n del sector de vacuno de leche\u00a0 - UAGA","robots":{"index":"index","follow":"follow","max-snippet":"max-snippet:-1","max-image-preview":"max-image-preview:large","max-video-preview":"max-video-preview:-1"},"canonical":"https:\/\/www.uaga.eus\/coag-exige-al-ministerio-de-agricultura-tomar-medidas-ante-la-grave-situacion-del-sector-de-vacuno-de-leche\/","og_locale":"en_US","og_type":"article","og_title":"COAG exige al Ministerio de Agricultura tomar medidas ante la grave situaci\u00f3n del sector de vacuno de leche\u00a0 - UAGA","og_description":"COAG, organizaci\u00f3n estatal en la que se integra UAGA, ha transmitido al Ministerio de Agricultura la necesidad de actuaciones para revertir la mala situaci\u00f3n del sector vacuno de leche. Actualmente los costes de producci\u00f3n superan los 40 c\u00e9ntimos por litro, muy por encima del precio medio de venta, que como ejemplo en octubre ha sido [&hellip;]","og_url":"https:\/\/www.uaga.eus\/coag-exige-al-ministerio-de-agricultura-tomar-medidas-ante-la-grave-situacion-del-sector-de-vacuno-de-leche\/","og_site_name":"UAGA","article_published_time":"2021-12-03T12:55:46+00:00","article_modified_time":"2021-12-14T09:04:25+00:00","og_image":[{"width":700,"height":401,"url":"https:\/\/www.uaga.eus\/wp-content\/uploads\/2018\/03\/vaca-comiendo-paja.jpg","type":"image\/jpeg"}],"author":"Blanca S\u00e1nchez","twitter_card":"summary_large_image","twitter_misc":{"Written by":"Blanca S\u00e1nchez","Est. reading time":"1 minutua"},"schema":{"@context":"https:\/\/schema.org","@graph":[{"@type":"WebPage","@id":"https:\/\/www.uaga.eus\/coag-exige-al-ministerio-de-agricultura-tomar-medidas-ante-la-grave-situacion-del-sector-de-vacuno-de-leche\/","url":"https:\/\/www.uaga.eus\/coag-exige-al-ministerio-de-agricultura-tomar-medidas-ante-la-grave-situacion-del-sector-de-vacuno-de-leche\/","name":"COAG exige al Ministerio de Agricultura tomar medidas ante la grave situaci\u00f3n del sector de vacuno de leche\u00a0 - UAGA","isPartOf":{"@id":"https:\/\/www.uaga.eus\/#website"},"datePublished":"2021-12-03T12:55:46+00:00","dateModified":"2021-12-14T09:04:25+00:00","author":{"@id":"https:\/\/www.uaga.eus\/#\/schema\/person\/48c3cbf0f33d1b788226dbb6518689cf"},"breadcrumb":{"@id":"https:\/\/www.uaga.eus\/coag-exige-al-ministerio-de-agricultura-tomar-medidas-ante-la-grave-situacion-del-sector-de-vacuno-de-leche\/#breadcrumb"},"inLanguage":"eu","potentialAction":[{"@type":"ReadAction","target":["https:\/\/www.uaga.eus\/coag-exige-al-ministerio-de-agricultura-tomar-medidas-ante-la-grave-situacion-del-sector-de-vacuno-de-leche\/"]}]},{"@type":"BreadcrumbList","@id":"https:\/\/www.uaga.eus\/coag-exige-al-ministerio-de-agricultura-tomar-medidas-ante-la-grave-situacion-del-sector-de-vacuno-de-leche\/#breadcrumb","itemListElement":[{"@type":"ListItem","position":1,"name":"Inicio","item":"https:\/\/www.uaga.eus\/"},{"@type":"ListItem","position":2,"name":"COAG exige al Ministerio de Agricultura tomar medidas ante la grave situaci\u00f3n del sector de vacuno de leche\u00a0"}]},{"@type":"WebSite","@id":"https:\/\/www.uaga.eus\/#website","url":"https:\/\/www.uaga.eus\/","name":"UAGA","description":"Uni\u00f3n Agroganadera de \u00c1lava - Araba Nekazarien Elkartea","potentialAction":[{"@type":"SearchAction","target":{"@type":"EntryPoint","urlTemplate":"https:\/\/www.uaga.eus\/?s={search_term_string}"},"query-input":"required name=search_term_string"}],"inLanguage":"eu"},{"@type":"Person","@id":"https:\/\/www.uaga.eus\/#\/schema\/person\/48c3cbf0f33d1b788226dbb6518689cf","name":"Blanca S\u00e1nchez","image":{"@type":"ImageObject","inLanguage":"eu","@id":"https:\/\/www.uaga.eus\/#\/schema\/person\/image\/","url":"https:\/\/secure.gravatar.com\/avatar\/0dc91c20648254b1ce84877283f6751b?s=96&d=mm&r=g","contentUrl":"https:\/\/secure.gravatar.com\/avatar\/0dc91c20648254b1ce84877283f6751b?s=96&d=mm&r=g","caption":"Blanca S\u00e1nchez"},"url":"https:\/\/www.uaga.eus\/eu\/author\/bsanchez\/"}]}},"_links":{"self":[{"href":"https:\/\/www.uaga.eus\/eu\/wp-json\/wp\/v2\/posts\/9534"}],"collection":[{"href":"https:\/\/www.uaga.eus\/eu\/wp-json\/wp\/v2\/posts"}],"about":[{"href":"https:\/\/www.uaga.eus\/eu\/wp-json\/wp\/v2\/types\/post"}],"author":[{"embeddable":true,"href":"https:\/\/www.uaga.eus\/eu\/wp-json\/wp\/v2\/users\/4"}],"replies":[{"embeddable":true,"href":"https:\/\/www.uaga.eus\/eu\/wp-json\/wp\/v2\/comments?post=9534"}],"version-history":[{"count":1,"href":"https:\/\/www.uaga.eus\/eu\/wp-json\/wp\/v2\/posts\/9534\/revisions"}],"predecessor-version":[{"id":9535,"href":"https:\/\/www.uaga.eus\/eu\/wp-json\/wp\/v2\/posts\/9534\/revisions\/9535"}],"wp:featuredmedia":[{"embeddable":true,"href":"https:\/\/www.uaga.eus\/eu\/wp-json\/wp\/v2\/media\/1991"}],"wp:attachment":[{"href":"https:\/\/www.uaga.eus\/eu\/wp-json\/wp\/v2\/media?parent=9534"}],"wp:term":[{"taxonomy":"category","embeddable":true,"href":"https:\/\/www.uaga.eus\/eu\/wp-json\/wp\/v2\/categories?post=9534"},{"taxonomy":"post_tag","embeddable":true,"href":"https:\/\/www.uaga.eus\/eu\/wp-json\/wp\/v2\/tags?post=9534"}],"curies":[{"name":"wp","href":"https:\/\/api.w.org\/{rel}","templated":true}]}}