{"id":9503,"date":"2021-11-26T11:59:54","date_gmt":"2021-11-26T11:59:54","guid":{"rendered":"https:\/\/www.uaga.eus\/?p=9503"},"modified":"2021-11-26T12:00:37","modified_gmt":"2021-11-26T12:00:37","slug":"uaga-apoya-las-reivindicaciones-del-dia-internacional-contra-la-violencia-de-genero","status":"publish","type":"post","link":"https:\/\/www.uaga.eus\/eu\/uaga-apoya-las-reivindicaciones-del-dia-internacional-contra-la-violencia-de-genero\/","title":{"rendered":"UAGA apoya las reivindicaciones del D\u00eda Internacional contra la violencia de g\u00e9nero"},"content":{"rendered":"<p>UAGA se suma a las reivindicaciones del D\u00eda Internacional contra la Violencia de G\u00e9nero que se ha celebrado esta semana.<\/p>\n<p>Como han destacado COAG y la Confederaci\u00f3n de Mujeres del Mundo Rural (CERES),\u00a0hay aspectos de la vida en el medio rural\u00a0que pueden ser un factor a\u00f1adido de peligro de violencia hacia las mujeres, como el aislamiento geogr\u00e1fico, la falta de servicios o la normalizaci\u00f3n de algunas situaciones discriminatorias hacia las mujeres en el \u00e1mbito rural, que son caldo de cultivo para la violencia machista.<\/p>\n<p>Debemos poner el foco en la necesidad de que la sociedad en su conjunto y todas las administraciones p\u00fablicas tomen en serio el problema actual de violencia hacia las mujeres.<\/p>\n<p>Puedes consultar el comunicado de COAG <a href=\"http:\/\/coag.chil.me\/post\/coag-y-ceres-apuntan-al-factor-rural-como-un-motivo-mas-de-peligro-para-las-muje-370113\" target=\"_blank\" rel=\"noopener\" data-cke-saved-href=\"http:\/\/coag.chil.me\/post\/coag-y-ceres-apuntan-al-factor-rural-como-un-motivo-mas-de-peligro-para-las-muje-370113\">aqu\u00ed<\/a>.<\/p>\n","protected":false},"excerpt":{"rendered":"<p>UAGA se suma a las reivindicaciones del D\u00eda Internacional contra la Violencia de G\u00e9nero que se ha celebrado esta semana. Como han destacado COAG y la Confederaci\u00f3n de Mujeres del Mundo Rural (CERES),\u00a0hay aspectos de la vida en el medio rural\u00a0que pueden ser un factor a\u00f1adido de peligro de violencia hacia las mujeres, como el [&hellip;]<\/p>\n","protected":false},"author":4,"featured_media":9504,"comment_status":"closed","ping_status":"closed","sticky":false,"template":"","format":"standard","meta":{"footnotes":""},"categories":[3],"tags":[],"yoast_head":"<!-- This site is optimized with the Yoast SEO plugin v21.5 - https:\/\/yoast.com\/wordpress\/plugins\/seo\/ -->\n<title>UAGA apoya las reivindicaciones del D\u00eda Internacional contra la violencia de g\u00e9nero - UAGA<\/title>\n<meta name=\"robots\" content=\"index, follow, max-snippet:-1, max-image-preview:large, max-video-preview:-1\" \/>\n<link rel=\"canonical\" href=\"https:\/\/www.uaga.eus\/eu\/uaga-apoya-las-reivindicaciones-del-dia-internacional-contra-la-violencia-de-genero\/\" \/>\n<meta property=\"og:locale\" content=\"en_US\" \/>\n<meta property=\"og:type\" content=\"article\" \/>\n<meta property=\"og:title\" content=\"UAGA apoya las reivindicaciones del D\u00eda Internacional contra la violencia de g\u00e9nero - UAGA\" \/>\n<meta property=\"og:description\" content=\"UAGA se suma a las reivindicaciones del D\u00eda Internacional contra la Violencia de G\u00e9nero que se ha celebrado esta semana. Como han destacado COAG y la Confederaci\u00f3n de Mujeres del Mundo Rural (CERES),\u00a0hay aspectos de la vida en el medio rural\u00a0que pueden ser un factor a\u00f1adido de peligro de violencia hacia las mujeres, como el [&hellip;]\" \/>\n<meta property=\"og:url\" content=\"https:\/\/www.uaga.eus\/eu\/uaga-apoya-las-reivindicaciones-del-dia-internacional-contra-la-violencia-de-genero\/\" \/>\n<meta property=\"og:site_name\" content=\"UAGA\" \/>\n<meta property=\"article:published_time\" content=\"2021-11-26T11:59:54+00:00\" \/>\n<meta property=\"article:modified_time\" content=\"2021-11-26T12:00:37+00:00\" \/>\n<meta property=\"og:image\" content=\"https:\/\/www.uaga.eus\/wp-content\/uploads\/2021\/11\/25N-e1637927954199.jpg\" \/>\n\t<meta property=\"og:image:width\" content=\"700\" \/>\n\t<meta property=\"og:image:height\" content=\"233\" \/>\n\t<meta property=\"og:image:type\" content=\"image\/jpeg\" \/>\n<meta name=\"author\" content=\"Blanca S\u00e1nchez\" \/>\n<meta name=\"twitter:card\" content=\"summary_large_image\" \/>\n<meta name=\"twitter:label1\" content=\"Written by\" \/>\n\t<meta name=\"twitter:data1\" content=\"Blanca S\u00e1nchez\" \/>\n\t<meta name=\"twitter:label2\" content=\"Est. reading time\" \/>\n\t<meta name=\"twitter:data2\" content=\"1 minutua\" \/>\n<script type=\"application\/ld+json\" class=\"yoast-schema-graph\">{\"@context\":\"https:\/\/schema.org\",\"@graph\":[{\"@type\":\"WebPage\",\"@id\":\"https:\/\/www.uaga.eus\/eu\/uaga-apoya-las-reivindicaciones-del-dia-internacional-contra-la-violencia-de-genero\/\",\"url\":\"https:\/\/www.uaga.eus\/eu\/uaga-apoya-las-reivindicaciones-del-dia-internacional-contra-la-violencia-de-genero\/\",\"name\":\"UAGA apoya las reivindicaciones del D\u00eda Internacional contra la violencia de g\u00e9nero - UAGA\",\"isPartOf\":{\"@id\":\"https:\/\/www.uaga.eus\/#website\"},\"datePublished\":\"2021-11-26T11:59:54+00:00\",\"dateModified\":\"2021-11-26T12:00:37+00:00\",\"author\":{\"@id\":\"https:\/\/www.uaga.eus\/#\/schema\/person\/48c3cbf0f33d1b788226dbb6518689cf\"},\"breadcrumb\":{\"@id\":\"https:\/\/www.uaga.eus\/eu\/uaga-apoya-las-reivindicaciones-del-dia-internacional-contra-la-violencia-de-genero\/#breadcrumb\"},\"inLanguage\":\"eu\",\"potentialAction\":[{\"@type\":\"ReadAction\",\"target\":[\"https:\/\/www.uaga.eus\/eu\/uaga-apoya-las-reivindicaciones-del-dia-internacional-contra-la-violencia-de-genero\/\"]}]},{\"@type\":\"BreadcrumbList\",\"@id\":\"https:\/\/www.uaga.eus\/eu\/uaga-apoya-las-reivindicaciones-del-dia-internacional-contra-la-violencia-de-genero\/#breadcrumb\",\"itemListElement\":[{\"@type\":\"ListItem\",\"position\":1,\"name\":\"Inicio\",\"item\":\"https:\/\/www.uaga.eus\/\"},{\"@type\":\"ListItem\",\"position\":2,\"name\":\"UAGA apoya las reivindicaciones del D\u00eda Internacional contra la violencia de g\u00e9nero\"}]},{\"@type\":\"WebSite\",\"@id\":\"https:\/\/www.uaga.eus\/#website\",\"url\":\"https:\/\/www.uaga.eus\/\",\"name\":\"UAGA\",\"description\":\"Uni\u00f3n Agroganadera de \u00c1lava - Araba Nekazarien Elkartea\",\"potentialAction\":[{\"@type\":\"SearchAction\",\"target\":{\"@type\":\"EntryPoint\",\"urlTemplate\":\"https:\/\/www.uaga.eus\/?s={search_term_string}\"},\"query-input\":\"required name=search_term_string\"}],\"inLanguage\":\"eu\"},{\"@type\":\"Person\",\"@id\":\"https:\/\/www.uaga.eus\/#\/schema\/person\/48c3cbf0f33d1b788226dbb6518689cf\",\"name\":\"Blanca S\u00e1nchez\",\"image\":{\"@type\":\"ImageObject\",\"inLanguage\":\"eu\",\"@id\":\"https:\/\/www.uaga.eus\/#\/schema\/person\/image\/\",\"url\":\"https:\/\/secure.gravatar.com\/avatar\/0dc91c20648254b1ce84877283f6751b?s=96&d=mm&r=g\",\"contentUrl\":\"https:\/\/secure.gravatar.com\/avatar\/0dc91c20648254b1ce84877283f6751b?s=96&d=mm&r=g\",\"caption\":\"Blanca S\u00e1nchez\"},\"url\":\"https:\/\/www.uaga.eus\/eu\/author\/bsanchez\/\"}]}<\/script>\n<!-- \/ Yoast SEO plugin. -->","yoast_head_json":{"title":"UAGA apoya las reivindicaciones del D\u00eda Internacional contra la violencia de g\u00e9nero - UAGA","robots":{"index":"index","follow":"follow","max-snippet":"max-snippet:-1","max-image-preview":"max-image-preview:large","max-video-preview":"max-video-preview:-1"},"canonical":"https:\/\/www.uaga.eus\/eu\/uaga-apoya-las-reivindicaciones-del-dia-internacional-contra-la-violencia-de-genero\/","og_locale":"en_US","og_type":"article","og_title":"UAGA apoya las reivindicaciones del D\u00eda Internacional contra la violencia de g\u00e9nero - UAGA","og_description":"UAGA se suma a las reivindicaciones del D\u00eda Internacional contra la Violencia de G\u00e9nero que se ha celebrado esta semana. Como han destacado COAG y la Confederaci\u00f3n de Mujeres del Mundo Rural (CERES),\u00a0hay aspectos de la vida en el medio rural\u00a0que pueden ser un factor a\u00f1adido de peligro de violencia hacia las mujeres, como el [&hellip;]","og_url":"https:\/\/www.uaga.eus\/eu\/uaga-apoya-las-reivindicaciones-del-dia-internacional-contra-la-violencia-de-genero\/","og_site_name":"UAGA","article_published_time":"2021-11-26T11:59:54+00:00","article_modified_time":"2021-11-26T12:00:37+00:00","og_image":[{"width":700,"height":233,"url":"https:\/\/www.uaga.eus\/wp-content\/uploads\/2021\/11\/25N-e1637927954199.jpg","type":"image\/jpeg"}],"author":"Blanca S\u00e1nchez","twitter_card":"summary_large_image","twitter_misc":{"Written by":"Blanca S\u00e1nchez","Est. reading time":"1 minutua"},"schema":{"@context":"https:\/\/schema.org","@graph":[{"@type":"WebPage","@id":"https:\/\/www.uaga.eus\/eu\/uaga-apoya-las-reivindicaciones-del-dia-internacional-contra-la-violencia-de-genero\/","url":"https:\/\/www.uaga.eus\/eu\/uaga-apoya-las-reivindicaciones-del-dia-internacional-contra-la-violencia-de-genero\/","name":"UAGA apoya las reivindicaciones del D\u00eda Internacional contra la violencia de g\u00e9nero - UAGA","isPartOf":{"@id":"https:\/\/www.uaga.eus\/#website"},"datePublished":"2021-11-26T11:59:54+00:00","dateModified":"2021-11-26T12:00:37+00:00","author":{"@id":"https:\/\/www.uaga.eus\/#\/schema\/person\/48c3cbf0f33d1b788226dbb6518689cf"},"breadcrumb":{"@id":"https:\/\/www.uaga.eus\/eu\/uaga-apoya-las-reivindicaciones-del-dia-internacional-contra-la-violencia-de-genero\/#breadcrumb"},"inLanguage":"eu","potentialAction":[{"@type":"ReadAction","target":["https:\/\/www.uaga.eus\/eu\/uaga-apoya-las-reivindicaciones-del-dia-internacional-contra-la-violencia-de-genero\/"]}]},{"@type":"BreadcrumbList","@id":"https:\/\/www.uaga.eus\/eu\/uaga-apoya-las-reivindicaciones-del-dia-internacional-contra-la-violencia-de-genero\/#breadcrumb","itemListElement":[{"@type":"ListItem","position":1,"name":"Inicio","item":"https:\/\/www.uaga.eus\/"},{"@type":"ListItem","position":2,"name":"UAGA apoya las reivindicaciones del D\u00eda Internacional contra la violencia de g\u00e9nero"}]},{"@type":"WebSite","@id":"https:\/\/www.uaga.eus\/#website","url":"https:\/\/www.uaga.eus\/","name":"UAGA","description":"Uni\u00f3n Agroganadera de \u00c1lava - Araba Nekazarien Elkartea","potentialAction":[{"@type":"SearchAction","target":{"@type":"EntryPoint","urlTemplate":"https:\/\/www.uaga.eus\/?s={search_term_string}"},"query-input":"required name=search_term_string"}],"inLanguage":"eu"},{"@type":"Person","@id":"https:\/\/www.uaga.eus\/#\/schema\/person\/48c3cbf0f33d1b788226dbb6518689cf","name":"Blanca S\u00e1nchez","image":{"@type":"ImageObject","inLanguage":"eu","@id":"https:\/\/www.uaga.eus\/#\/schema\/person\/image\/","url":"https:\/\/secure.gravatar.com\/avatar\/0dc91c20648254b1ce84877283f6751b?s=96&d=mm&r=g","contentUrl":"https:\/\/secure.gravatar.com\/avatar\/0dc91c20648254b1ce84877283f6751b?s=96&d=mm&r=g","caption":"Blanca S\u00e1nchez"},"url":"https:\/\/www.uaga.eus\/eu\/author\/bsanchez\/"}]}},"_links":{"self":[{"href":"https:\/\/www.uaga.eus\/eu\/wp-json\/wp\/v2\/posts\/9503"}],"collection":[{"href":"https:\/\/www.uaga.eus\/eu\/wp-json\/wp\/v2\/posts"}],"about":[{"href":"https:\/\/www.uaga.eus\/eu\/wp-json\/wp\/v2\/types\/post"}],"author":[{"embeddable":true,"href":"https:\/\/www.uaga.eus\/eu\/wp-json\/wp\/v2\/users\/4"}],"replies":[{"embeddable":true,"href":"https:\/\/www.uaga.eus\/eu\/wp-json\/wp\/v2\/comments?post=9503"}],"version-history":[{"count":2,"href":"https:\/\/www.uaga.eus\/eu\/wp-json\/wp\/v2\/posts\/9503\/revisions"}],"predecessor-version":[{"id":9506,"href":"https:\/\/www.uaga.eus\/eu\/wp-json\/wp\/v2\/posts\/9503\/revisions\/9506"}],"wp:featuredmedia":[{"embeddable":true,"href":"https:\/\/www.uaga.eus\/eu\/wp-json\/wp\/v2\/media\/9504"}],"wp:attachment":[{"href":"https:\/\/www.uaga.eus\/eu\/wp-json\/wp\/v2\/media?parent=9503"}],"wp:term":[{"taxonomy":"category","embeddable":true,"href":"https:\/\/www.uaga.eus\/eu\/wp-json\/wp\/v2\/categories?post=9503"},{"taxonomy":"post_tag","embeddable":true,"href":"https:\/\/www.uaga.eus\/eu\/wp-json\/wp\/v2\/tags?post=9503"}],"curies":[{"name":"wp","href":"https:\/\/api.w.org\/{rel}","templated":true}]}}