{"id":9499,"date":"2021-11-26T11:57:35","date_gmt":"2021-11-26T11:57:35","guid":{"rendered":"https:\/\/www.uaga.eus\/?p=9499"},"modified":"2021-12-14T09:06:53","modified_gmt":"2021-12-14T09:06:53","slug":"la-comida-no-se-tira-campana-de-sensibilizacion-frente-al-despilfarro-alimentario","status":"publish","type":"post","link":"https:\/\/www.uaga.eus\/eu\/la-comida-no-se-tira-campana-de-sensibilizacion-frente-al-despilfarro-alimentario\/","title":{"rendered":"&#8220;La comida no se tira&#8221;, campa\u00f1a de sensibilizaci\u00f3n frente al despilfarro alimentario"},"content":{"rendered":"<p>La <strong>plataforma Euskadi contra el Despilfarro de Alimentos<\/strong>, de la que forma parte UAGA, y que ha sido impulsada por el Gobierno Vasco, en concreto por ELIKA (Fundaci\u00f3n Vasca para la Seguridad Agroalimentaria), va a llevar a cabo una campa\u00f1a de sensibilizaci\u00f3n durante las pr\u00f3ximas semanas con el lema &#8220;la comida no se tira&#8221;.<\/p>\n<p>El prop\u00f3sito se centra en concienciar a la sociedad sobre esta problem\u00e1tica y ofrecer soluciones o recomendaciones sencillas para que todas las personas ayudemos en la reducci\u00f3n del despilfarro de alimentos, con la mirada puesta en el objetivo de reducir a la mitad el desperdicio de alimentos de aqu\u00ed a 2030.<\/p>\n<p>Puedes consultar toda la informaci\u00f3n en <a title=\"https:\/\/zerodespilfarro.elika.eus\/es\/\" href=\"https:\/\/zerodespilfarro.elika.eus\/es\/\" data-cke-saved-href=\"https:\/\/zerodespilfarro.elika.eus\/es\/\">zerodespilfarro.eus<\/a>.<\/p>\n<p>&nbsp;<\/p>\n","protected":false},"excerpt":{"rendered":"<p>La plataforma Euskadi contra el Despilfarro de Alimentos, de la que forma parte UAGA, y que ha sido impulsada por el Gobierno Vasco, en concreto por ELIKA (Fundaci\u00f3n Vasca para la Seguridad Agroalimentaria), va a llevar a cabo una campa\u00f1a de sensibilizaci\u00f3n durante las pr\u00f3ximas semanas con el lema &#8220;la comida no se tira&#8221;. El [&hellip;]<\/p>\n","protected":false},"author":4,"featured_media":9500,"comment_status":"closed","ping_status":"closed","sticky":false,"template":"","format":"standard","meta":{"footnotes":""},"categories":[4],"tags":[],"yoast_head":"<!-- This site is optimized with the Yoast SEO plugin v21.5 - https:\/\/yoast.com\/wordpress\/plugins\/seo\/ -->\n<title>&quot;La comida no se tira&quot;, campa\u00f1a de sensibilizaci\u00f3n frente al despilfarro alimentario - UAGA<\/title>\n<meta name=\"robots\" content=\"index, follow, max-snippet:-1, max-image-preview:large, max-video-preview:-1\" \/>\n<link rel=\"canonical\" href=\"https:\/\/www.uaga.eus\/la-comida-no-se-tira-campana-de-sensibilizacion-frente-al-despilfarro-alimentario\/\" \/>\n<meta property=\"og:locale\" content=\"en_US\" \/>\n<meta property=\"og:type\" content=\"article\" \/>\n<meta property=\"og:title\" content=\"&quot;La comida no se tira&quot;, campa\u00f1a de sensibilizaci\u00f3n frente al despilfarro alimentario - UAGA\" \/>\n<meta property=\"og:description\" content=\"La plataforma Euskadi contra el Despilfarro de Alimentos, de la que forma parte UAGA, y que ha sido impulsada por el Gobierno Vasco, en concreto por ELIKA (Fundaci\u00f3n Vasca para la Seguridad Agroalimentaria), va a llevar a cabo una campa\u00f1a de sensibilizaci\u00f3n durante las pr\u00f3ximas semanas con el lema &#8220;la comida no se tira&#8221;. El [&hellip;]\" \/>\n<meta property=\"og:url\" content=\"https:\/\/www.uaga.eus\/la-comida-no-se-tira-campana-de-sensibilizacion-frente-al-despilfarro-alimentario\/\" \/>\n<meta property=\"og:site_name\" content=\"UAGA\" \/>\n<meta property=\"article:published_time\" content=\"2021-11-26T11:57:35+00:00\" \/>\n<meta property=\"article:modified_time\" content=\"2021-12-14T09:06:53+00:00\" \/>\n<meta property=\"og:image\" content=\"https:\/\/www.uaga.eus\/wp-content\/uploads\/2021\/11\/PRUEBA-1-DESPILFARRO-e1637927794261.png\" \/>\n\t<meta property=\"og:image:width\" content=\"650\" \/>\n\t<meta property=\"og:image:height\" content=\"333\" \/>\n\t<meta property=\"og:image:type\" content=\"image\/png\" \/>\n<meta name=\"author\" content=\"Blanca S\u00e1nchez\" \/>\n<meta name=\"twitter:card\" content=\"summary_large_image\" \/>\n<meta name=\"twitter:label1\" content=\"Written by\" \/>\n\t<meta name=\"twitter:data1\" content=\"Blanca S\u00e1nchez\" \/>\n\t<meta name=\"twitter:label2\" content=\"Est. reading time\" \/>\n\t<meta name=\"twitter:data2\" content=\"1 minutua\" \/>\n<script type=\"application\/ld+json\" class=\"yoast-schema-graph\">{\"@context\":\"https:\/\/schema.org\",\"@graph\":[{\"@type\":\"WebPage\",\"@id\":\"https:\/\/www.uaga.eus\/la-comida-no-se-tira-campana-de-sensibilizacion-frente-al-despilfarro-alimentario\/\",\"url\":\"https:\/\/www.uaga.eus\/la-comida-no-se-tira-campana-de-sensibilizacion-frente-al-despilfarro-alimentario\/\",\"name\":\"\\\"La comida no se tira\\\", campa\u00f1a de sensibilizaci\u00f3n frente al despilfarro alimentario - UAGA\",\"isPartOf\":{\"@id\":\"https:\/\/www.uaga.eus\/#website\"},\"datePublished\":\"2021-11-26T11:57:35+00:00\",\"dateModified\":\"2021-12-14T09:06:53+00:00\",\"author\":{\"@id\":\"https:\/\/www.uaga.eus\/#\/schema\/person\/48c3cbf0f33d1b788226dbb6518689cf\"},\"breadcrumb\":{\"@id\":\"https:\/\/www.uaga.eus\/la-comida-no-se-tira-campana-de-sensibilizacion-frente-al-despilfarro-alimentario\/#breadcrumb\"},\"inLanguage\":\"eu\",\"potentialAction\":[{\"@type\":\"ReadAction\",\"target\":[\"https:\/\/www.uaga.eus\/la-comida-no-se-tira-campana-de-sensibilizacion-frente-al-despilfarro-alimentario\/\"]}]},{\"@type\":\"BreadcrumbList\",\"@id\":\"https:\/\/www.uaga.eus\/la-comida-no-se-tira-campana-de-sensibilizacion-frente-al-despilfarro-alimentario\/#breadcrumb\",\"itemListElement\":[{\"@type\":\"ListItem\",\"position\":1,\"name\":\"Inicio\",\"item\":\"https:\/\/www.uaga.eus\/\"},{\"@type\":\"ListItem\",\"position\":2,\"name\":\"\u00abLa comida no se tira\u00bb, campa\u00f1a de sensibilizaci\u00f3n frente al despilfarro alimentario\"}]},{\"@type\":\"WebSite\",\"@id\":\"https:\/\/www.uaga.eus\/#website\",\"url\":\"https:\/\/www.uaga.eus\/\",\"name\":\"UAGA\",\"description\":\"Uni\u00f3n Agroganadera de \u00c1lava - Araba Nekazarien Elkartea\",\"potentialAction\":[{\"@type\":\"SearchAction\",\"target\":{\"@type\":\"EntryPoint\",\"urlTemplate\":\"https:\/\/www.uaga.eus\/?s={search_term_string}\"},\"query-input\":\"required name=search_term_string\"}],\"inLanguage\":\"eu\"},{\"@type\":\"Person\",\"@id\":\"https:\/\/www.uaga.eus\/#\/schema\/person\/48c3cbf0f33d1b788226dbb6518689cf\",\"name\":\"Blanca S\u00e1nchez\",\"image\":{\"@type\":\"ImageObject\",\"inLanguage\":\"eu\",\"@id\":\"https:\/\/www.uaga.eus\/#\/schema\/person\/image\/\",\"url\":\"https:\/\/secure.gravatar.com\/avatar\/0dc91c20648254b1ce84877283f6751b?s=96&d=mm&r=g\",\"contentUrl\":\"https:\/\/secure.gravatar.com\/avatar\/0dc91c20648254b1ce84877283f6751b?s=96&d=mm&r=g\",\"caption\":\"Blanca S\u00e1nchez\"},\"url\":\"https:\/\/www.uaga.eus\/eu\/author\/bsanchez\/\"}]}<\/script>\n<!-- \/ Yoast SEO plugin. -->","yoast_head_json":{"title":"\"La comida no se tira\", campa\u00f1a de sensibilizaci\u00f3n frente al despilfarro alimentario - UAGA","robots":{"index":"index","follow":"follow","max-snippet":"max-snippet:-1","max-image-preview":"max-image-preview:large","max-video-preview":"max-video-preview:-1"},"canonical":"https:\/\/www.uaga.eus\/la-comida-no-se-tira-campana-de-sensibilizacion-frente-al-despilfarro-alimentario\/","og_locale":"en_US","og_type":"article","og_title":"\"La comida no se tira\", campa\u00f1a de sensibilizaci\u00f3n frente al despilfarro alimentario - UAGA","og_description":"La plataforma Euskadi contra el Despilfarro de Alimentos, de la que forma parte UAGA, y que ha sido impulsada por el Gobierno Vasco, en concreto por ELIKA (Fundaci\u00f3n Vasca para la Seguridad Agroalimentaria), va a llevar a cabo una campa\u00f1a de sensibilizaci\u00f3n durante las pr\u00f3ximas semanas con el lema &#8220;la comida no se tira&#8221;. El [&hellip;]","og_url":"https:\/\/www.uaga.eus\/la-comida-no-se-tira-campana-de-sensibilizacion-frente-al-despilfarro-alimentario\/","og_site_name":"UAGA","article_published_time":"2021-11-26T11:57:35+00:00","article_modified_time":"2021-12-14T09:06:53+00:00","og_image":[{"width":650,"height":333,"url":"https:\/\/www.uaga.eus\/wp-content\/uploads\/2021\/11\/PRUEBA-1-DESPILFARRO-e1637927794261.png","type":"image\/png"}],"author":"Blanca S\u00e1nchez","twitter_card":"summary_large_image","twitter_misc":{"Written by":"Blanca S\u00e1nchez","Est. reading time":"1 minutua"},"schema":{"@context":"https:\/\/schema.org","@graph":[{"@type":"WebPage","@id":"https:\/\/www.uaga.eus\/la-comida-no-se-tira-campana-de-sensibilizacion-frente-al-despilfarro-alimentario\/","url":"https:\/\/www.uaga.eus\/la-comida-no-se-tira-campana-de-sensibilizacion-frente-al-despilfarro-alimentario\/","name":"\"La comida no se tira\", campa\u00f1a de sensibilizaci\u00f3n frente al despilfarro alimentario - UAGA","isPartOf":{"@id":"https:\/\/www.uaga.eus\/#website"},"datePublished":"2021-11-26T11:57:35+00:00","dateModified":"2021-12-14T09:06:53+00:00","author":{"@id":"https:\/\/www.uaga.eus\/#\/schema\/person\/48c3cbf0f33d1b788226dbb6518689cf"},"breadcrumb":{"@id":"https:\/\/www.uaga.eus\/la-comida-no-se-tira-campana-de-sensibilizacion-frente-al-despilfarro-alimentario\/#breadcrumb"},"inLanguage":"eu","potentialAction":[{"@type":"ReadAction","target":["https:\/\/www.uaga.eus\/la-comida-no-se-tira-campana-de-sensibilizacion-frente-al-despilfarro-alimentario\/"]}]},{"@type":"BreadcrumbList","@id":"https:\/\/www.uaga.eus\/la-comida-no-se-tira-campana-de-sensibilizacion-frente-al-despilfarro-alimentario\/#breadcrumb","itemListElement":[{"@type":"ListItem","position":1,"name":"Inicio","item":"https:\/\/www.uaga.eus\/"},{"@type":"ListItem","position":2,"name":"\u00abLa comida no se tira\u00bb, campa\u00f1a de sensibilizaci\u00f3n frente al despilfarro alimentario"}]},{"@type":"WebSite","@id":"https:\/\/www.uaga.eus\/#website","url":"https:\/\/www.uaga.eus\/","name":"UAGA","description":"Uni\u00f3n Agroganadera de \u00c1lava - Araba Nekazarien Elkartea","potentialAction":[{"@type":"SearchAction","target":{"@type":"EntryPoint","urlTemplate":"https:\/\/www.uaga.eus\/?s={search_term_string}"},"query-input":"required name=search_term_string"}],"inLanguage":"eu"},{"@type":"Person","@id":"https:\/\/www.uaga.eus\/#\/schema\/person\/48c3cbf0f33d1b788226dbb6518689cf","name":"Blanca S\u00e1nchez","image":{"@type":"ImageObject","inLanguage":"eu","@id":"https:\/\/www.uaga.eus\/#\/schema\/person\/image\/","url":"https:\/\/secure.gravatar.com\/avatar\/0dc91c20648254b1ce84877283f6751b?s=96&d=mm&r=g","contentUrl":"https:\/\/secure.gravatar.com\/avatar\/0dc91c20648254b1ce84877283f6751b?s=96&d=mm&r=g","caption":"Blanca S\u00e1nchez"},"url":"https:\/\/www.uaga.eus\/eu\/author\/bsanchez\/"}]}},"_links":{"self":[{"href":"https:\/\/www.uaga.eus\/eu\/wp-json\/wp\/v2\/posts\/9499"}],"collection":[{"href":"https:\/\/www.uaga.eus\/eu\/wp-json\/wp\/v2\/posts"}],"about":[{"href":"https:\/\/www.uaga.eus\/eu\/wp-json\/wp\/v2\/types\/post"}],"author":[{"embeddable":true,"href":"https:\/\/www.uaga.eus\/eu\/wp-json\/wp\/v2\/users\/4"}],"replies":[{"embeddable":true,"href":"https:\/\/www.uaga.eus\/eu\/wp-json\/wp\/v2\/comments?post=9499"}],"version-history":[{"count":2,"href":"https:\/\/www.uaga.eus\/eu\/wp-json\/wp\/v2\/posts\/9499\/revisions"}],"predecessor-version":[{"id":9502,"href":"https:\/\/www.uaga.eus\/eu\/wp-json\/wp\/v2\/posts\/9499\/revisions\/9502"}],"wp:featuredmedia":[{"embeddable":true,"href":"https:\/\/www.uaga.eus\/eu\/wp-json\/wp\/v2\/media\/9500"}],"wp:attachment":[{"href":"https:\/\/www.uaga.eus\/eu\/wp-json\/wp\/v2\/media?parent=9499"}],"wp:term":[{"taxonomy":"category","embeddable":true,"href":"https:\/\/www.uaga.eus\/eu\/wp-json\/wp\/v2\/categories?post=9499"},{"taxonomy":"post_tag","embeddable":true,"href":"https:\/\/www.uaga.eus\/eu\/wp-json\/wp\/v2\/tags?post=9499"}],"curies":[{"name":"wp","href":"https:\/\/api.w.org\/{rel}","templated":true}]}}