{"id":9488,"date":"2021-11-19T13:10:24","date_gmt":"2021-11-19T13:10:24","guid":{"rendered":"https:\/\/www.uaga.eus\/?p=9488"},"modified":"2021-11-19T13:13:51","modified_gmt":"2021-11-19T13:13:51","slug":"finaliza-la-campana-de-patata-en-alava-con-un-gran-aumento-de-produccion","status":"publish","type":"post","link":"https:\/\/www.uaga.eus\/eu\/finaliza-la-campana-de-patata-en-alava-con-un-gran-aumento-de-produccion\/","title":{"rendered":"Finaliza la campa\u00f1a de patata en \u00c1lava con un gran aumento de producci\u00f3n"},"content":{"rendered":"<p>La campa\u00f1a de patata en \u00c1lava este a\u00f1o ha finalizado con muy buenos resultados y, aunque todav\u00eda no hay datos oficiales, se estima que se han sembrado cerca de 1.400 hect\u00e1reas.<\/p>\n<p>UDAPA ha calificado la campa\u00f1a de extraordinaria ya que ha logrado aumentar su cosecha un 26% m\u00e1s que la media de los \u00faltimos tres a\u00f1os.<\/p>\n<p>La climatolog\u00eda ha ayudado a que las personas productoras de patata hayan podido realizar todas las labores del cultivo en buenas condiciones, desde el momento de la siembra. Destacan las templadas temperaturas del verano que han ayudado a un desarrollo \u00f3ptimo de la patata, obteni\u00e9ndose una cosecha de mayor calibre y m\u00e1s cantidad.<\/p>\n<p>La campa\u00f1a de recogida ha sufrido un problema de escasez de mano de obra que, aunque no es nuevo, este a\u00f1o se ha generalizado.<\/p>\n<p>Este a\u00f1o, el Programa de Temporerismo de UAGA ha atendido a 16 explotaciones agrarias, contratando a 64 personas temporeras.<\/p>\n<p>+INFO\u00a0NURIA: 661 595 811\u00a0\/\u00a0H\u00c9CTOR: 618 670 869<\/p>\n","protected":false},"excerpt":{"rendered":"<p>La campa\u00f1a de patata en \u00c1lava este a\u00f1o ha finalizado con muy buenos resultados y, aunque todav\u00eda no hay datos oficiales, se estima que se han sembrado cerca de 1.400 hect\u00e1reas. UDAPA ha calificado la campa\u00f1a de extraordinaria ya que ha logrado aumentar su cosecha un 26% m\u00e1s que la media de los \u00faltimos tres [&hellip;]<\/p>\n","protected":false},"author":4,"featured_media":7368,"comment_status":"closed","ping_status":"closed","sticky":false,"template":"","format":"standard","meta":{"footnotes":""},"categories":[7,9],"tags":[],"yoast_head":"<!-- This site is optimized with the Yoast SEO plugin v21.5 - https:\/\/yoast.com\/wordpress\/plugins\/seo\/ -->\n<title>Finaliza la campa\u00f1a de patata en \u00c1lava con un gran aumento de producci\u00f3n - UAGA<\/title>\n<meta name=\"robots\" content=\"index, follow, max-snippet:-1, max-image-preview:large, max-video-preview:-1\" \/>\n<link rel=\"canonical\" href=\"https:\/\/www.uaga.eus\/finaliza-la-campana-de-patata-en-alava-con-un-gran-aumento-de-produccion\/\" \/>\n<meta property=\"og:locale\" content=\"en_US\" \/>\n<meta property=\"og:type\" content=\"article\" \/>\n<meta property=\"og:title\" content=\"Finaliza la campa\u00f1a de patata en \u00c1lava con un gran aumento de producci\u00f3n - UAGA\" \/>\n<meta property=\"og:description\" content=\"La campa\u00f1a de patata en \u00c1lava este a\u00f1o ha finalizado con muy buenos resultados y, aunque todav\u00eda no hay datos oficiales, se estima que se han sembrado cerca de 1.400 hect\u00e1reas. UDAPA ha calificado la campa\u00f1a de extraordinaria ya que ha logrado aumentar su cosecha un 26% m\u00e1s que la media de los \u00faltimos tres [&hellip;]\" \/>\n<meta property=\"og:url\" content=\"https:\/\/www.uaga.eus\/finaliza-la-campana-de-patata-en-alava-con-un-gran-aumento-de-produccion\/\" \/>\n<meta property=\"og:site_name\" content=\"UAGA\" \/>\n<meta property=\"article:published_time\" content=\"2021-11-19T13:10:24+00:00\" \/>\n<meta property=\"article:modified_time\" content=\"2021-11-19T13:13:51+00:00\" \/>\n<meta property=\"og:image\" content=\"https:\/\/www.uaga.eus\/wp-content\/uploads\/2020\/05\/monta\u00f1a-de-patatas.jpg\" \/>\n\t<meta property=\"og:image:width\" content=\"650\" \/>\n\t<meta property=\"og:image:height\" content=\"354\" \/>\n\t<meta property=\"og:image:type\" content=\"image\/jpeg\" \/>\n<meta name=\"author\" content=\"Blanca S\u00e1nchez\" \/>\n<meta name=\"twitter:card\" content=\"summary_large_image\" \/>\n<meta name=\"twitter:label1\" content=\"Written by\" \/>\n\t<meta name=\"twitter:data1\" content=\"Blanca S\u00e1nchez\" \/>\n\t<meta name=\"twitter:label2\" content=\"Est. reading time\" \/>\n\t<meta name=\"twitter:data2\" content=\"1 minutua\" \/>\n<script type=\"application\/ld+json\" class=\"yoast-schema-graph\">{\"@context\":\"https:\/\/schema.org\",\"@graph\":[{\"@type\":\"WebPage\",\"@id\":\"https:\/\/www.uaga.eus\/finaliza-la-campana-de-patata-en-alava-con-un-gran-aumento-de-produccion\/\",\"url\":\"https:\/\/www.uaga.eus\/finaliza-la-campana-de-patata-en-alava-con-un-gran-aumento-de-produccion\/\",\"name\":\"Finaliza la campa\u00f1a de patata en \u00c1lava con un gran aumento de producci\u00f3n - UAGA\",\"isPartOf\":{\"@id\":\"https:\/\/www.uaga.eus\/#website\"},\"datePublished\":\"2021-11-19T13:10:24+00:00\",\"dateModified\":\"2021-11-19T13:13:51+00:00\",\"author\":{\"@id\":\"https:\/\/www.uaga.eus\/#\/schema\/person\/48c3cbf0f33d1b788226dbb6518689cf\"},\"breadcrumb\":{\"@id\":\"https:\/\/www.uaga.eus\/finaliza-la-campana-de-patata-en-alava-con-un-gran-aumento-de-produccion\/#breadcrumb\"},\"inLanguage\":\"eu\",\"potentialAction\":[{\"@type\":\"ReadAction\",\"target\":[\"https:\/\/www.uaga.eus\/finaliza-la-campana-de-patata-en-alava-con-un-gran-aumento-de-produccion\/\"]}]},{\"@type\":\"BreadcrumbList\",\"@id\":\"https:\/\/www.uaga.eus\/finaliza-la-campana-de-patata-en-alava-con-un-gran-aumento-de-produccion\/#breadcrumb\",\"itemListElement\":[{\"@type\":\"ListItem\",\"position\":1,\"name\":\"Inicio\",\"item\":\"https:\/\/www.uaga.eus\/\"},{\"@type\":\"ListItem\",\"position\":2,\"name\":\"Finaliza la campa\u00f1a de patata en \u00c1lava con un gran aumento de producci\u00f3n\"}]},{\"@type\":\"WebSite\",\"@id\":\"https:\/\/www.uaga.eus\/#website\",\"url\":\"https:\/\/www.uaga.eus\/\",\"name\":\"UAGA\",\"description\":\"Uni\u00f3n Agroganadera de \u00c1lava - Araba Nekazarien Elkartea\",\"potentialAction\":[{\"@type\":\"SearchAction\",\"target\":{\"@type\":\"EntryPoint\",\"urlTemplate\":\"https:\/\/www.uaga.eus\/?s={search_term_string}\"},\"query-input\":\"required name=search_term_string\"}],\"inLanguage\":\"eu\"},{\"@type\":\"Person\",\"@id\":\"https:\/\/www.uaga.eus\/#\/schema\/person\/48c3cbf0f33d1b788226dbb6518689cf\",\"name\":\"Blanca S\u00e1nchez\",\"image\":{\"@type\":\"ImageObject\",\"inLanguage\":\"eu\",\"@id\":\"https:\/\/www.uaga.eus\/#\/schema\/person\/image\/\",\"url\":\"https:\/\/secure.gravatar.com\/avatar\/0dc91c20648254b1ce84877283f6751b?s=96&d=mm&r=g\",\"contentUrl\":\"https:\/\/secure.gravatar.com\/avatar\/0dc91c20648254b1ce84877283f6751b?s=96&d=mm&r=g\",\"caption\":\"Blanca S\u00e1nchez\"},\"url\":\"https:\/\/www.uaga.eus\/eu\/author\/bsanchez\/\"}]}<\/script>\n<!-- \/ Yoast SEO plugin. -->","yoast_head_json":{"title":"Finaliza la campa\u00f1a de patata en \u00c1lava con un gran aumento de producci\u00f3n - UAGA","robots":{"index":"index","follow":"follow","max-snippet":"max-snippet:-1","max-image-preview":"max-image-preview:large","max-video-preview":"max-video-preview:-1"},"canonical":"https:\/\/www.uaga.eus\/finaliza-la-campana-de-patata-en-alava-con-un-gran-aumento-de-produccion\/","og_locale":"en_US","og_type":"article","og_title":"Finaliza la campa\u00f1a de patata en \u00c1lava con un gran aumento de producci\u00f3n - UAGA","og_description":"La campa\u00f1a de patata en \u00c1lava este a\u00f1o ha finalizado con muy buenos resultados y, aunque todav\u00eda no hay datos oficiales, se estima que se han sembrado cerca de 1.400 hect\u00e1reas. UDAPA ha calificado la campa\u00f1a de extraordinaria ya que ha logrado aumentar su cosecha un 26% m\u00e1s que la media de los \u00faltimos tres [&hellip;]","og_url":"https:\/\/www.uaga.eus\/finaliza-la-campana-de-patata-en-alava-con-un-gran-aumento-de-produccion\/","og_site_name":"UAGA","article_published_time":"2021-11-19T13:10:24+00:00","article_modified_time":"2021-11-19T13:13:51+00:00","og_image":[{"width":650,"height":354,"url":"https:\/\/www.uaga.eus\/wp-content\/uploads\/2020\/05\/monta\u00f1a-de-patatas.jpg","type":"image\/jpeg"}],"author":"Blanca S\u00e1nchez","twitter_card":"summary_large_image","twitter_misc":{"Written by":"Blanca S\u00e1nchez","Est. reading time":"1 minutua"},"schema":{"@context":"https:\/\/schema.org","@graph":[{"@type":"WebPage","@id":"https:\/\/www.uaga.eus\/finaliza-la-campana-de-patata-en-alava-con-un-gran-aumento-de-produccion\/","url":"https:\/\/www.uaga.eus\/finaliza-la-campana-de-patata-en-alava-con-un-gran-aumento-de-produccion\/","name":"Finaliza la campa\u00f1a de patata en \u00c1lava con un gran aumento de producci\u00f3n - UAGA","isPartOf":{"@id":"https:\/\/www.uaga.eus\/#website"},"datePublished":"2021-11-19T13:10:24+00:00","dateModified":"2021-11-19T13:13:51+00:00","author":{"@id":"https:\/\/www.uaga.eus\/#\/schema\/person\/48c3cbf0f33d1b788226dbb6518689cf"},"breadcrumb":{"@id":"https:\/\/www.uaga.eus\/finaliza-la-campana-de-patata-en-alava-con-un-gran-aumento-de-produccion\/#breadcrumb"},"inLanguage":"eu","potentialAction":[{"@type":"ReadAction","target":["https:\/\/www.uaga.eus\/finaliza-la-campana-de-patata-en-alava-con-un-gran-aumento-de-produccion\/"]}]},{"@type":"BreadcrumbList","@id":"https:\/\/www.uaga.eus\/finaliza-la-campana-de-patata-en-alava-con-un-gran-aumento-de-produccion\/#breadcrumb","itemListElement":[{"@type":"ListItem","position":1,"name":"Inicio","item":"https:\/\/www.uaga.eus\/"},{"@type":"ListItem","position":2,"name":"Finaliza la campa\u00f1a de patata en \u00c1lava con un gran aumento de producci\u00f3n"}]},{"@type":"WebSite","@id":"https:\/\/www.uaga.eus\/#website","url":"https:\/\/www.uaga.eus\/","name":"UAGA","description":"Uni\u00f3n Agroganadera de \u00c1lava - Araba Nekazarien Elkartea","potentialAction":[{"@type":"SearchAction","target":{"@type":"EntryPoint","urlTemplate":"https:\/\/www.uaga.eus\/?s={search_term_string}"},"query-input":"required name=search_term_string"}],"inLanguage":"eu"},{"@type":"Person","@id":"https:\/\/www.uaga.eus\/#\/schema\/person\/48c3cbf0f33d1b788226dbb6518689cf","name":"Blanca S\u00e1nchez","image":{"@type":"ImageObject","inLanguage":"eu","@id":"https:\/\/www.uaga.eus\/#\/schema\/person\/image\/","url":"https:\/\/secure.gravatar.com\/avatar\/0dc91c20648254b1ce84877283f6751b?s=96&d=mm&r=g","contentUrl":"https:\/\/secure.gravatar.com\/avatar\/0dc91c20648254b1ce84877283f6751b?s=96&d=mm&r=g","caption":"Blanca S\u00e1nchez"},"url":"https:\/\/www.uaga.eus\/eu\/author\/bsanchez\/"}]}},"_links":{"self":[{"href":"https:\/\/www.uaga.eus\/eu\/wp-json\/wp\/v2\/posts\/9488"}],"collection":[{"href":"https:\/\/www.uaga.eus\/eu\/wp-json\/wp\/v2\/posts"}],"about":[{"href":"https:\/\/www.uaga.eus\/eu\/wp-json\/wp\/v2\/types\/post"}],"author":[{"embeddable":true,"href":"https:\/\/www.uaga.eus\/eu\/wp-json\/wp\/v2\/users\/4"}],"replies":[{"embeddable":true,"href":"https:\/\/www.uaga.eus\/eu\/wp-json\/wp\/v2\/comments?post=9488"}],"version-history":[{"count":2,"href":"https:\/\/www.uaga.eus\/eu\/wp-json\/wp\/v2\/posts\/9488\/revisions"}],"predecessor-version":[{"id":9495,"href":"https:\/\/www.uaga.eus\/eu\/wp-json\/wp\/v2\/posts\/9488\/revisions\/9495"}],"wp:featuredmedia":[{"embeddable":true,"href":"https:\/\/www.uaga.eus\/eu\/wp-json\/wp\/v2\/media\/7368"}],"wp:attachment":[{"href":"https:\/\/www.uaga.eus\/eu\/wp-json\/wp\/v2\/media?parent=9488"}],"wp:term":[{"taxonomy":"category","embeddable":true,"href":"https:\/\/www.uaga.eus\/eu\/wp-json\/wp\/v2\/categories?post=9488"},{"taxonomy":"post_tag","embeddable":true,"href":"https:\/\/www.uaga.eus\/eu\/wp-json\/wp\/v2\/tags?post=9488"}],"curies":[{"name":"wp","href":"https:\/\/api.w.org\/{rel}","templated":true}]}}