{"id":9480,"date":"2021-11-26T11:53:20","date_gmt":"2021-11-26T11:53:20","guid":{"rendered":"https:\/\/www.uaga.eus\/?p=9480"},"modified":"2021-11-26T11:54:05","modified_gmt":"2021-11-26T11:54:05","slug":"1-de-diciembre-jornada-on-line-sobre-la-digitalizacion-en-el-sector-agrario","status":"publish","type":"post","link":"https:\/\/www.uaga.eus\/eu\/1-de-diciembre-jornada-on-line-sobre-la-digitalizacion-en-el-sector-agrario\/","title":{"rendered":"1 de diciembre, jornada on line sobre la digitalizaci\u00f3n en el sector agrario"},"content":{"rendered":"<p>El Grupo Alimentario de Innovaci\u00f3n y Sostenibilidad ha organizado, para el d\u00eda 1 de diciembre, una jornada <em>on line<\/em> sobre la digitalizaci\u00f3n en el sector agroalimentario.<\/p>\n<p>Expertos de la Uni\u00f3n Europea abordar\u00e1n la situaci\u00f3n actual de la digitalizaci\u00f3n de la agroindustria europea y sus posibles fuentes de financiaci\u00f3n. Tambi\u00e9n se compartir\u00e1n casos pr\u00e1cticos interesantes de digitalizaci\u00f3n del sistema alimentario.<\/p>\n<p>Puedes consultar la informaci\u00f3n sobre el\u00a0<a href=\"http:\/\/www.gisalimentario.es\/empresas-agroalimentarias\/inicio\/reserva-la-fecha-feedingtheworld2021-se-celebra-el-1-de-diciembre_1401_3_1894_0_1_in.html\" target=\"_blank\" rel=\"noopener\" data-cke-saved-href=\"http:\/\/www.gisalimentario.es\/empresas-agroalimentarias\/inicio\/reserva-la-fecha-feedingtheworld2021-se-celebra-el-1-de-diciembre_1401_3_1894_0_1_in.html\">programa <\/a>e inscribirte <a href=\"https:\/\/register.gotowebinar.com\/register\/564263188905736461\" target=\"_blank\" rel=\"noopener\" data-cke-saved-href=\"https:\/\/register.gotowebinar.com\/register\/564263188905736461\">aqu\u00ed<\/a>.<\/p>\n","protected":false},"excerpt":{"rendered":"<p>El Grupo Alimentario de Innovaci\u00f3n y Sostenibilidad ha organizado, para el d\u00eda 1 de diciembre, una jornada on line sobre la digitalizaci\u00f3n en el sector agroalimentario. Expertos de la Uni\u00f3n Europea abordar\u00e1n la situaci\u00f3n actual de la digitalizaci\u00f3n de la agroindustria europea y sus posibles fuentes de financiaci\u00f3n. Tambi\u00e9n se compartir\u00e1n casos pr\u00e1cticos interesantes de [&hellip;]<\/p>\n","protected":false},"author":4,"featured_media":8365,"comment_status":"closed","ping_status":"closed","sticky":false,"template":"","format":"standard","meta":{"footnotes":""},"categories":[66],"tags":[],"yoast_head":"<!-- This site is optimized with the Yoast SEO plugin v21.5 - https:\/\/yoast.com\/wordpress\/plugins\/seo\/ -->\n<title>1 de diciembre, jornada on line sobre la digitalizaci\u00f3n en el sector agrario - UAGA<\/title>\n<meta name=\"robots\" content=\"index, follow, max-snippet:-1, max-image-preview:large, max-video-preview:-1\" \/>\n<link rel=\"canonical\" href=\"https:\/\/www.uaga.eus\/1-de-diciembre-jornada-on-line-sobre-la-digitalizacion-en-el-sector-agrario\/\" \/>\n<meta property=\"og:locale\" content=\"en_US\" \/>\n<meta property=\"og:type\" content=\"article\" \/>\n<meta property=\"og:title\" content=\"1 de diciembre, jornada on line sobre la digitalizaci\u00f3n en el sector agrario - UAGA\" \/>\n<meta property=\"og:description\" content=\"El Grupo Alimentario de Innovaci\u00f3n y Sostenibilidad ha organizado, para el d\u00eda 1 de diciembre, una jornada on line sobre la digitalizaci\u00f3n en el sector agroalimentario. Expertos de la Uni\u00f3n Europea abordar\u00e1n la situaci\u00f3n actual de la digitalizaci\u00f3n de la agroindustria europea y sus posibles fuentes de financiaci\u00f3n. Tambi\u00e9n se compartir\u00e1n casos pr\u00e1cticos interesantes de [&hellip;]\" \/>\n<meta property=\"og:url\" content=\"https:\/\/www.uaga.eus\/1-de-diciembre-jornada-on-line-sobre-la-digitalizacion-en-el-sector-agrario\/\" \/>\n<meta property=\"og:site_name\" content=\"UAGA\" \/>\n<meta property=\"article:published_time\" content=\"2021-11-26T11:53:20+00:00\" \/>\n<meta property=\"article:modified_time\" content=\"2021-11-26T11:54:05+00:00\" \/>\n<meta property=\"og:image\" content=\"https:\/\/www.uaga.eus\/wp-content\/uploads\/2020\/12\/telefono-m\u00f3vil-en-maceta-e1607680527728.jpg\" \/>\n\t<meta property=\"og:image:width\" content=\"650\" \/>\n\t<meta property=\"og:image:height\" content=\"385\" \/>\n\t<meta property=\"og:image:type\" content=\"image\/jpeg\" \/>\n<meta name=\"author\" content=\"Blanca S\u00e1nchez\" \/>\n<meta name=\"twitter:card\" content=\"summary_large_image\" \/>\n<meta name=\"twitter:label1\" content=\"Written by\" \/>\n\t<meta name=\"twitter:data1\" content=\"Blanca S\u00e1nchez\" \/>\n<script type=\"application\/ld+json\" class=\"yoast-schema-graph\">{\"@context\":\"https:\/\/schema.org\",\"@graph\":[{\"@type\":\"WebPage\",\"@id\":\"https:\/\/www.uaga.eus\/1-de-diciembre-jornada-on-line-sobre-la-digitalizacion-en-el-sector-agrario\/\",\"url\":\"https:\/\/www.uaga.eus\/1-de-diciembre-jornada-on-line-sobre-la-digitalizacion-en-el-sector-agrario\/\",\"name\":\"1 de diciembre, jornada on line sobre la digitalizaci\u00f3n en el sector agrario - UAGA\",\"isPartOf\":{\"@id\":\"https:\/\/www.uaga.eus\/#website\"},\"datePublished\":\"2021-11-26T11:53:20+00:00\",\"dateModified\":\"2021-11-26T11:54:05+00:00\",\"author\":{\"@id\":\"https:\/\/www.uaga.eus\/#\/schema\/person\/48c3cbf0f33d1b788226dbb6518689cf\"},\"breadcrumb\":{\"@id\":\"https:\/\/www.uaga.eus\/1-de-diciembre-jornada-on-line-sobre-la-digitalizacion-en-el-sector-agrario\/#breadcrumb\"},\"inLanguage\":\"eu\",\"potentialAction\":[{\"@type\":\"ReadAction\",\"target\":[\"https:\/\/www.uaga.eus\/1-de-diciembre-jornada-on-line-sobre-la-digitalizacion-en-el-sector-agrario\/\"]}]},{\"@type\":\"BreadcrumbList\",\"@id\":\"https:\/\/www.uaga.eus\/1-de-diciembre-jornada-on-line-sobre-la-digitalizacion-en-el-sector-agrario\/#breadcrumb\",\"itemListElement\":[{\"@type\":\"ListItem\",\"position\":1,\"name\":\"Inicio\",\"item\":\"https:\/\/www.uaga.eus\/\"},{\"@type\":\"ListItem\",\"position\":2,\"name\":\"1 de diciembre, jornada on line sobre la digitalizaci\u00f3n en el sector agrario\"}]},{\"@type\":\"WebSite\",\"@id\":\"https:\/\/www.uaga.eus\/#website\",\"url\":\"https:\/\/www.uaga.eus\/\",\"name\":\"UAGA\",\"description\":\"Uni\u00f3n Agroganadera de \u00c1lava - Araba Nekazarien Elkartea\",\"potentialAction\":[{\"@type\":\"SearchAction\",\"target\":{\"@type\":\"EntryPoint\",\"urlTemplate\":\"https:\/\/www.uaga.eus\/?s={search_term_string}\"},\"query-input\":\"required name=search_term_string\"}],\"inLanguage\":\"eu\"},{\"@type\":\"Person\",\"@id\":\"https:\/\/www.uaga.eus\/#\/schema\/person\/48c3cbf0f33d1b788226dbb6518689cf\",\"name\":\"Blanca S\u00e1nchez\",\"image\":{\"@type\":\"ImageObject\",\"inLanguage\":\"eu\",\"@id\":\"https:\/\/www.uaga.eus\/#\/schema\/person\/image\/\",\"url\":\"https:\/\/secure.gravatar.com\/avatar\/0dc91c20648254b1ce84877283f6751b?s=96&d=mm&r=g\",\"contentUrl\":\"https:\/\/secure.gravatar.com\/avatar\/0dc91c20648254b1ce84877283f6751b?s=96&d=mm&r=g\",\"caption\":\"Blanca S\u00e1nchez\"},\"url\":\"https:\/\/www.uaga.eus\/eu\/author\/bsanchez\/\"}]}<\/script>\n<!-- \/ Yoast SEO plugin. -->","yoast_head_json":{"title":"1 de diciembre, jornada on line sobre la digitalizaci\u00f3n en el sector agrario - UAGA","robots":{"index":"index","follow":"follow","max-snippet":"max-snippet:-1","max-image-preview":"max-image-preview:large","max-video-preview":"max-video-preview:-1"},"canonical":"https:\/\/www.uaga.eus\/1-de-diciembre-jornada-on-line-sobre-la-digitalizacion-en-el-sector-agrario\/","og_locale":"en_US","og_type":"article","og_title":"1 de diciembre, jornada on line sobre la digitalizaci\u00f3n en el sector agrario - UAGA","og_description":"El Grupo Alimentario de Innovaci\u00f3n y Sostenibilidad ha organizado, para el d\u00eda 1 de diciembre, una jornada on line sobre la digitalizaci\u00f3n en el sector agroalimentario. Expertos de la Uni\u00f3n Europea abordar\u00e1n la situaci\u00f3n actual de la digitalizaci\u00f3n de la agroindustria europea y sus posibles fuentes de financiaci\u00f3n. Tambi\u00e9n se compartir\u00e1n casos pr\u00e1cticos interesantes de [&hellip;]","og_url":"https:\/\/www.uaga.eus\/1-de-diciembre-jornada-on-line-sobre-la-digitalizacion-en-el-sector-agrario\/","og_site_name":"UAGA","article_published_time":"2021-11-26T11:53:20+00:00","article_modified_time":"2021-11-26T11:54:05+00:00","og_image":[{"width":650,"height":385,"url":"https:\/\/www.uaga.eus\/wp-content\/uploads\/2020\/12\/telefono-m\u00f3vil-en-maceta-e1607680527728.jpg","type":"image\/jpeg"}],"author":"Blanca S\u00e1nchez","twitter_card":"summary_large_image","twitter_misc":{"Written by":"Blanca S\u00e1nchez"},"schema":{"@context":"https:\/\/schema.org","@graph":[{"@type":"WebPage","@id":"https:\/\/www.uaga.eus\/1-de-diciembre-jornada-on-line-sobre-la-digitalizacion-en-el-sector-agrario\/","url":"https:\/\/www.uaga.eus\/1-de-diciembre-jornada-on-line-sobre-la-digitalizacion-en-el-sector-agrario\/","name":"1 de diciembre, jornada on line sobre la digitalizaci\u00f3n en el sector agrario - UAGA","isPartOf":{"@id":"https:\/\/www.uaga.eus\/#website"},"datePublished":"2021-11-26T11:53:20+00:00","dateModified":"2021-11-26T11:54:05+00:00","author":{"@id":"https:\/\/www.uaga.eus\/#\/schema\/person\/48c3cbf0f33d1b788226dbb6518689cf"},"breadcrumb":{"@id":"https:\/\/www.uaga.eus\/1-de-diciembre-jornada-on-line-sobre-la-digitalizacion-en-el-sector-agrario\/#breadcrumb"},"inLanguage":"eu","potentialAction":[{"@type":"ReadAction","target":["https:\/\/www.uaga.eus\/1-de-diciembre-jornada-on-line-sobre-la-digitalizacion-en-el-sector-agrario\/"]}]},{"@type":"BreadcrumbList","@id":"https:\/\/www.uaga.eus\/1-de-diciembre-jornada-on-line-sobre-la-digitalizacion-en-el-sector-agrario\/#breadcrumb","itemListElement":[{"@type":"ListItem","position":1,"name":"Inicio","item":"https:\/\/www.uaga.eus\/"},{"@type":"ListItem","position":2,"name":"1 de diciembre, jornada on line sobre la digitalizaci\u00f3n en el sector agrario"}]},{"@type":"WebSite","@id":"https:\/\/www.uaga.eus\/#website","url":"https:\/\/www.uaga.eus\/","name":"UAGA","description":"Uni\u00f3n Agroganadera de \u00c1lava - Araba Nekazarien Elkartea","potentialAction":[{"@type":"SearchAction","target":{"@type":"EntryPoint","urlTemplate":"https:\/\/www.uaga.eus\/?s={search_term_string}"},"query-input":"required name=search_term_string"}],"inLanguage":"eu"},{"@type":"Person","@id":"https:\/\/www.uaga.eus\/#\/schema\/person\/48c3cbf0f33d1b788226dbb6518689cf","name":"Blanca S\u00e1nchez","image":{"@type":"ImageObject","inLanguage":"eu","@id":"https:\/\/www.uaga.eus\/#\/schema\/person\/image\/","url":"https:\/\/secure.gravatar.com\/avatar\/0dc91c20648254b1ce84877283f6751b?s=96&d=mm&r=g","contentUrl":"https:\/\/secure.gravatar.com\/avatar\/0dc91c20648254b1ce84877283f6751b?s=96&d=mm&r=g","caption":"Blanca S\u00e1nchez"},"url":"https:\/\/www.uaga.eus\/eu\/author\/bsanchez\/"}]}},"_links":{"self":[{"href":"https:\/\/www.uaga.eus\/eu\/wp-json\/wp\/v2\/posts\/9480"}],"collection":[{"href":"https:\/\/www.uaga.eus\/eu\/wp-json\/wp\/v2\/posts"}],"about":[{"href":"https:\/\/www.uaga.eus\/eu\/wp-json\/wp\/v2\/types\/post"}],"author":[{"embeddable":true,"href":"https:\/\/www.uaga.eus\/eu\/wp-json\/wp\/v2\/users\/4"}],"replies":[{"embeddable":true,"href":"https:\/\/www.uaga.eus\/eu\/wp-json\/wp\/v2\/comments?post=9480"}],"version-history":[{"count":1,"href":"https:\/\/www.uaga.eus\/eu\/wp-json\/wp\/v2\/posts\/9480\/revisions"}],"predecessor-version":[{"id":9481,"href":"https:\/\/www.uaga.eus\/eu\/wp-json\/wp\/v2\/posts\/9480\/revisions\/9481"}],"wp:featuredmedia":[{"embeddable":true,"href":"https:\/\/www.uaga.eus\/eu\/wp-json\/wp\/v2\/media\/8365"}],"wp:attachment":[{"href":"https:\/\/www.uaga.eus\/eu\/wp-json\/wp\/v2\/media?parent=9480"}],"wp:term":[{"taxonomy":"category","embeddable":true,"href":"https:\/\/www.uaga.eus\/eu\/wp-json\/wp\/v2\/categories?post=9480"},{"taxonomy":"post_tag","embeddable":true,"href":"https:\/\/www.uaga.eus\/eu\/wp-json\/wp\/v2\/tags?post=9480"}],"curies":[{"name":"wp","href":"https:\/\/api.w.org\/{rel}","templated":true}]}}