{"id":9391,"date":"2021-11-05T12:57:38","date_gmt":"2021-11-05T12:57:38","guid":{"rendered":"https:\/\/www.uaga.eus\/?p=9391"},"modified":"2021-11-05T12:57:38","modified_gmt":"2021-11-05T12:57:38","slug":"acuerdo-en-la-do-rioja-para-limitar-las-nuevas-plantaciones-de-vinedo-en-2022","status":"publish","type":"post","link":"https:\/\/www.uaga.eus\/eu\/acuerdo-en-la-do-rioja-para-limitar-las-nuevas-plantaciones-de-vinedo-en-2022\/","title":{"rendered":"Acuerdo en la DO Rioja para limitar las nuevas plantaciones de vi\u00f1edo en 2022"},"content":{"rendered":"<p>La OIVR (Organizaci\u00f3n Interprofesional del Vino de Rioja) y el Consejo Regulador de la Denominaci\u00f3n de Origen Calificada Rioja, han aprobado recientemente un\u00a0<b>nuevo pacto que limita el crecimiento de la masa vegetal, fijando el incremento de su potencial productivo y frenando nuevas plantaciones en 2022<\/b>.<\/p>\n<p class=\"x_MsoNormal\">Este acuerdo en el sector vitivin\u00edcola, tiene el objetivo de evitar un aumento continuado de los rendimientos para controlar el abastecimiento del mercado, ya que, seg\u00fan se ha indicado en dicho acuerdo, este incremento acabar\u00eda repercutiendo negativamente en la competitividad de las uvas y vinos de la Denominaci\u00f3n de Origen.<\/p>\n<p class=\"x_MsoNormal\">Para lograr este objetivo, y a propuesta del sector productor, se encargar\u00e1 a un \u00f3rgano independiente externo, de la mano de la consultora KPMG, un mecanismo objetivo para\u00a0<b>elaborar un Plan Estrat\u00e9gico que determine la f\u00f3rmula para nuevos repartos de plantaciones en funci\u00f3n de par\u00e1metros objetivos de ventas y tambi\u00e9n de precios.<\/b><\/p>\n<p class=\"x_MsoNormal\">De esta forma se considera que se podr\u00e1 lograr un crecimiento planificado y ordenado que vaya de la mano de un incremento en valor y rentabilidad para todo el sector.<\/p>\n<p class=\"x_MsoNormal\">+ INFO\u00a0\u00a0 HECTOR\u00a0 \u00a0618 67 08 69<\/p>\n<p>&nbsp;<\/p>","protected":false},"excerpt":{"rendered":"<p>La OIVR (Organizaci\u00f3n Interprofesional del Vino de Rioja) y el Consejo Regulador de la Denominaci\u00f3n de Origen Calificada Rioja, han aprobado recientemente un\u00a0nuevo pacto que limita el crecimiento de la masa vegetal, fijando el incremento de su potencial productivo y frenando nuevas plantaciones en 2022. Este acuerdo en el sector vitivin\u00edcola, tiene el objetivo de [&hellip;]<\/p>\n","protected":false},"author":4,"featured_media":6613,"comment_status":"closed","ping_status":"closed","sticky":false,"template":"","format":"standard","meta":{"footnotes":""},"categories":[7,4],"tags":[],"yoast_head":"<!-- This site is optimized with the Yoast SEO plugin v21.5 - https:\/\/yoast.com\/wordpress\/plugins\/seo\/ -->\n<title>Acuerdo en la DO Rioja para limitar las nuevas plantaciones de vi\u00f1edo en 2022 - UAGA<\/title>\n<meta name=\"robots\" content=\"index, follow, max-snippet:-1, max-image-preview:large, max-video-preview:-1\" \/>\n<link rel=\"canonical\" href=\"https:\/\/www.uaga.eus\/acuerdo-en-la-do-rioja-para-limitar-las-nuevas-plantaciones-de-vinedo-en-2022\/\" \/>\n<meta property=\"og:locale\" content=\"en_US\" \/>\n<meta property=\"og:type\" content=\"article\" \/>\n<meta property=\"og:title\" content=\"Acuerdo en la DO Rioja para limitar las nuevas plantaciones de vi\u00f1edo en 2022 - UAGA\" \/>\n<meta property=\"og:description\" content=\"La OIVR (Organizaci\u00f3n Interprofesional del Vino de Rioja) y el Consejo Regulador de la Denominaci\u00f3n de Origen Calificada Rioja, han aprobado recientemente un\u00a0nuevo pacto que limita el crecimiento de la masa vegetal, fijando el incremento de su potencial productivo y frenando nuevas plantaciones en 2022. Este acuerdo en el sector vitivin\u00edcola, tiene el objetivo de [&hellip;]\" \/>\n<meta property=\"og:url\" content=\"https:\/\/www.uaga.eus\/acuerdo-en-la-do-rioja-para-limitar-las-nuevas-plantaciones-de-vinedo-en-2022\/\" \/>\n<meta property=\"og:site_name\" content=\"UAGA\" \/>\n<meta property=\"article:published_time\" content=\"2021-11-05T12:57:38+00:00\" \/>\n<meta property=\"og:image\" content=\"https:\/\/www.uaga.eus\/wp-content\/uploads\/2019\/10\/a7c8a455-4ab6-4b24-872f-de64374db8fe.jpg\" \/>\n\t<meta property=\"og:image:width\" content=\"600\" \/>\n\t<meta property=\"og:image:height\" content=\"318\" \/>\n\t<meta property=\"og:image:type\" content=\"image\/jpeg\" \/>\n<meta name=\"author\" content=\"Blanca S\u00e1nchez\" \/>\n<meta name=\"twitter:card\" content=\"summary_large_image\" \/>\n<meta name=\"twitter:label1\" content=\"Written by\" \/>\n\t<meta name=\"twitter:data1\" content=\"Blanca S\u00e1nchez\" \/>\n\t<meta name=\"twitter:label2\" content=\"Est. reading time\" \/>\n\t<meta name=\"twitter:data2\" content=\"2 minutua\" \/>\n<script type=\"application\/ld+json\" class=\"yoast-schema-graph\">{\"@context\":\"https:\/\/schema.org\",\"@graph\":[{\"@type\":\"WebPage\",\"@id\":\"https:\/\/www.uaga.eus\/acuerdo-en-la-do-rioja-para-limitar-las-nuevas-plantaciones-de-vinedo-en-2022\/\",\"url\":\"https:\/\/www.uaga.eus\/acuerdo-en-la-do-rioja-para-limitar-las-nuevas-plantaciones-de-vinedo-en-2022\/\",\"name\":\"Acuerdo en la DO Rioja para limitar las nuevas plantaciones de vi\u00f1edo en 2022 - UAGA\",\"isPartOf\":{\"@id\":\"https:\/\/www.uaga.eus\/#website\"},\"datePublished\":\"2021-11-05T12:57:38+00:00\",\"dateModified\":\"2021-11-05T12:57:38+00:00\",\"author\":{\"@id\":\"https:\/\/www.uaga.eus\/#\/schema\/person\/48c3cbf0f33d1b788226dbb6518689cf\"},\"breadcrumb\":{\"@id\":\"https:\/\/www.uaga.eus\/acuerdo-en-la-do-rioja-para-limitar-las-nuevas-plantaciones-de-vinedo-en-2022\/#breadcrumb\"},\"inLanguage\":\"eu\",\"potentialAction\":[{\"@type\":\"ReadAction\",\"target\":[\"https:\/\/www.uaga.eus\/acuerdo-en-la-do-rioja-para-limitar-las-nuevas-plantaciones-de-vinedo-en-2022\/\"]}]},{\"@type\":\"BreadcrumbList\",\"@id\":\"https:\/\/www.uaga.eus\/acuerdo-en-la-do-rioja-para-limitar-las-nuevas-plantaciones-de-vinedo-en-2022\/#breadcrumb\",\"itemListElement\":[{\"@type\":\"ListItem\",\"position\":1,\"name\":\"Inicio\",\"item\":\"https:\/\/www.uaga.eus\/\"},{\"@type\":\"ListItem\",\"position\":2,\"name\":\"Acuerdo en la DO Rioja para limitar las nuevas plantaciones de vi\u00f1edo en 2022\"}]},{\"@type\":\"WebSite\",\"@id\":\"https:\/\/www.uaga.eus\/#website\",\"url\":\"https:\/\/www.uaga.eus\/\",\"name\":\"UAGA\",\"description\":\"Uni\u00f3n Agroganadera de \u00c1lava - Araba Nekazarien Elkartea\",\"potentialAction\":[{\"@type\":\"SearchAction\",\"target\":{\"@type\":\"EntryPoint\",\"urlTemplate\":\"https:\/\/www.uaga.eus\/?s={search_term_string}\"},\"query-input\":\"required name=search_term_string\"}],\"inLanguage\":\"eu\"},{\"@type\":\"Person\",\"@id\":\"https:\/\/www.uaga.eus\/#\/schema\/person\/48c3cbf0f33d1b788226dbb6518689cf\",\"name\":\"Blanca S\u00e1nchez\",\"image\":{\"@type\":\"ImageObject\",\"inLanguage\":\"eu\",\"@id\":\"https:\/\/www.uaga.eus\/#\/schema\/person\/image\/\",\"url\":\"https:\/\/secure.gravatar.com\/avatar\/0dc91c20648254b1ce84877283f6751b?s=96&d=mm&r=g\",\"contentUrl\":\"https:\/\/secure.gravatar.com\/avatar\/0dc91c20648254b1ce84877283f6751b?s=96&d=mm&r=g\",\"caption\":\"Blanca S\u00e1nchez\"},\"url\":\"https:\/\/www.uaga.eus\/eu\/author\/bsanchez\/\"}]}<\/script>\n<!-- \/ Yoast SEO plugin. -->","yoast_head_json":{"title":"Acuerdo en la DO Rioja para limitar las nuevas plantaciones de vi\u00f1edo en 2022 - UAGA","robots":{"index":"index","follow":"follow","max-snippet":"max-snippet:-1","max-image-preview":"max-image-preview:large","max-video-preview":"max-video-preview:-1"},"canonical":"https:\/\/www.uaga.eus\/acuerdo-en-la-do-rioja-para-limitar-las-nuevas-plantaciones-de-vinedo-en-2022\/","og_locale":"en_US","og_type":"article","og_title":"Acuerdo en la DO Rioja para limitar las nuevas plantaciones de vi\u00f1edo en 2022 - UAGA","og_description":"La OIVR (Organizaci\u00f3n Interprofesional del Vino de Rioja) y el Consejo Regulador de la Denominaci\u00f3n de Origen Calificada Rioja, han aprobado recientemente un\u00a0nuevo pacto que limita el crecimiento de la masa vegetal, fijando el incremento de su potencial productivo y frenando nuevas plantaciones en 2022. Este acuerdo en el sector vitivin\u00edcola, tiene el objetivo de [&hellip;]","og_url":"https:\/\/www.uaga.eus\/acuerdo-en-la-do-rioja-para-limitar-las-nuevas-plantaciones-de-vinedo-en-2022\/","og_site_name":"UAGA","article_published_time":"2021-11-05T12:57:38+00:00","og_image":[{"width":600,"height":318,"url":"https:\/\/www.uaga.eus\/wp-content\/uploads\/2019\/10\/a7c8a455-4ab6-4b24-872f-de64374db8fe.jpg","type":"image\/jpeg"}],"author":"Blanca S\u00e1nchez","twitter_card":"summary_large_image","twitter_misc":{"Written by":"Blanca S\u00e1nchez","Est. reading time":"2 minutua"},"schema":{"@context":"https:\/\/schema.org","@graph":[{"@type":"WebPage","@id":"https:\/\/www.uaga.eus\/acuerdo-en-la-do-rioja-para-limitar-las-nuevas-plantaciones-de-vinedo-en-2022\/","url":"https:\/\/www.uaga.eus\/acuerdo-en-la-do-rioja-para-limitar-las-nuevas-plantaciones-de-vinedo-en-2022\/","name":"Acuerdo en la DO Rioja para limitar las nuevas plantaciones de vi\u00f1edo en 2022 - UAGA","isPartOf":{"@id":"https:\/\/www.uaga.eus\/#website"},"datePublished":"2021-11-05T12:57:38+00:00","dateModified":"2021-11-05T12:57:38+00:00","author":{"@id":"https:\/\/www.uaga.eus\/#\/schema\/person\/48c3cbf0f33d1b788226dbb6518689cf"},"breadcrumb":{"@id":"https:\/\/www.uaga.eus\/acuerdo-en-la-do-rioja-para-limitar-las-nuevas-plantaciones-de-vinedo-en-2022\/#breadcrumb"},"inLanguage":"eu","potentialAction":[{"@type":"ReadAction","target":["https:\/\/www.uaga.eus\/acuerdo-en-la-do-rioja-para-limitar-las-nuevas-plantaciones-de-vinedo-en-2022\/"]}]},{"@type":"BreadcrumbList","@id":"https:\/\/www.uaga.eus\/acuerdo-en-la-do-rioja-para-limitar-las-nuevas-plantaciones-de-vinedo-en-2022\/#breadcrumb","itemListElement":[{"@type":"ListItem","position":1,"name":"Inicio","item":"https:\/\/www.uaga.eus\/"},{"@type":"ListItem","position":2,"name":"Acuerdo en la DO Rioja para limitar las nuevas plantaciones de vi\u00f1edo en 2022"}]},{"@type":"WebSite","@id":"https:\/\/www.uaga.eus\/#website","url":"https:\/\/www.uaga.eus\/","name":"UAGA","description":"Uni\u00f3n Agroganadera de \u00c1lava - Araba Nekazarien Elkartea","potentialAction":[{"@type":"SearchAction","target":{"@type":"EntryPoint","urlTemplate":"https:\/\/www.uaga.eus\/?s={search_term_string}"},"query-input":"required name=search_term_string"}],"inLanguage":"eu"},{"@type":"Person","@id":"https:\/\/www.uaga.eus\/#\/schema\/person\/48c3cbf0f33d1b788226dbb6518689cf","name":"Blanca S\u00e1nchez","image":{"@type":"ImageObject","inLanguage":"eu","@id":"https:\/\/www.uaga.eus\/#\/schema\/person\/image\/","url":"https:\/\/secure.gravatar.com\/avatar\/0dc91c20648254b1ce84877283f6751b?s=96&d=mm&r=g","contentUrl":"https:\/\/secure.gravatar.com\/avatar\/0dc91c20648254b1ce84877283f6751b?s=96&d=mm&r=g","caption":"Blanca S\u00e1nchez"},"url":"https:\/\/www.uaga.eus\/eu\/author\/bsanchez\/"}]}},"_links":{"self":[{"href":"https:\/\/www.uaga.eus\/eu\/wp-json\/wp\/v2\/posts\/9391"}],"collection":[{"href":"https:\/\/www.uaga.eus\/eu\/wp-json\/wp\/v2\/posts"}],"about":[{"href":"https:\/\/www.uaga.eus\/eu\/wp-json\/wp\/v2\/types\/post"}],"author":[{"embeddable":true,"href":"https:\/\/www.uaga.eus\/eu\/wp-json\/wp\/v2\/users\/4"}],"replies":[{"embeddable":true,"href":"https:\/\/www.uaga.eus\/eu\/wp-json\/wp\/v2\/comments?post=9391"}],"version-history":[{"count":2,"href":"https:\/\/www.uaga.eus\/eu\/wp-json\/wp\/v2\/posts\/9391\/revisions"}],"predecessor-version":[{"id":9399,"href":"https:\/\/www.uaga.eus\/eu\/wp-json\/wp\/v2\/posts\/9391\/revisions\/9399"}],"wp:featuredmedia":[{"embeddable":true,"href":"https:\/\/www.uaga.eus\/eu\/wp-json\/wp\/v2\/media\/6613"}],"wp:attachment":[{"href":"https:\/\/www.uaga.eus\/eu\/wp-json\/wp\/v2\/media?parent=9391"}],"wp:term":[{"taxonomy":"category","embeddable":true,"href":"https:\/\/www.uaga.eus\/eu\/wp-json\/wp\/v2\/categories?post=9391"},{"taxonomy":"post_tag","embeddable":true,"href":"https:\/\/www.uaga.eus\/eu\/wp-json\/wp\/v2\/tags?post=9391"}],"curies":[{"name":"wp","href":"https:\/\/api.w.org\/{rel}","templated":true}]}}