{"id":9263,"date":"2021-09-24T11:21:09","date_gmt":"2021-09-24T11:21:09","guid":{"rendered":"https:\/\/www.uaga.eus\/?p=9263"},"modified":"2021-09-24T11:21:09","modified_gmt":"2021-09-24T11:21:09","slug":"abierto-el-plazo-de-ayudas-para-el-fomento-de-proyectos-contra-la-polilla-del-racimo-hasta-el-29-de-septiembre","status":"publish","type":"post","link":"https:\/\/www.uaga.eus\/eu\/abierto-el-plazo-de-ayudas-para-el-fomento-de-proyectos-contra-la-polilla-del-racimo-hasta-el-29-de-septiembre\/","title":{"rendered":"Abierto el plazo de ayudas para el fomento de proyectos contra la polilla del racimo hasta el 29 de septiembre"},"content":{"rendered":"<p>La Diputaci\u00f3n Foral de \u00c1lava ha publicado esta semana el Decreto Foral por el que se establecen las bases de \u00a0ayuda para desarrollar la estrategia de lucha contra la polilla del racimo mediante la aplicaci\u00f3n de t\u00e9cnicas de confusi\u00f3n sexual en vi\u00f1edo.<\/p>\n<p>Se trata de una l\u00ednea de apoyo de 15.000 euros que nace ante la proliferaci\u00f3n de esta especie en zona de Rioja Alavesa, dentro del plan de la Diputaci\u00f3n Foral para terminar con esta plaga.<\/p>\n<p>El objeto y finalidad de estas nuevas ayudas es fomentar proyectos colaborativos de aplicaci\u00f3n de esta t\u00e9cnica en \u00c1lava con el fin de impulsar el desarrollo de la misma y generar sinergias entre diferentes actores para que se extienda por el territorio.<\/p>\n<p>El plazo de solicitud finaliza el 29 de septiembre. Puedes consultar <a href=\"https:\/\/www.araba.eus\/botha\/Boletines\/2021\/108\/2021_108_03147_C.pdf\" target=\"_blank\" rel=\"noopener\" data-cke-saved-href=\"https:\/\/www.araba.eus\/botha\/Boletines\/2021\/108\/2021_108_03147_C.pdf\">aqu\u00ed<\/a> el Decreto y presentar la solicitud a trav\u00e9s de este <a href=\"https:\/\/egoitza.araba.eus\/es\/-\/solicitar-ayuda-polilla-vi%C3%B1edos?inheritRedirect=true&amp;redirect=%2Fes%2Finicio%2Ftramites%3Fcategory%3D6034696%26category%3D6035225%26q%3Dpolilla\" target=\"_blank\" rel=\"noopener\" data-cke-saved-href=\"https:\/\/egoitza.araba.eus\/es\/-\/solicitar-ayuda-polilla-vi%C3%B1edos?inheritRedirect=true&amp;redirect=%2Fes%2Finicio%2Ftramites%3Fcategory%3D6034696%26category%3D6035225%26q%3Dpolilla\">enlace<\/a>.<\/p>\n<p>+INFO NURIA: 661 595 811<\/p>\n<p>&nbsp;<\/p>\n","protected":false},"excerpt":{"rendered":"<p>La Diputaci\u00f3n Foral de \u00c1lava ha publicado esta semana el Decreto Foral por el que se establecen las bases de \u00a0ayuda para desarrollar la estrategia de lucha contra la polilla del racimo mediante la aplicaci\u00f3n de t\u00e9cnicas de confusi\u00f3n sexual en vi\u00f1edo. Se trata de una l\u00ednea de apoyo de 15.000 euros que nace ante [&hellip;]<\/p>\n","protected":false},"author":4,"featured_media":4204,"comment_status":"closed","ping_status":"closed","sticky":false,"template":"","format":"standard","meta":{"footnotes":""},"categories":[7,5],"tags":[],"yoast_head":"<!-- This site is optimized with the Yoast SEO plugin v21.5 - https:\/\/yoast.com\/wordpress\/plugins\/seo\/ -->\n<title>Abierto el plazo de ayudas para el fomento de proyectos contra la polilla del racimo hasta el 29 de septiembre - UAGA<\/title>\n<meta name=\"robots\" content=\"index, follow, max-snippet:-1, max-image-preview:large, max-video-preview:-1\" \/>\n<link rel=\"canonical\" href=\"https:\/\/www.uaga.eus\/abierto-el-plazo-de-ayudas-para-el-fomento-de-proyectos-contra-la-polilla-del-racimo-hasta-el-29-de-septiembre\/\" \/>\n<meta property=\"og:locale\" content=\"en_US\" \/>\n<meta property=\"og:type\" content=\"article\" \/>\n<meta property=\"og:title\" content=\"Abierto el plazo de ayudas para el fomento de proyectos contra la polilla del racimo hasta el 29 de septiembre - UAGA\" \/>\n<meta property=\"og:description\" content=\"La Diputaci\u00f3n Foral de \u00c1lava ha publicado esta semana el Decreto Foral por el que se establecen las bases de \u00a0ayuda para desarrollar la estrategia de lucha contra la polilla del racimo mediante la aplicaci\u00f3n de t\u00e9cnicas de confusi\u00f3n sexual en vi\u00f1edo. Se trata de una l\u00ednea de apoyo de 15.000 euros que nace ante [&hellip;]\" \/>\n<meta property=\"og:url\" content=\"https:\/\/www.uaga.eus\/abierto-el-plazo-de-ayudas-para-el-fomento-de-proyectos-contra-la-polilla-del-racimo-hasta-el-29-de-septiembre\/\" \/>\n<meta property=\"og:site_name\" content=\"UAGA\" \/>\n<meta property=\"article:published_time\" content=\"2021-09-24T11:21:09+00:00\" \/>\n<meta property=\"og:image\" content=\"https:\/\/www.uaga.eus\/wp-content\/uploads\/2018\/09\/polilla-del-racimo_4.jpg\" \/>\n\t<meta property=\"og:image:width\" content=\"600\" \/>\n\t<meta property=\"og:image:height\" content=\"392\" \/>\n\t<meta property=\"og:image:type\" content=\"image\/jpeg\" \/>\n<meta name=\"author\" content=\"Blanca S\u00e1nchez\" \/>\n<meta name=\"twitter:card\" content=\"summary_large_image\" \/>\n<meta name=\"twitter:label1\" content=\"Written by\" \/>\n\t<meta name=\"twitter:data1\" content=\"Blanca S\u00e1nchez\" \/>\n\t<meta name=\"twitter:label2\" content=\"Est. reading time\" \/>\n\t<meta name=\"twitter:data2\" content=\"1 minutua\" \/>\n<script type=\"application\/ld+json\" class=\"yoast-schema-graph\">{\"@context\":\"https:\/\/schema.org\",\"@graph\":[{\"@type\":\"WebPage\",\"@id\":\"https:\/\/www.uaga.eus\/abierto-el-plazo-de-ayudas-para-el-fomento-de-proyectos-contra-la-polilla-del-racimo-hasta-el-29-de-septiembre\/\",\"url\":\"https:\/\/www.uaga.eus\/abierto-el-plazo-de-ayudas-para-el-fomento-de-proyectos-contra-la-polilla-del-racimo-hasta-el-29-de-septiembre\/\",\"name\":\"Abierto el plazo de ayudas para el fomento de proyectos contra la polilla del racimo hasta el 29 de septiembre - UAGA\",\"isPartOf\":{\"@id\":\"https:\/\/www.uaga.eus\/#website\"},\"datePublished\":\"2021-09-24T11:21:09+00:00\",\"dateModified\":\"2021-09-24T11:21:09+00:00\",\"author\":{\"@id\":\"https:\/\/www.uaga.eus\/#\/schema\/person\/48c3cbf0f33d1b788226dbb6518689cf\"},\"breadcrumb\":{\"@id\":\"https:\/\/www.uaga.eus\/abierto-el-plazo-de-ayudas-para-el-fomento-de-proyectos-contra-la-polilla-del-racimo-hasta-el-29-de-septiembre\/#breadcrumb\"},\"inLanguage\":\"eu\",\"potentialAction\":[{\"@type\":\"ReadAction\",\"target\":[\"https:\/\/www.uaga.eus\/abierto-el-plazo-de-ayudas-para-el-fomento-de-proyectos-contra-la-polilla-del-racimo-hasta-el-29-de-septiembre\/\"]}]},{\"@type\":\"BreadcrumbList\",\"@id\":\"https:\/\/www.uaga.eus\/abierto-el-plazo-de-ayudas-para-el-fomento-de-proyectos-contra-la-polilla-del-racimo-hasta-el-29-de-septiembre\/#breadcrumb\",\"itemListElement\":[{\"@type\":\"ListItem\",\"position\":1,\"name\":\"Inicio\",\"item\":\"https:\/\/www.uaga.eus\/\"},{\"@type\":\"ListItem\",\"position\":2,\"name\":\"Abierto el plazo de ayudas para el fomento de proyectos contra la polilla del racimo hasta el 29 de septiembre\"}]},{\"@type\":\"WebSite\",\"@id\":\"https:\/\/www.uaga.eus\/#website\",\"url\":\"https:\/\/www.uaga.eus\/\",\"name\":\"UAGA\",\"description\":\"Uni\u00f3n Agroganadera de \u00c1lava - Araba Nekazarien Elkartea\",\"potentialAction\":[{\"@type\":\"SearchAction\",\"target\":{\"@type\":\"EntryPoint\",\"urlTemplate\":\"https:\/\/www.uaga.eus\/?s={search_term_string}\"},\"query-input\":\"required name=search_term_string\"}],\"inLanguage\":\"eu\"},{\"@type\":\"Person\",\"@id\":\"https:\/\/www.uaga.eus\/#\/schema\/person\/48c3cbf0f33d1b788226dbb6518689cf\",\"name\":\"Blanca S\u00e1nchez\",\"image\":{\"@type\":\"ImageObject\",\"inLanguage\":\"eu\",\"@id\":\"https:\/\/www.uaga.eus\/#\/schema\/person\/image\/\",\"url\":\"https:\/\/secure.gravatar.com\/avatar\/0dc91c20648254b1ce84877283f6751b?s=96&d=mm&r=g\",\"contentUrl\":\"https:\/\/secure.gravatar.com\/avatar\/0dc91c20648254b1ce84877283f6751b?s=96&d=mm&r=g\",\"caption\":\"Blanca S\u00e1nchez\"},\"url\":\"https:\/\/www.uaga.eus\/eu\/author\/bsanchez\/\"}]}<\/script>\n<!-- \/ Yoast SEO plugin. -->","yoast_head_json":{"title":"Abierto el plazo de ayudas para el fomento de proyectos contra la polilla del racimo hasta el 29 de septiembre - UAGA","robots":{"index":"index","follow":"follow","max-snippet":"max-snippet:-1","max-image-preview":"max-image-preview:large","max-video-preview":"max-video-preview:-1"},"canonical":"https:\/\/www.uaga.eus\/abierto-el-plazo-de-ayudas-para-el-fomento-de-proyectos-contra-la-polilla-del-racimo-hasta-el-29-de-septiembre\/","og_locale":"en_US","og_type":"article","og_title":"Abierto el plazo de ayudas para el fomento de proyectos contra la polilla del racimo hasta el 29 de septiembre - UAGA","og_description":"La Diputaci\u00f3n Foral de \u00c1lava ha publicado esta semana el Decreto Foral por el que se establecen las bases de \u00a0ayuda para desarrollar la estrategia de lucha contra la polilla del racimo mediante la aplicaci\u00f3n de t\u00e9cnicas de confusi\u00f3n sexual en vi\u00f1edo. Se trata de una l\u00ednea de apoyo de 15.000 euros que nace ante [&hellip;]","og_url":"https:\/\/www.uaga.eus\/abierto-el-plazo-de-ayudas-para-el-fomento-de-proyectos-contra-la-polilla-del-racimo-hasta-el-29-de-septiembre\/","og_site_name":"UAGA","article_published_time":"2021-09-24T11:21:09+00:00","og_image":[{"width":600,"height":392,"url":"https:\/\/www.uaga.eus\/wp-content\/uploads\/2018\/09\/polilla-del-racimo_4.jpg","type":"image\/jpeg"}],"author":"Blanca S\u00e1nchez","twitter_card":"summary_large_image","twitter_misc":{"Written by":"Blanca S\u00e1nchez","Est. reading time":"1 minutua"},"schema":{"@context":"https:\/\/schema.org","@graph":[{"@type":"WebPage","@id":"https:\/\/www.uaga.eus\/abierto-el-plazo-de-ayudas-para-el-fomento-de-proyectos-contra-la-polilla-del-racimo-hasta-el-29-de-septiembre\/","url":"https:\/\/www.uaga.eus\/abierto-el-plazo-de-ayudas-para-el-fomento-de-proyectos-contra-la-polilla-del-racimo-hasta-el-29-de-septiembre\/","name":"Abierto el plazo de ayudas para el fomento de proyectos contra la polilla del racimo hasta el 29 de septiembre - UAGA","isPartOf":{"@id":"https:\/\/www.uaga.eus\/#website"},"datePublished":"2021-09-24T11:21:09+00:00","dateModified":"2021-09-24T11:21:09+00:00","author":{"@id":"https:\/\/www.uaga.eus\/#\/schema\/person\/48c3cbf0f33d1b788226dbb6518689cf"},"breadcrumb":{"@id":"https:\/\/www.uaga.eus\/abierto-el-plazo-de-ayudas-para-el-fomento-de-proyectos-contra-la-polilla-del-racimo-hasta-el-29-de-septiembre\/#breadcrumb"},"inLanguage":"eu","potentialAction":[{"@type":"ReadAction","target":["https:\/\/www.uaga.eus\/abierto-el-plazo-de-ayudas-para-el-fomento-de-proyectos-contra-la-polilla-del-racimo-hasta-el-29-de-septiembre\/"]}]},{"@type":"BreadcrumbList","@id":"https:\/\/www.uaga.eus\/abierto-el-plazo-de-ayudas-para-el-fomento-de-proyectos-contra-la-polilla-del-racimo-hasta-el-29-de-septiembre\/#breadcrumb","itemListElement":[{"@type":"ListItem","position":1,"name":"Inicio","item":"https:\/\/www.uaga.eus\/"},{"@type":"ListItem","position":2,"name":"Abierto el plazo de ayudas para el fomento de proyectos contra la polilla del racimo hasta el 29 de septiembre"}]},{"@type":"WebSite","@id":"https:\/\/www.uaga.eus\/#website","url":"https:\/\/www.uaga.eus\/","name":"UAGA","description":"Uni\u00f3n Agroganadera de \u00c1lava - Araba Nekazarien Elkartea","potentialAction":[{"@type":"SearchAction","target":{"@type":"EntryPoint","urlTemplate":"https:\/\/www.uaga.eus\/?s={search_term_string}"},"query-input":"required name=search_term_string"}],"inLanguage":"eu"},{"@type":"Person","@id":"https:\/\/www.uaga.eus\/#\/schema\/person\/48c3cbf0f33d1b788226dbb6518689cf","name":"Blanca S\u00e1nchez","image":{"@type":"ImageObject","inLanguage":"eu","@id":"https:\/\/www.uaga.eus\/#\/schema\/person\/image\/","url":"https:\/\/secure.gravatar.com\/avatar\/0dc91c20648254b1ce84877283f6751b?s=96&d=mm&r=g","contentUrl":"https:\/\/secure.gravatar.com\/avatar\/0dc91c20648254b1ce84877283f6751b?s=96&d=mm&r=g","caption":"Blanca S\u00e1nchez"},"url":"https:\/\/www.uaga.eus\/eu\/author\/bsanchez\/"}]}},"_links":{"self":[{"href":"https:\/\/www.uaga.eus\/eu\/wp-json\/wp\/v2\/posts\/9263"}],"collection":[{"href":"https:\/\/www.uaga.eus\/eu\/wp-json\/wp\/v2\/posts"}],"about":[{"href":"https:\/\/www.uaga.eus\/eu\/wp-json\/wp\/v2\/types\/post"}],"author":[{"embeddable":true,"href":"https:\/\/www.uaga.eus\/eu\/wp-json\/wp\/v2\/users\/4"}],"replies":[{"embeddable":true,"href":"https:\/\/www.uaga.eus\/eu\/wp-json\/wp\/v2\/comments?post=9263"}],"version-history":[{"count":1,"href":"https:\/\/www.uaga.eus\/eu\/wp-json\/wp\/v2\/posts\/9263\/revisions"}],"predecessor-version":[{"id":9264,"href":"https:\/\/www.uaga.eus\/eu\/wp-json\/wp\/v2\/posts\/9263\/revisions\/9264"}],"wp:featuredmedia":[{"embeddable":true,"href":"https:\/\/www.uaga.eus\/eu\/wp-json\/wp\/v2\/media\/4204"}],"wp:attachment":[{"href":"https:\/\/www.uaga.eus\/eu\/wp-json\/wp\/v2\/media?parent=9263"}],"wp:term":[{"taxonomy":"category","embeddable":true,"href":"https:\/\/www.uaga.eus\/eu\/wp-json\/wp\/v2\/categories?post=9263"},{"taxonomy":"post_tag","embeddable":true,"href":"https:\/\/www.uaga.eus\/eu\/wp-json\/wp\/v2\/tags?post=9263"}],"curies":[{"name":"wp","href":"https:\/\/api.w.org\/{rel}","templated":true}]}}