{"id":9238,"date":"2021-09-17T08:48:01","date_gmt":"2021-09-17T08:48:01","guid":{"rendered":"https:\/\/www.uaga.eus\/?p=9238"},"modified":"2021-09-17T08:48:01","modified_gmt":"2021-09-17T08:48:01","slug":"uaga-inicia-la-campana-de-temporerismo-en-vendimia-con-la-maxima-seguridad-para-agricultores-y-personas-temporeras","status":"publish","type":"post","link":"https:\/\/www.uaga.eus\/eu\/uaga-inicia-la-campana-de-temporerismo-en-vendimia-con-la-maxima-seguridad-para-agricultores-y-personas-temporeras\/","title":{"rendered":"UAGA inicia la campa\u00f1a de temporerismo en vendimia con la m\u00e1xima seguridad para agricultores y personas temporeras"},"content":{"rendered":"<p>En UAGA comenzamos este fin de semana la gesti\u00f3n de la contrataci\u00f3n de personas temporeras para la campa\u00f1a de vendimia, siguiendo al igual que el a\u00f1o pasado, abordando complicada situaci\u00f3n sanitaria generada por la Covid-19.<\/p>\n<p>Garantizamos el cumplimiento de todos los protocolos sanitarios exigidos por el Gobierno Vasco incorpor\u00e1ndolos en nuestros procedimientos de actuaci\u00f3n, tanto en la atenci\u00f3n al colectivo de agricultores como al de personas temporeras, as\u00ed como en el desarrollo de las labores de recolecci\u00f3n.<\/p>\n<p>Para ello, <strong>priorizamos la atenci\u00f3n telef\u00f3nica<\/strong> y, en el caso de atenci\u00f3n presencial, garantizando la ventilaci\u00f3n, distancias de seguridad y uso de mascarillas.<\/p>\n<p>Asimismo, incidiremos especialmente en la formaci\u00f3n impartida al colectivo de personas temporeras y a los agricultores\u00a0sobre los protocolos de seguridad en el campo y los alojamientos en relaci\u00f3n al Covid-19.<\/p>\n<p>El Departamento de Salud del Gobierno Vasco y Osakidetza ofrecer\u00e1n, previo al inicio del trabajo, la realizaci\u00f3n de una prueba PCR a modo de cribado a toda persona trabajadora y garantizar\u00e1n su asistencia sanitaria en caso necesario.<\/p>\n<p>Adem\u00e1s, previo al inicio del trabajo, se ofrecer\u00e1 la vacunaci\u00f3n con una dosis de la vacuna Janssen a toda aquella persona temporera no vacunada que as\u00ed lo solicite.<\/p>\n<p>Las pruebas PCR y la vacunaci\u00f3n se realizar\u00e1n en el\u00a0Front\u00f3n de Laguardia desde el 20 de septiembre y hasta el 15 de octubre.<\/p>\n<p>En el siguiente enlace puedes consultar las diferentes <a href=\"https:\/\/www.euskadi.eus\/web01-a3sasoik\/es\/contenidos\/informacion\/campana_temporeros\/es_agripes\/index.shtml\" data-cke-saved-href=\"https:\/\/www.euskadi.eus\/web01-a3sasoik\/es\/contenidos\/informacion\/campana_temporeros\/es_agripes\/index.shtml\">medidas sanitarias frente al COVID-19<\/a> , como el <a href=\"https:\/\/www.euskadi.eus\/contenidos\/informacion\/campana_temporeros\/es_agripes\/adjuntos\/Protocolo-Temporerismo-y-Covid-2708221cas.pdf\" target=\"_blank\" rel=\"noopener\" data-cke-saved-href=\"https:\/\/www.euskadi.eus\/contenidos\/informacion\/campana_temporeros\/es_agripes\/adjuntos\/Protocolo-Temporerismo-y-Covid-2708221cas.pdf\">Protocolo de actuaci\u00f3n para la contenci\u00f3n del COVID-19 <\/a>,preguntas y respuestas sobre el Protocolo COVID-19 durante la vendimia 2021, v\u00eddeos y folletos explicativos en diferentes idiomas.<\/p>\n<p>Recordar que, a trav\u00e9s del <strong>buz\u00f3n del fraude,<\/strong> habilitado en la\u00a0<a href=\"https:\/\/expinterweb.mitramiss.gob.es\/buzonfraude\/\" data-cke-saved-href=\"https:\/\/expinterweb.mitramiss.gob.es\/buzonfraude\/\">web<\/a>\u00a0del Ministerio de Empleo, los ciudadanos pueden notificar las conductas fraudulentas en el \u00e1mbito laboral para que sean objeto de an\u00e1lisis y, en su caso, de investigaci\u00f3n por la Inspecci\u00f3n de Trabajo de la Seguridad Social.<\/p>\n<p>En este\u00a0buz\u00f3n\u00a0tambi\u00e9n se pueden presentar por v\u00eda telem\u00e1tica denuncias por parte de los trabajadores que sean v\u00edctimas de pr\u00e1cticas de fraude laboral y a la Seguridad Social en las mismas condiciones en las que se realiza por v\u00eda presencial.<\/p>\n<p>El\u00a0<strong>horario de atenci\u00f3n de UAGA en Laguardia<\/strong>\u00a0ser\u00e1 de lunes a domingo, de 8 h. a 14 h., de manera presencial y telef\u00f3nica.<br \/>\n<strong>Por las tardes, y \u00fanicamente con cita previa<\/strong>, se atender\u00e1 de 14:30 h. a 19 h. de lunes a viernes.<\/p>\n<p><strong>Los tel\u00e9fonos de atenci\u00f3n de UAGA para el servicio de temporerismo son los siguientes: 945 600 509;\u00a0635 704 866 y 635 704 867.\u00a0<\/strong><\/p>\n<p>Por otro lado, el Gobierno Vasco\u00a0ha activado el tel\u00e9fono gratuito\u00a0<strong>900 101 400<\/strong>\u00a0para atender todas las cuestiones relativas a temporerismo y la prevenci\u00f3n de la Covid-19 durante la campa\u00f1a de vendimia\u00a0(de lunes a domingo de 08:00 a 14:30 horas).<\/p>\n<p>+INFO NURIA: 661 595 811<\/p>\n","protected":false},"excerpt":{"rendered":"<p>En UAGA comenzamos este fin de semana la gesti\u00f3n de la contrataci\u00f3n de personas temporeras para la campa\u00f1a de vendimia, siguiendo al igual que el a\u00f1o pasado, abordando complicada situaci\u00f3n sanitaria generada por la Covid-19. Garantizamos el cumplimiento de todos los protocolos sanitarios exigidos por el Gobierno Vasco incorpor\u00e1ndolos en nuestros procedimientos de actuaci\u00f3n, tanto [&hellip;]<\/p>\n","protected":false},"author":4,"featured_media":8150,"comment_status":"closed","ping_status":"closed","sticky":false,"template":"","format":"standard","meta":{"footnotes":""},"categories":[7,111,9],"tags":[],"yoast_head":"<!-- This site is optimized with the Yoast SEO plugin v21.5 - https:\/\/yoast.com\/wordpress\/plugins\/seo\/ -->\n<title>UAGA inicia la campa\u00f1a de temporerismo en vendimia con la m\u00e1xima seguridad para agricultores y personas temporeras - UAGA<\/title>\n<meta name=\"robots\" content=\"index, follow, max-snippet:-1, max-image-preview:large, max-video-preview:-1\" \/>\n<link rel=\"canonical\" href=\"https:\/\/www.uaga.eus\/eu\/uaga-inicia-la-campana-de-temporerismo-en-vendimia-con-la-maxima-seguridad-para-agricultores-y-personas-temporeras\/\" \/>\n<meta property=\"og:locale\" content=\"en_US\" \/>\n<meta property=\"og:type\" content=\"article\" \/>\n<meta property=\"og:title\" content=\"UAGA inicia la campa\u00f1a de temporerismo en vendimia con la m\u00e1xima seguridad para agricultores y personas temporeras - UAGA\" \/>\n<meta property=\"og:description\" content=\"En UAGA comenzamos este fin de semana la gesti\u00f3n de la contrataci\u00f3n de personas temporeras para la campa\u00f1a de vendimia, siguiendo al igual que el a\u00f1o pasado, abordando complicada situaci\u00f3n sanitaria generada por la Covid-19. Garantizamos el cumplimiento de todos los protocolos sanitarios exigidos por el Gobierno Vasco incorpor\u00e1ndolos en nuestros procedimientos de actuaci\u00f3n, tanto [&hellip;]\" \/>\n<meta property=\"og:url\" content=\"https:\/\/www.uaga.eus\/eu\/uaga-inicia-la-campana-de-temporerismo-en-vendimia-con-la-maxima-seguridad-para-agricultores-y-personas-temporeras\/\" \/>\n<meta property=\"og:site_name\" content=\"UAGA\" \/>\n<meta property=\"article:published_time\" content=\"2021-09-17T08:48:01+00:00\" \/>\n<meta property=\"og:image\" content=\"https:\/\/www.uaga.eus\/wp-content\/uploads\/2020\/10\/temporero-vendimia-2020.jpg\" \/>\n\t<meta property=\"og:image:width\" content=\"650\" \/>\n\t<meta property=\"og:image:height\" content=\"390\" \/>\n\t<meta property=\"og:image:type\" content=\"image\/jpeg\" \/>\n<meta name=\"author\" content=\"Blanca S\u00e1nchez\" \/>\n<meta name=\"twitter:card\" content=\"summary_large_image\" \/>\n<meta name=\"twitter:label1\" content=\"Written by\" \/>\n\t<meta name=\"twitter:data1\" content=\"Blanca S\u00e1nchez\" \/>\n\t<meta name=\"twitter:label2\" content=\"Est. reading time\" \/>\n\t<meta name=\"twitter:data2\" content=\"2 minutua\" \/>\n<script type=\"application\/ld+json\" class=\"yoast-schema-graph\">{\"@context\":\"https:\/\/schema.org\",\"@graph\":[{\"@type\":\"WebPage\",\"@id\":\"https:\/\/www.uaga.eus\/eu\/uaga-inicia-la-campana-de-temporerismo-en-vendimia-con-la-maxima-seguridad-para-agricultores-y-personas-temporeras\/\",\"url\":\"https:\/\/www.uaga.eus\/eu\/uaga-inicia-la-campana-de-temporerismo-en-vendimia-con-la-maxima-seguridad-para-agricultores-y-personas-temporeras\/\",\"name\":\"UAGA inicia la campa\u00f1a de temporerismo en vendimia con la m\u00e1xima seguridad para agricultores y personas temporeras - UAGA\",\"isPartOf\":{\"@id\":\"https:\/\/www.uaga.eus\/#website\"},\"datePublished\":\"2021-09-17T08:48:01+00:00\",\"dateModified\":\"2021-09-17T08:48:01+00:00\",\"author\":{\"@id\":\"https:\/\/www.uaga.eus\/#\/schema\/person\/48c3cbf0f33d1b788226dbb6518689cf\"},\"breadcrumb\":{\"@id\":\"https:\/\/www.uaga.eus\/eu\/uaga-inicia-la-campana-de-temporerismo-en-vendimia-con-la-maxima-seguridad-para-agricultores-y-personas-temporeras\/#breadcrumb\"},\"inLanguage\":\"eu\",\"potentialAction\":[{\"@type\":\"ReadAction\",\"target\":[\"https:\/\/www.uaga.eus\/eu\/uaga-inicia-la-campana-de-temporerismo-en-vendimia-con-la-maxima-seguridad-para-agricultores-y-personas-temporeras\/\"]}]},{\"@type\":\"BreadcrumbList\",\"@id\":\"https:\/\/www.uaga.eus\/eu\/uaga-inicia-la-campana-de-temporerismo-en-vendimia-con-la-maxima-seguridad-para-agricultores-y-personas-temporeras\/#breadcrumb\",\"itemListElement\":[{\"@type\":\"ListItem\",\"position\":1,\"name\":\"Inicio\",\"item\":\"https:\/\/www.uaga.eus\/\"},{\"@type\":\"ListItem\",\"position\":2,\"name\":\"UAGA inicia la campa\u00f1a de temporerismo en vendimia con la m\u00e1xima seguridad para agricultores y personas temporeras\"}]},{\"@type\":\"WebSite\",\"@id\":\"https:\/\/www.uaga.eus\/#website\",\"url\":\"https:\/\/www.uaga.eus\/\",\"name\":\"UAGA\",\"description\":\"Uni\u00f3n Agroganadera de \u00c1lava - Araba Nekazarien Elkartea\",\"potentialAction\":[{\"@type\":\"SearchAction\",\"target\":{\"@type\":\"EntryPoint\",\"urlTemplate\":\"https:\/\/www.uaga.eus\/?s={search_term_string}\"},\"query-input\":\"required name=search_term_string\"}],\"inLanguage\":\"eu\"},{\"@type\":\"Person\",\"@id\":\"https:\/\/www.uaga.eus\/#\/schema\/person\/48c3cbf0f33d1b788226dbb6518689cf\",\"name\":\"Blanca S\u00e1nchez\",\"image\":{\"@type\":\"ImageObject\",\"inLanguage\":\"eu\",\"@id\":\"https:\/\/www.uaga.eus\/#\/schema\/person\/image\/\",\"url\":\"https:\/\/secure.gravatar.com\/avatar\/0dc91c20648254b1ce84877283f6751b?s=96&d=mm&r=g\",\"contentUrl\":\"https:\/\/secure.gravatar.com\/avatar\/0dc91c20648254b1ce84877283f6751b?s=96&d=mm&r=g\",\"caption\":\"Blanca S\u00e1nchez\"},\"url\":\"https:\/\/www.uaga.eus\/eu\/author\/bsanchez\/\"}]}<\/script>\n<!-- \/ Yoast SEO plugin. -->","yoast_head_json":{"title":"UAGA inicia la campa\u00f1a de temporerismo en vendimia con la m\u00e1xima seguridad para agricultores y personas temporeras - UAGA","robots":{"index":"index","follow":"follow","max-snippet":"max-snippet:-1","max-image-preview":"max-image-preview:large","max-video-preview":"max-video-preview:-1"},"canonical":"https:\/\/www.uaga.eus\/eu\/uaga-inicia-la-campana-de-temporerismo-en-vendimia-con-la-maxima-seguridad-para-agricultores-y-personas-temporeras\/","og_locale":"en_US","og_type":"article","og_title":"UAGA inicia la campa\u00f1a de temporerismo en vendimia con la m\u00e1xima seguridad para agricultores y personas temporeras - UAGA","og_description":"En UAGA comenzamos este fin de semana la gesti\u00f3n de la contrataci\u00f3n de personas temporeras para la campa\u00f1a de vendimia, siguiendo al igual que el a\u00f1o pasado, abordando complicada situaci\u00f3n sanitaria generada por la Covid-19. Garantizamos el cumplimiento de todos los protocolos sanitarios exigidos por el Gobierno Vasco incorpor\u00e1ndolos en nuestros procedimientos de actuaci\u00f3n, tanto [&hellip;]","og_url":"https:\/\/www.uaga.eus\/eu\/uaga-inicia-la-campana-de-temporerismo-en-vendimia-con-la-maxima-seguridad-para-agricultores-y-personas-temporeras\/","og_site_name":"UAGA","article_published_time":"2021-09-17T08:48:01+00:00","og_image":[{"width":650,"height":390,"url":"https:\/\/www.uaga.eus\/wp-content\/uploads\/2020\/10\/temporero-vendimia-2020.jpg","type":"image\/jpeg"}],"author":"Blanca S\u00e1nchez","twitter_card":"summary_large_image","twitter_misc":{"Written by":"Blanca S\u00e1nchez","Est. reading time":"2 minutua"},"schema":{"@context":"https:\/\/schema.org","@graph":[{"@type":"WebPage","@id":"https:\/\/www.uaga.eus\/eu\/uaga-inicia-la-campana-de-temporerismo-en-vendimia-con-la-maxima-seguridad-para-agricultores-y-personas-temporeras\/","url":"https:\/\/www.uaga.eus\/eu\/uaga-inicia-la-campana-de-temporerismo-en-vendimia-con-la-maxima-seguridad-para-agricultores-y-personas-temporeras\/","name":"UAGA inicia la campa\u00f1a de temporerismo en vendimia con la m\u00e1xima seguridad para agricultores y personas temporeras - UAGA","isPartOf":{"@id":"https:\/\/www.uaga.eus\/#website"},"datePublished":"2021-09-17T08:48:01+00:00","dateModified":"2021-09-17T08:48:01+00:00","author":{"@id":"https:\/\/www.uaga.eus\/#\/schema\/person\/48c3cbf0f33d1b788226dbb6518689cf"},"breadcrumb":{"@id":"https:\/\/www.uaga.eus\/eu\/uaga-inicia-la-campana-de-temporerismo-en-vendimia-con-la-maxima-seguridad-para-agricultores-y-personas-temporeras\/#breadcrumb"},"inLanguage":"eu","potentialAction":[{"@type":"ReadAction","target":["https:\/\/www.uaga.eus\/eu\/uaga-inicia-la-campana-de-temporerismo-en-vendimia-con-la-maxima-seguridad-para-agricultores-y-personas-temporeras\/"]}]},{"@type":"BreadcrumbList","@id":"https:\/\/www.uaga.eus\/eu\/uaga-inicia-la-campana-de-temporerismo-en-vendimia-con-la-maxima-seguridad-para-agricultores-y-personas-temporeras\/#breadcrumb","itemListElement":[{"@type":"ListItem","position":1,"name":"Inicio","item":"https:\/\/www.uaga.eus\/"},{"@type":"ListItem","position":2,"name":"UAGA inicia la campa\u00f1a de temporerismo en vendimia con la m\u00e1xima seguridad para agricultores y personas temporeras"}]},{"@type":"WebSite","@id":"https:\/\/www.uaga.eus\/#website","url":"https:\/\/www.uaga.eus\/","name":"UAGA","description":"Uni\u00f3n Agroganadera de \u00c1lava - Araba Nekazarien Elkartea","potentialAction":[{"@type":"SearchAction","target":{"@type":"EntryPoint","urlTemplate":"https:\/\/www.uaga.eus\/?s={search_term_string}"},"query-input":"required name=search_term_string"}],"inLanguage":"eu"},{"@type":"Person","@id":"https:\/\/www.uaga.eus\/#\/schema\/person\/48c3cbf0f33d1b788226dbb6518689cf","name":"Blanca S\u00e1nchez","image":{"@type":"ImageObject","inLanguage":"eu","@id":"https:\/\/www.uaga.eus\/#\/schema\/person\/image\/","url":"https:\/\/secure.gravatar.com\/avatar\/0dc91c20648254b1ce84877283f6751b?s=96&d=mm&r=g","contentUrl":"https:\/\/secure.gravatar.com\/avatar\/0dc91c20648254b1ce84877283f6751b?s=96&d=mm&r=g","caption":"Blanca S\u00e1nchez"},"url":"https:\/\/www.uaga.eus\/eu\/author\/bsanchez\/"}]}},"_links":{"self":[{"href":"https:\/\/www.uaga.eus\/eu\/wp-json\/wp\/v2\/posts\/9238"}],"collection":[{"href":"https:\/\/www.uaga.eus\/eu\/wp-json\/wp\/v2\/posts"}],"about":[{"href":"https:\/\/www.uaga.eus\/eu\/wp-json\/wp\/v2\/types\/post"}],"author":[{"embeddable":true,"href":"https:\/\/www.uaga.eus\/eu\/wp-json\/wp\/v2\/users\/4"}],"replies":[{"embeddable":true,"href":"https:\/\/www.uaga.eus\/eu\/wp-json\/wp\/v2\/comments?post=9238"}],"version-history":[{"count":1,"href":"https:\/\/www.uaga.eus\/eu\/wp-json\/wp\/v2\/posts\/9238\/revisions"}],"predecessor-version":[{"id":9239,"href":"https:\/\/www.uaga.eus\/eu\/wp-json\/wp\/v2\/posts\/9238\/revisions\/9239"}],"wp:featuredmedia":[{"embeddable":true,"href":"https:\/\/www.uaga.eus\/eu\/wp-json\/wp\/v2\/media\/8150"}],"wp:attachment":[{"href":"https:\/\/www.uaga.eus\/eu\/wp-json\/wp\/v2\/media?parent=9238"}],"wp:term":[{"taxonomy":"category","embeddable":true,"href":"https:\/\/www.uaga.eus\/eu\/wp-json\/wp\/v2\/categories?post=9238"},{"taxonomy":"post_tag","embeddable":true,"href":"https:\/\/www.uaga.eus\/eu\/wp-json\/wp\/v2\/tags?post=9238"}],"curies":[{"name":"wp","href":"https:\/\/api.w.org\/{rel}","templated":true}]}}