{"id":9231,"date":"2021-09-17T08:44:43","date_gmt":"2021-09-17T08:44:43","guid":{"rendered":"https:\/\/www.uaga.eus\/?p=9231"},"modified":"2021-09-17T08:44:43","modified_gmt":"2021-09-17T08:44:43","slug":"el-ministerio-de-agricultura-pesca-y-alimentacion-oferta-cursos-de-formacion-para-reducir-la-brecha-digital","status":"publish","type":"post","link":"https:\/\/www.uaga.eus\/eu\/el-ministerio-de-agricultura-pesca-y-alimentacion-oferta-cursos-de-formacion-para-reducir-la-brecha-digital\/","title":{"rendered":"El Ministerio de Agricultura, Pesca y Alimentaci\u00f3n oferta cursos de formaci\u00f3n para reducir la brecha digital"},"content":{"rendered":"<p>El Ministerio de Agricultura, Pesca y Alimentaci\u00f3n ha firmado un convenio con la Universidad de C\u00f3rdoba y la Universidad Polit\u00e9cnica de Madrid para crear un Centro de Competencias, a trav\u00e9s del cual van a ofertar cursos\u00a0de formaci\u00f3n digital\u00a0para el sector agroalimentario y rural para 2021.<\/p>\n<p>Esta acci\u00f3n formativa se enmarca en el II Plan de Acci\u00f3n 2021-2023 de la Estrategia de Digitalizaci\u00f3n del Sector Agroalimentario y Forestal y del Medio Rural del\u00a0 MAPA. Uno de los objetivos de este plan es reducir la brecha de adopci\u00f3n de tecnolog\u00edas digitales en el sector.<\/p>\n<p>Se trata de cursos gratuitos, cortos y compatibles con la actividad profesional que se desarrollar\u00e1n principalmente online a partir de octubre. El plazo de inscripci\u00f3n est\u00e1 abierto hasta el 27 de septiembre.<\/p>\n<p>Los cursos ofertados son los siguientes:<\/p>\n<ul>\n<li>Programa Copernicus. Computaci\u00f3n en la nube de im\u00e1genes de sat\u00e9lite para la toma de decisiones en agricultura<\/li>\n<li>Riego de precisi\u00f3n y gesti\u00f3n eficiente del agua<\/li>\n<li>Maquinaria: tecnolog\u00edas de distribuci\u00f3n variable de insumos, sistemas de seguimiento y trazabilidad<\/li>\n<li>Aplicaciones de ganader\u00eda de precisi\u00f3n<\/li>\n<li>Agroindustria 4.0. Tecnolog\u00edas habilitadoras<\/li>\n<li>Herramientas digitales para el desarrollo rural. Pueblos inteligentes<\/li>\n<li>Herramientas digitales para la gesti\u00f3n de la empresa agroganadera<\/li>\n<li>Control inteligente de procesos y productos a lo largo de toda la cadena agroalimentaria: sensores espectrales y blockchain<\/li>\n<\/ul>\n<p>Cada alumno podr\u00e1 recibir un m\u00e1ximo de 2 cursos de los 8 ofertados en el programa formativo, que ser\u00e1n adjudicados en funci\u00f3n de las solicitudes recibidas y la disponibilidad de plazas. La solicitud podr\u00e1 realizarse a trav\u00e9s de su <a href=\"https:\/\/centrocompetencias.mapa.es\/\" target=\"_blank\" rel=\"noopener\" data-cke-saved-href=\"https:\/\/centrocompetencias.mapa.es\/\">web<\/a><span style=\"color: #000080;\">.<\/span><\/p>\n","protected":false},"excerpt":{"rendered":"<p>El Ministerio de Agricultura, Pesca y Alimentaci\u00f3n ha firmado un convenio con la Universidad de C\u00f3rdoba y la Universidad Polit\u00e9cnica de Madrid para crear un Centro de Competencias, a trav\u00e9s del cual van a ofertar cursos\u00a0de formaci\u00f3n digital\u00a0para el sector agroalimentario y rural para 2021. Esta acci\u00f3n formativa se enmarca en el II Plan de [&hellip;]<\/p>\n","protected":false},"author":4,"featured_media":9234,"comment_status":"closed","ping_status":"closed","sticky":false,"template":"","format":"standard","meta":{"footnotes":""},"categories":[66],"tags":[],"yoast_head":"<!-- This site is optimized with the Yoast SEO plugin v21.5 - https:\/\/yoast.com\/wordpress\/plugins\/seo\/ -->\n<title>El Ministerio de Agricultura, Pesca y Alimentaci\u00f3n oferta cursos de formaci\u00f3n para reducir la brecha digital - UAGA<\/title>\n<meta name=\"robots\" content=\"index, follow, max-snippet:-1, max-image-preview:large, max-video-preview:-1\" \/>\n<link rel=\"canonical\" href=\"https:\/\/www.uaga.eus\/el-ministerio-de-agricultura-pesca-y-alimentacion-oferta-cursos-de-formacion-para-reducir-la-brecha-digital\/\" \/>\n<meta property=\"og:locale\" content=\"en_US\" \/>\n<meta property=\"og:type\" content=\"article\" \/>\n<meta property=\"og:title\" content=\"El Ministerio de Agricultura, Pesca y Alimentaci\u00f3n oferta cursos de formaci\u00f3n para reducir la brecha digital - UAGA\" \/>\n<meta property=\"og:description\" content=\"El Ministerio de Agricultura, Pesca y Alimentaci\u00f3n ha firmado un convenio con la Universidad de C\u00f3rdoba y la Universidad Polit\u00e9cnica de Madrid para crear un Centro de Competencias, a trav\u00e9s del cual van a ofertar cursos\u00a0de formaci\u00f3n digital\u00a0para el sector agroalimentario y rural para 2021. Esta acci\u00f3n formativa se enmarca en el II Plan de [&hellip;]\" \/>\n<meta property=\"og:url\" content=\"https:\/\/www.uaga.eus\/el-ministerio-de-agricultura-pesca-y-alimentacion-oferta-cursos-de-formacion-para-reducir-la-brecha-digital\/\" \/>\n<meta property=\"og:site_name\" content=\"UAGA\" \/>\n<meta property=\"article:published_time\" content=\"2021-09-17T08:44:43+00:00\" \/>\n<meta property=\"og:image\" content=\"https:\/\/www.uaga.eus\/wp-content\/uploads\/2021\/09\/logo-digitalizaci\u00f3n-MAPA.jpg\" \/>\n\t<meta property=\"og:image:width\" content=\"650\" \/>\n\t<meta property=\"og:image:height\" content=\"287\" \/>\n\t<meta property=\"og:image:type\" content=\"image\/jpeg\" \/>\n<meta name=\"author\" content=\"Blanca S\u00e1nchez\" \/>\n<meta name=\"twitter:card\" content=\"summary_large_image\" \/>\n<meta name=\"twitter:label1\" content=\"Written by\" \/>\n\t<meta name=\"twitter:data1\" content=\"Blanca S\u00e1nchez\" \/>\n\t<meta name=\"twitter:label2\" content=\"Est. reading time\" \/>\n\t<meta name=\"twitter:data2\" content=\"1 minutua\" \/>\n<script type=\"application\/ld+json\" class=\"yoast-schema-graph\">{\"@context\":\"https:\/\/schema.org\",\"@graph\":[{\"@type\":\"WebPage\",\"@id\":\"https:\/\/www.uaga.eus\/el-ministerio-de-agricultura-pesca-y-alimentacion-oferta-cursos-de-formacion-para-reducir-la-brecha-digital\/\",\"url\":\"https:\/\/www.uaga.eus\/el-ministerio-de-agricultura-pesca-y-alimentacion-oferta-cursos-de-formacion-para-reducir-la-brecha-digital\/\",\"name\":\"El Ministerio de Agricultura, Pesca y Alimentaci\u00f3n oferta cursos de formaci\u00f3n para reducir la brecha digital - UAGA\",\"isPartOf\":{\"@id\":\"https:\/\/www.uaga.eus\/#website\"},\"datePublished\":\"2021-09-17T08:44:43+00:00\",\"dateModified\":\"2021-09-17T08:44:43+00:00\",\"author\":{\"@id\":\"https:\/\/www.uaga.eus\/#\/schema\/person\/48c3cbf0f33d1b788226dbb6518689cf\"},\"breadcrumb\":{\"@id\":\"https:\/\/www.uaga.eus\/el-ministerio-de-agricultura-pesca-y-alimentacion-oferta-cursos-de-formacion-para-reducir-la-brecha-digital\/#breadcrumb\"},\"inLanguage\":\"eu\",\"potentialAction\":[{\"@type\":\"ReadAction\",\"target\":[\"https:\/\/www.uaga.eus\/el-ministerio-de-agricultura-pesca-y-alimentacion-oferta-cursos-de-formacion-para-reducir-la-brecha-digital\/\"]}]},{\"@type\":\"BreadcrumbList\",\"@id\":\"https:\/\/www.uaga.eus\/el-ministerio-de-agricultura-pesca-y-alimentacion-oferta-cursos-de-formacion-para-reducir-la-brecha-digital\/#breadcrumb\",\"itemListElement\":[{\"@type\":\"ListItem\",\"position\":1,\"name\":\"Inicio\",\"item\":\"https:\/\/www.uaga.eus\/\"},{\"@type\":\"ListItem\",\"position\":2,\"name\":\"El Ministerio de Agricultura, Pesca y Alimentaci\u00f3n oferta cursos de formaci\u00f3n para reducir la brecha digital\"}]},{\"@type\":\"WebSite\",\"@id\":\"https:\/\/www.uaga.eus\/#website\",\"url\":\"https:\/\/www.uaga.eus\/\",\"name\":\"UAGA\",\"description\":\"Uni\u00f3n Agroganadera de \u00c1lava - Araba Nekazarien Elkartea\",\"potentialAction\":[{\"@type\":\"SearchAction\",\"target\":{\"@type\":\"EntryPoint\",\"urlTemplate\":\"https:\/\/www.uaga.eus\/?s={search_term_string}\"},\"query-input\":\"required name=search_term_string\"}],\"inLanguage\":\"eu\"},{\"@type\":\"Person\",\"@id\":\"https:\/\/www.uaga.eus\/#\/schema\/person\/48c3cbf0f33d1b788226dbb6518689cf\",\"name\":\"Blanca S\u00e1nchez\",\"image\":{\"@type\":\"ImageObject\",\"inLanguage\":\"eu\",\"@id\":\"https:\/\/www.uaga.eus\/#\/schema\/person\/image\/\",\"url\":\"https:\/\/secure.gravatar.com\/avatar\/0dc91c20648254b1ce84877283f6751b?s=96&d=mm&r=g\",\"contentUrl\":\"https:\/\/secure.gravatar.com\/avatar\/0dc91c20648254b1ce84877283f6751b?s=96&d=mm&r=g\",\"caption\":\"Blanca S\u00e1nchez\"},\"url\":\"https:\/\/www.uaga.eus\/eu\/author\/bsanchez\/\"}]}<\/script>\n<!-- \/ Yoast SEO plugin. -->","yoast_head_json":{"title":"El Ministerio de Agricultura, Pesca y Alimentaci\u00f3n oferta cursos de formaci\u00f3n para reducir la brecha digital - UAGA","robots":{"index":"index","follow":"follow","max-snippet":"max-snippet:-1","max-image-preview":"max-image-preview:large","max-video-preview":"max-video-preview:-1"},"canonical":"https:\/\/www.uaga.eus\/el-ministerio-de-agricultura-pesca-y-alimentacion-oferta-cursos-de-formacion-para-reducir-la-brecha-digital\/","og_locale":"en_US","og_type":"article","og_title":"El Ministerio de Agricultura, Pesca y Alimentaci\u00f3n oferta cursos de formaci\u00f3n para reducir la brecha digital - UAGA","og_description":"El Ministerio de Agricultura, Pesca y Alimentaci\u00f3n ha firmado un convenio con la Universidad de C\u00f3rdoba y la Universidad Polit\u00e9cnica de Madrid para crear un Centro de Competencias, a trav\u00e9s del cual van a ofertar cursos\u00a0de formaci\u00f3n digital\u00a0para el sector agroalimentario y rural para 2021. Esta acci\u00f3n formativa se enmarca en el II Plan de [&hellip;]","og_url":"https:\/\/www.uaga.eus\/el-ministerio-de-agricultura-pesca-y-alimentacion-oferta-cursos-de-formacion-para-reducir-la-brecha-digital\/","og_site_name":"UAGA","article_published_time":"2021-09-17T08:44:43+00:00","og_image":[{"width":650,"height":287,"url":"https:\/\/www.uaga.eus\/wp-content\/uploads\/2021\/09\/logo-digitalizaci\u00f3n-MAPA.jpg","type":"image\/jpeg"}],"author":"Blanca S\u00e1nchez","twitter_card":"summary_large_image","twitter_misc":{"Written by":"Blanca S\u00e1nchez","Est. reading time":"1 minutua"},"schema":{"@context":"https:\/\/schema.org","@graph":[{"@type":"WebPage","@id":"https:\/\/www.uaga.eus\/el-ministerio-de-agricultura-pesca-y-alimentacion-oferta-cursos-de-formacion-para-reducir-la-brecha-digital\/","url":"https:\/\/www.uaga.eus\/el-ministerio-de-agricultura-pesca-y-alimentacion-oferta-cursos-de-formacion-para-reducir-la-brecha-digital\/","name":"El Ministerio de Agricultura, Pesca y Alimentaci\u00f3n oferta cursos de formaci\u00f3n para reducir la brecha digital - UAGA","isPartOf":{"@id":"https:\/\/www.uaga.eus\/#website"},"datePublished":"2021-09-17T08:44:43+00:00","dateModified":"2021-09-17T08:44:43+00:00","author":{"@id":"https:\/\/www.uaga.eus\/#\/schema\/person\/48c3cbf0f33d1b788226dbb6518689cf"},"breadcrumb":{"@id":"https:\/\/www.uaga.eus\/el-ministerio-de-agricultura-pesca-y-alimentacion-oferta-cursos-de-formacion-para-reducir-la-brecha-digital\/#breadcrumb"},"inLanguage":"eu","potentialAction":[{"@type":"ReadAction","target":["https:\/\/www.uaga.eus\/el-ministerio-de-agricultura-pesca-y-alimentacion-oferta-cursos-de-formacion-para-reducir-la-brecha-digital\/"]}]},{"@type":"BreadcrumbList","@id":"https:\/\/www.uaga.eus\/el-ministerio-de-agricultura-pesca-y-alimentacion-oferta-cursos-de-formacion-para-reducir-la-brecha-digital\/#breadcrumb","itemListElement":[{"@type":"ListItem","position":1,"name":"Inicio","item":"https:\/\/www.uaga.eus\/"},{"@type":"ListItem","position":2,"name":"El Ministerio de Agricultura, Pesca y Alimentaci\u00f3n oferta cursos de formaci\u00f3n para reducir la brecha digital"}]},{"@type":"WebSite","@id":"https:\/\/www.uaga.eus\/#website","url":"https:\/\/www.uaga.eus\/","name":"UAGA","description":"Uni\u00f3n Agroganadera de \u00c1lava - Araba Nekazarien Elkartea","potentialAction":[{"@type":"SearchAction","target":{"@type":"EntryPoint","urlTemplate":"https:\/\/www.uaga.eus\/?s={search_term_string}"},"query-input":"required name=search_term_string"}],"inLanguage":"eu"},{"@type":"Person","@id":"https:\/\/www.uaga.eus\/#\/schema\/person\/48c3cbf0f33d1b788226dbb6518689cf","name":"Blanca S\u00e1nchez","image":{"@type":"ImageObject","inLanguage":"eu","@id":"https:\/\/www.uaga.eus\/#\/schema\/person\/image\/","url":"https:\/\/secure.gravatar.com\/avatar\/0dc91c20648254b1ce84877283f6751b?s=96&d=mm&r=g","contentUrl":"https:\/\/secure.gravatar.com\/avatar\/0dc91c20648254b1ce84877283f6751b?s=96&d=mm&r=g","caption":"Blanca S\u00e1nchez"},"url":"https:\/\/www.uaga.eus\/eu\/author\/bsanchez\/"}]}},"_links":{"self":[{"href":"https:\/\/www.uaga.eus\/eu\/wp-json\/wp\/v2\/posts\/9231"}],"collection":[{"href":"https:\/\/www.uaga.eus\/eu\/wp-json\/wp\/v2\/posts"}],"about":[{"href":"https:\/\/www.uaga.eus\/eu\/wp-json\/wp\/v2\/types\/post"}],"author":[{"embeddable":true,"href":"https:\/\/www.uaga.eus\/eu\/wp-json\/wp\/v2\/users\/4"}],"replies":[{"embeddable":true,"href":"https:\/\/www.uaga.eus\/eu\/wp-json\/wp\/v2\/comments?post=9231"}],"version-history":[{"count":1,"href":"https:\/\/www.uaga.eus\/eu\/wp-json\/wp\/v2\/posts\/9231\/revisions"}],"predecessor-version":[{"id":9235,"href":"https:\/\/www.uaga.eus\/eu\/wp-json\/wp\/v2\/posts\/9231\/revisions\/9235"}],"wp:featuredmedia":[{"embeddable":true,"href":"https:\/\/www.uaga.eus\/eu\/wp-json\/wp\/v2\/media\/9234"}],"wp:attachment":[{"href":"https:\/\/www.uaga.eus\/eu\/wp-json\/wp\/v2\/media?parent=9231"}],"wp:term":[{"taxonomy":"category","embeddable":true,"href":"https:\/\/www.uaga.eus\/eu\/wp-json\/wp\/v2\/categories?post=9231"},{"taxonomy":"post_tag","embeddable":true,"href":"https:\/\/www.uaga.eus\/eu\/wp-json\/wp\/v2\/tags?post=9231"}],"curies":[{"name":"wp","href":"https:\/\/api.w.org\/{rel}","templated":true}]}}