{"id":9178,"date":"2021-07-29T11:11:06","date_gmt":"2021-07-29T11:11:06","guid":{"rendered":"https:\/\/www.uaga.eus\/?p=9178"},"modified":"2021-07-29T11:11:06","modified_gmt":"2021-07-29T11:11:06","slug":"el-ministerio-de-agricultura-publica-un-informe-de-situacion-del-sector-vacuno-carne","status":"publish","type":"post","link":"https:\/\/www.uaga.eus\/eu\/el-ministerio-de-agricultura-publica-un-informe-de-situacion-del-sector-vacuno-carne\/","title":{"rendered":"El Ministerio de Agricultura publica un informe de situaci\u00f3n del sector vacuno carne\u00a0\u00a0"},"content":{"rendered":"<p>El Ministerio de Agricultura ha publicado un informe sobre la situaci\u00f3n del mercado del sector vacuno de carne, con datos de la evoluci\u00f3n del valor econ\u00f3mico de la producci\u00f3n, censos, evoluci\u00f3n de la producci\u00f3n de carne, a nivel estatal y europeo, datos sobre producciones diferenciadas, evoluci\u00f3n de precios y comercio exterior.<\/p>\n<p>Cabe destacar la reducci\u00f3n del n\u00famero de explotaciones del sector en un 7% en el periodo 2014-2020, y un incremento del 8% en los precios del a\u00f1ojo en el periodo 2020-2021 y del 11% en el mercado de vacas.<\/p>\n<p>Por otra parte, se han incrementado las exportaciones entre enero y abril 2021.<\/p>\n<p>Puedes consultar el <a href=\"https:\/\/mcusercontent.com\/498b950ccfc4b8d0e600d7e48\/files\/f33534eb-dd1d-3148-2b41-09affec44809\/20210715_COAGA_Informe_situacio_n_mercado_VACUNO_CARNE.pdf\" target=\"_blank\" rel=\"noopener\" data-cke-saved-href=\"https:\/\/mcusercontent.com\/498b950ccfc4b8d0e600d7e48\/files\/f33534eb-dd1d-3148-2b41-09affec44809\/20210715_COAGA_Informe_situacio_n_mercado_VACUNO_CARNE.pdf\">informe<\/a> completo.<\/p>\n<p>+INFO GUSTAVO: 635 704 865<\/p>\n","protected":false},"excerpt":{"rendered":"<p>El Ministerio de Agricultura ha publicado un informe sobre la situaci\u00f3n del mercado del sector vacuno de carne, con datos de la evoluci\u00f3n del valor econ\u00f3mico de la producci\u00f3n, censos, evoluci\u00f3n de la producci\u00f3n de carne, a nivel estatal y europeo, datos sobre producciones diferenciadas, evoluci\u00f3n de precios y comercio exterior. Cabe destacar la reducci\u00f3n [&hellip;]<\/p>\n","protected":false},"author":4,"featured_media":2990,"comment_status":"closed","ping_status":"closed","sticky":false,"template":"","format":"standard","meta":{"footnotes":""},"categories":[12,8],"tags":[],"yoast_head":"<!-- This site is optimized with the Yoast SEO plugin v21.5 - https:\/\/yoast.com\/wordpress\/plugins\/seo\/ -->\n<title>El Ministerio de Agricultura publica un informe de situaci\u00f3n del sector vacuno carne\u00a0\u00a0 - UAGA<\/title>\n<meta name=\"robots\" content=\"index, follow, max-snippet:-1, max-image-preview:large, max-video-preview:-1\" \/>\n<link rel=\"canonical\" href=\"https:\/\/www.uaga.eus\/el-ministerio-de-agricultura-publica-un-informe-de-situacion-del-sector-vacuno-carne\/\" \/>\n<meta property=\"og:locale\" content=\"en_US\" \/>\n<meta property=\"og:type\" content=\"article\" \/>\n<meta property=\"og:title\" content=\"El Ministerio de Agricultura publica un informe de situaci\u00f3n del sector vacuno carne\u00a0\u00a0 - UAGA\" \/>\n<meta property=\"og:description\" content=\"El Ministerio de Agricultura ha publicado un informe sobre la situaci\u00f3n del mercado del sector vacuno de carne, con datos de la evoluci\u00f3n del valor econ\u00f3mico de la producci\u00f3n, censos, evoluci\u00f3n de la producci\u00f3n de carne, a nivel estatal y europeo, datos sobre producciones diferenciadas, evoluci\u00f3n de precios y comercio exterior. Cabe destacar la reducci\u00f3n [&hellip;]\" \/>\n<meta property=\"og:url\" content=\"https:\/\/www.uaga.eus\/el-ministerio-de-agricultura-publica-un-informe-de-situacion-del-sector-vacuno-carne\/\" \/>\n<meta property=\"og:site_name\" content=\"UAGA\" \/>\n<meta property=\"article:published_time\" content=\"2021-07-29T11:11:06+00:00\" \/>\n<meta property=\"og:image\" content=\"https:\/\/www.uaga.eus\/wp-content\/uploads\/2018\/06\/vaca-e1529062726466.jpg\" \/>\n\t<meta property=\"og:image:width\" content=\"700\" \/>\n\t<meta property=\"og:image:height\" content=\"413\" \/>\n\t<meta property=\"og:image:type\" content=\"image\/jpeg\" \/>\n<meta name=\"author\" content=\"Blanca S\u00e1nchez\" \/>\n<meta name=\"twitter:card\" content=\"summary_large_image\" \/>\n<meta name=\"twitter:label1\" content=\"Written by\" \/>\n\t<meta name=\"twitter:data1\" content=\"Blanca S\u00e1nchez\" \/>\n\t<meta name=\"twitter:label2\" content=\"Est. reading time\" \/>\n\t<meta name=\"twitter:data2\" content=\"1 minutua\" \/>\n<script type=\"application\/ld+json\" class=\"yoast-schema-graph\">{\"@context\":\"https:\/\/schema.org\",\"@graph\":[{\"@type\":\"WebPage\",\"@id\":\"https:\/\/www.uaga.eus\/el-ministerio-de-agricultura-publica-un-informe-de-situacion-del-sector-vacuno-carne\/\",\"url\":\"https:\/\/www.uaga.eus\/el-ministerio-de-agricultura-publica-un-informe-de-situacion-del-sector-vacuno-carne\/\",\"name\":\"El Ministerio de Agricultura publica un informe de situaci\u00f3n del sector vacuno carne\u00a0\u00a0 - UAGA\",\"isPartOf\":{\"@id\":\"https:\/\/www.uaga.eus\/#website\"},\"datePublished\":\"2021-07-29T11:11:06+00:00\",\"dateModified\":\"2021-07-29T11:11:06+00:00\",\"author\":{\"@id\":\"https:\/\/www.uaga.eus\/#\/schema\/person\/48c3cbf0f33d1b788226dbb6518689cf\"},\"breadcrumb\":{\"@id\":\"https:\/\/www.uaga.eus\/el-ministerio-de-agricultura-publica-un-informe-de-situacion-del-sector-vacuno-carne\/#breadcrumb\"},\"inLanguage\":\"eu\",\"potentialAction\":[{\"@type\":\"ReadAction\",\"target\":[\"https:\/\/www.uaga.eus\/el-ministerio-de-agricultura-publica-un-informe-de-situacion-del-sector-vacuno-carne\/\"]}]},{\"@type\":\"BreadcrumbList\",\"@id\":\"https:\/\/www.uaga.eus\/el-ministerio-de-agricultura-publica-un-informe-de-situacion-del-sector-vacuno-carne\/#breadcrumb\",\"itemListElement\":[{\"@type\":\"ListItem\",\"position\":1,\"name\":\"Inicio\",\"item\":\"https:\/\/www.uaga.eus\/\"},{\"@type\":\"ListItem\",\"position\":2,\"name\":\"El Ministerio de Agricultura publica un informe de situaci\u00f3n del sector vacuno carne\u00a0\u00a0\"}]},{\"@type\":\"WebSite\",\"@id\":\"https:\/\/www.uaga.eus\/#website\",\"url\":\"https:\/\/www.uaga.eus\/\",\"name\":\"UAGA\",\"description\":\"Uni\u00f3n Agroganadera de \u00c1lava - Araba Nekazarien Elkartea\",\"potentialAction\":[{\"@type\":\"SearchAction\",\"target\":{\"@type\":\"EntryPoint\",\"urlTemplate\":\"https:\/\/www.uaga.eus\/?s={search_term_string}\"},\"query-input\":\"required name=search_term_string\"}],\"inLanguage\":\"eu\"},{\"@type\":\"Person\",\"@id\":\"https:\/\/www.uaga.eus\/#\/schema\/person\/48c3cbf0f33d1b788226dbb6518689cf\",\"name\":\"Blanca S\u00e1nchez\",\"image\":{\"@type\":\"ImageObject\",\"inLanguage\":\"eu\",\"@id\":\"https:\/\/www.uaga.eus\/#\/schema\/person\/image\/\",\"url\":\"https:\/\/secure.gravatar.com\/avatar\/0dc91c20648254b1ce84877283f6751b?s=96&d=mm&r=g\",\"contentUrl\":\"https:\/\/secure.gravatar.com\/avatar\/0dc91c20648254b1ce84877283f6751b?s=96&d=mm&r=g\",\"caption\":\"Blanca S\u00e1nchez\"},\"url\":\"https:\/\/www.uaga.eus\/eu\/author\/bsanchez\/\"}]}<\/script>\n<!-- \/ Yoast SEO plugin. -->","yoast_head_json":{"title":"El Ministerio de Agricultura publica un informe de situaci\u00f3n del sector vacuno carne\u00a0\u00a0 - UAGA","robots":{"index":"index","follow":"follow","max-snippet":"max-snippet:-1","max-image-preview":"max-image-preview:large","max-video-preview":"max-video-preview:-1"},"canonical":"https:\/\/www.uaga.eus\/el-ministerio-de-agricultura-publica-un-informe-de-situacion-del-sector-vacuno-carne\/","og_locale":"en_US","og_type":"article","og_title":"El Ministerio de Agricultura publica un informe de situaci\u00f3n del sector vacuno carne\u00a0\u00a0 - UAGA","og_description":"El Ministerio de Agricultura ha publicado un informe sobre la situaci\u00f3n del mercado del sector vacuno de carne, con datos de la evoluci\u00f3n del valor econ\u00f3mico de la producci\u00f3n, censos, evoluci\u00f3n de la producci\u00f3n de carne, a nivel estatal y europeo, datos sobre producciones diferenciadas, evoluci\u00f3n de precios y comercio exterior. Cabe destacar la reducci\u00f3n [&hellip;]","og_url":"https:\/\/www.uaga.eus\/el-ministerio-de-agricultura-publica-un-informe-de-situacion-del-sector-vacuno-carne\/","og_site_name":"UAGA","article_published_time":"2021-07-29T11:11:06+00:00","og_image":[{"width":700,"height":413,"url":"https:\/\/www.uaga.eus\/wp-content\/uploads\/2018\/06\/vaca-e1529062726466.jpg","type":"image\/jpeg"}],"author":"Blanca S\u00e1nchez","twitter_card":"summary_large_image","twitter_misc":{"Written by":"Blanca S\u00e1nchez","Est. reading time":"1 minutua"},"schema":{"@context":"https:\/\/schema.org","@graph":[{"@type":"WebPage","@id":"https:\/\/www.uaga.eus\/el-ministerio-de-agricultura-publica-un-informe-de-situacion-del-sector-vacuno-carne\/","url":"https:\/\/www.uaga.eus\/el-ministerio-de-agricultura-publica-un-informe-de-situacion-del-sector-vacuno-carne\/","name":"El Ministerio de Agricultura publica un informe de situaci\u00f3n del sector vacuno carne\u00a0\u00a0 - UAGA","isPartOf":{"@id":"https:\/\/www.uaga.eus\/#website"},"datePublished":"2021-07-29T11:11:06+00:00","dateModified":"2021-07-29T11:11:06+00:00","author":{"@id":"https:\/\/www.uaga.eus\/#\/schema\/person\/48c3cbf0f33d1b788226dbb6518689cf"},"breadcrumb":{"@id":"https:\/\/www.uaga.eus\/el-ministerio-de-agricultura-publica-un-informe-de-situacion-del-sector-vacuno-carne\/#breadcrumb"},"inLanguage":"eu","potentialAction":[{"@type":"ReadAction","target":["https:\/\/www.uaga.eus\/el-ministerio-de-agricultura-publica-un-informe-de-situacion-del-sector-vacuno-carne\/"]}]},{"@type":"BreadcrumbList","@id":"https:\/\/www.uaga.eus\/el-ministerio-de-agricultura-publica-un-informe-de-situacion-del-sector-vacuno-carne\/#breadcrumb","itemListElement":[{"@type":"ListItem","position":1,"name":"Inicio","item":"https:\/\/www.uaga.eus\/"},{"@type":"ListItem","position":2,"name":"El Ministerio de Agricultura publica un informe de situaci\u00f3n del sector vacuno carne\u00a0\u00a0"}]},{"@type":"WebSite","@id":"https:\/\/www.uaga.eus\/#website","url":"https:\/\/www.uaga.eus\/","name":"UAGA","description":"Uni\u00f3n Agroganadera de \u00c1lava - Araba Nekazarien Elkartea","potentialAction":[{"@type":"SearchAction","target":{"@type":"EntryPoint","urlTemplate":"https:\/\/www.uaga.eus\/?s={search_term_string}"},"query-input":"required name=search_term_string"}],"inLanguage":"eu"},{"@type":"Person","@id":"https:\/\/www.uaga.eus\/#\/schema\/person\/48c3cbf0f33d1b788226dbb6518689cf","name":"Blanca S\u00e1nchez","image":{"@type":"ImageObject","inLanguage":"eu","@id":"https:\/\/www.uaga.eus\/#\/schema\/person\/image\/","url":"https:\/\/secure.gravatar.com\/avatar\/0dc91c20648254b1ce84877283f6751b?s=96&d=mm&r=g","contentUrl":"https:\/\/secure.gravatar.com\/avatar\/0dc91c20648254b1ce84877283f6751b?s=96&d=mm&r=g","caption":"Blanca S\u00e1nchez"},"url":"https:\/\/www.uaga.eus\/eu\/author\/bsanchez\/"}]}},"_links":{"self":[{"href":"https:\/\/www.uaga.eus\/eu\/wp-json\/wp\/v2\/posts\/9178"}],"collection":[{"href":"https:\/\/www.uaga.eus\/eu\/wp-json\/wp\/v2\/posts"}],"about":[{"href":"https:\/\/www.uaga.eus\/eu\/wp-json\/wp\/v2\/types\/post"}],"author":[{"embeddable":true,"href":"https:\/\/www.uaga.eus\/eu\/wp-json\/wp\/v2\/users\/4"}],"replies":[{"embeddable":true,"href":"https:\/\/www.uaga.eus\/eu\/wp-json\/wp\/v2\/comments?post=9178"}],"version-history":[{"count":1,"href":"https:\/\/www.uaga.eus\/eu\/wp-json\/wp\/v2\/posts\/9178\/revisions"}],"predecessor-version":[{"id":9179,"href":"https:\/\/www.uaga.eus\/eu\/wp-json\/wp\/v2\/posts\/9178\/revisions\/9179"}],"wp:featuredmedia":[{"embeddable":true,"href":"https:\/\/www.uaga.eus\/eu\/wp-json\/wp\/v2\/media\/2990"}],"wp:attachment":[{"href":"https:\/\/www.uaga.eus\/eu\/wp-json\/wp\/v2\/media?parent=9178"}],"wp:term":[{"taxonomy":"category","embeddable":true,"href":"https:\/\/www.uaga.eus\/eu\/wp-json\/wp\/v2\/categories?post=9178"},{"taxonomy":"post_tag","embeddable":true,"href":"https:\/\/www.uaga.eus\/eu\/wp-json\/wp\/v2\/tags?post=9178"}],"curies":[{"name":"wp","href":"https:\/\/api.w.org\/{rel}","templated":true}]}}