{"id":9164,"date":"2021-07-23T12:21:49","date_gmt":"2021-07-23T12:21:49","guid":{"rendered":"https:\/\/www.uaga.eus\/?p=9164"},"modified":"2021-07-23T12:25:32","modified_gmt":"2021-07-23T12:25:32","slug":"los-sectores-ganaderos-de-vacuno-de-uaga-debaten-sobre-la-propuesta-de-diputacion-de-catalogar-a-alava-como-territorio-indemne-de-tuberculosis","status":"publish","type":"post","link":"https:\/\/www.uaga.eus\/eu\/los-sectores-ganaderos-de-vacuno-de-uaga-debaten-sobre-la-propuesta-de-diputacion-de-catalogar-a-alava-como-territorio-indemne-de-tuberculosis\/","title":{"rendered":"Los sectores ganaderos de vacuno de UAGA debaten sobre la propuesta de Diputaci\u00f3n\u00a0de catalogar a \u00c1lava como territorio indemne de tuberculosis\u00a0"},"content":{"rendered":"<p>Esta semana hemos celebrado una reuni\u00f3n con las Juntas Sectoriales de vacuno de leche y carne de UAGA para debatir la situaci\u00f3n actual de ambos subsectores con bajos precios y poca fuerza frente a la industria, compartiendo una visi\u00f3n a futuro de dif\u00edcil relevo generacional.<\/p>\n<p>Una de las cuestiones de debate, de gran importancia para el sector, es la propuesta que ha lanzado Diputaci\u00f3n de solicitar la catalogaci\u00f3n de territorio indemne de tuberculosis para \u00c1lava, categorizaci\u00f3n que supondr\u00eda un cambio de los procedimientos de actuaci\u00f3n en caso de detecci\u00f3n de positivos en una explotaci\u00f3n, en cuyo caso desaparecer\u00edan las campa\u00f1as sanitarias y, en caso de un positivo en una granja, se aplicar\u00eda el\u00a0vaciado sanitario de la misma.<\/p>\n<p>Los sectores ganaderos de UAGA hemos rechazado esta iniciativa, informando de ello a la Diputaci\u00f3n para solicitar un debate de mayor profundidad y llegar a un acuerdo con el sector.<\/p>\n<p>+INFO GUSTAVO: 635 704 865<\/p>\n","protected":false},"excerpt":{"rendered":"<p>Esta semana hemos celebrado una reuni\u00f3n con las Juntas Sectoriales de vacuno de leche y carne de UAGA para debatir la situaci\u00f3n actual de ambos subsectores con bajos precios y poca fuerza frente a la industria, compartiendo una visi\u00f3n a futuro de dif\u00edcil relevo generacional. Una de las cuestiones de debate, de gran importancia para [&hellip;]<\/p>\n","protected":false},"author":4,"featured_media":9165,"comment_status":"closed","ping_status":"closed","sticky":false,"template":"","format":"standard","meta":{"footnotes":""},"categories":[8],"tags":[],"yoast_head":"<!-- This site is optimized with the Yoast SEO plugin v21.5 - https:\/\/yoast.com\/wordpress\/plugins\/seo\/ -->\n<title>Los sectores ganaderos de vacuno de UAGA debaten sobre la propuesta de Diputaci\u00f3n\u00a0de catalogar a \u00c1lava como territorio indemne de tuberculosis\u00a0 - UAGA<\/title>\n<meta name=\"robots\" content=\"index, follow, max-snippet:-1, max-image-preview:large, max-video-preview:-1\" \/>\n<link rel=\"canonical\" href=\"https:\/\/www.uaga.eus\/los-sectores-ganaderos-de-vacuno-de-uaga-debaten-sobre-la-propuesta-de-diputacion-de-catalogar-a-alava-como-territorio-indemne-de-tuberculosis\/\" \/>\n<meta property=\"og:locale\" content=\"en_US\" \/>\n<meta property=\"og:type\" content=\"article\" \/>\n<meta property=\"og:title\" content=\"Los sectores ganaderos de vacuno de UAGA debaten sobre la propuesta de Diputaci\u00f3n\u00a0de catalogar a \u00c1lava como territorio indemne de tuberculosis\u00a0 - UAGA\" \/>\n<meta property=\"og:description\" content=\"Esta semana hemos celebrado una reuni\u00f3n con las Juntas Sectoriales de vacuno de leche y carne de UAGA para debatir la situaci\u00f3n actual de ambos subsectores con bajos precios y poca fuerza frente a la industria, compartiendo una visi\u00f3n a futuro de dif\u00edcil relevo generacional. Una de las cuestiones de debate, de gran importancia para [&hellip;]\" \/>\n<meta property=\"og:url\" content=\"https:\/\/www.uaga.eus\/los-sectores-ganaderos-de-vacuno-de-uaga-debaten-sobre-la-propuesta-de-diputacion-de-catalogar-a-alava-como-territorio-indemne-de-tuberculosis\/\" \/>\n<meta property=\"og:site_name\" content=\"UAGA\" \/>\n<meta property=\"article:published_time\" content=\"2021-07-23T12:21:49+00:00\" \/>\n<meta property=\"article:modified_time\" content=\"2021-07-23T12:25:32+00:00\" \/>\n<meta property=\"og:image\" content=\"https:\/\/www.uaga.eus\/wp-content\/uploads\/2021\/07\/P20-1-e1627042895647.jpg\" \/>\n\t<meta property=\"og:image:width\" content=\"700\" \/>\n\t<meta property=\"og:image:height\" content=\"434\" \/>\n\t<meta property=\"og:image:type\" content=\"image\/jpeg\" \/>\n<meta name=\"author\" content=\"Blanca S\u00e1nchez\" \/>\n<meta name=\"twitter:card\" content=\"summary_large_image\" \/>\n<meta name=\"twitter:label1\" content=\"Written by\" \/>\n\t<meta name=\"twitter:data1\" content=\"Blanca S\u00e1nchez\" \/>\n\t<meta name=\"twitter:label2\" content=\"Est. reading time\" \/>\n\t<meta name=\"twitter:data2\" content=\"1 minutua\" \/>\n<script type=\"application\/ld+json\" class=\"yoast-schema-graph\">{\"@context\":\"https:\/\/schema.org\",\"@graph\":[{\"@type\":\"WebPage\",\"@id\":\"https:\/\/www.uaga.eus\/los-sectores-ganaderos-de-vacuno-de-uaga-debaten-sobre-la-propuesta-de-diputacion-de-catalogar-a-alava-como-territorio-indemne-de-tuberculosis\/\",\"url\":\"https:\/\/www.uaga.eus\/los-sectores-ganaderos-de-vacuno-de-uaga-debaten-sobre-la-propuesta-de-diputacion-de-catalogar-a-alava-como-territorio-indemne-de-tuberculosis\/\",\"name\":\"Los sectores ganaderos de vacuno de UAGA debaten sobre la propuesta de Diputaci\u00f3n\u00a0de catalogar a \u00c1lava como territorio indemne de tuberculosis\u00a0 - UAGA\",\"isPartOf\":{\"@id\":\"https:\/\/www.uaga.eus\/#website\"},\"datePublished\":\"2021-07-23T12:21:49+00:00\",\"dateModified\":\"2021-07-23T12:25:32+00:00\",\"author\":{\"@id\":\"https:\/\/www.uaga.eus\/#\/schema\/person\/48c3cbf0f33d1b788226dbb6518689cf\"},\"breadcrumb\":{\"@id\":\"https:\/\/www.uaga.eus\/los-sectores-ganaderos-de-vacuno-de-uaga-debaten-sobre-la-propuesta-de-diputacion-de-catalogar-a-alava-como-territorio-indemne-de-tuberculosis\/#breadcrumb\"},\"inLanguage\":\"eu\",\"potentialAction\":[{\"@type\":\"ReadAction\",\"target\":[\"https:\/\/www.uaga.eus\/los-sectores-ganaderos-de-vacuno-de-uaga-debaten-sobre-la-propuesta-de-diputacion-de-catalogar-a-alava-como-territorio-indemne-de-tuberculosis\/\"]}]},{\"@type\":\"BreadcrumbList\",\"@id\":\"https:\/\/www.uaga.eus\/los-sectores-ganaderos-de-vacuno-de-uaga-debaten-sobre-la-propuesta-de-diputacion-de-catalogar-a-alava-como-territorio-indemne-de-tuberculosis\/#breadcrumb\",\"itemListElement\":[{\"@type\":\"ListItem\",\"position\":1,\"name\":\"Inicio\",\"item\":\"https:\/\/www.uaga.eus\/\"},{\"@type\":\"ListItem\",\"position\":2,\"name\":\"Los sectores ganaderos de vacuno de UAGA debaten sobre la propuesta de Diputaci\u00f3n\u00a0de catalogar a \u00c1lava como territorio indemne de tuberculosis\u00a0\"}]},{\"@type\":\"WebSite\",\"@id\":\"https:\/\/www.uaga.eus\/#website\",\"url\":\"https:\/\/www.uaga.eus\/\",\"name\":\"UAGA\",\"description\":\"Uni\u00f3n Agroganadera de \u00c1lava - Araba Nekazarien Elkartea\",\"potentialAction\":[{\"@type\":\"SearchAction\",\"target\":{\"@type\":\"EntryPoint\",\"urlTemplate\":\"https:\/\/www.uaga.eus\/?s={search_term_string}\"},\"query-input\":\"required name=search_term_string\"}],\"inLanguage\":\"eu\"},{\"@type\":\"Person\",\"@id\":\"https:\/\/www.uaga.eus\/#\/schema\/person\/48c3cbf0f33d1b788226dbb6518689cf\",\"name\":\"Blanca S\u00e1nchez\",\"image\":{\"@type\":\"ImageObject\",\"inLanguage\":\"eu\",\"@id\":\"https:\/\/www.uaga.eus\/#\/schema\/person\/image\/\",\"url\":\"https:\/\/secure.gravatar.com\/avatar\/0dc91c20648254b1ce84877283f6751b?s=96&d=mm&r=g\",\"contentUrl\":\"https:\/\/secure.gravatar.com\/avatar\/0dc91c20648254b1ce84877283f6751b?s=96&d=mm&r=g\",\"caption\":\"Blanca S\u00e1nchez\"},\"url\":\"https:\/\/www.uaga.eus\/eu\/author\/bsanchez\/\"}]}<\/script>\n<!-- \/ Yoast SEO plugin. -->","yoast_head_json":{"title":"Los sectores ganaderos de vacuno de UAGA debaten sobre la propuesta de Diputaci\u00f3n\u00a0de catalogar a \u00c1lava como territorio indemne de tuberculosis\u00a0 - UAGA","robots":{"index":"index","follow":"follow","max-snippet":"max-snippet:-1","max-image-preview":"max-image-preview:large","max-video-preview":"max-video-preview:-1"},"canonical":"https:\/\/www.uaga.eus\/los-sectores-ganaderos-de-vacuno-de-uaga-debaten-sobre-la-propuesta-de-diputacion-de-catalogar-a-alava-como-territorio-indemne-de-tuberculosis\/","og_locale":"en_US","og_type":"article","og_title":"Los sectores ganaderos de vacuno de UAGA debaten sobre la propuesta de Diputaci\u00f3n\u00a0de catalogar a \u00c1lava como territorio indemne de tuberculosis\u00a0 - UAGA","og_description":"Esta semana hemos celebrado una reuni\u00f3n con las Juntas Sectoriales de vacuno de leche y carne de UAGA para debatir la situaci\u00f3n actual de ambos subsectores con bajos precios y poca fuerza frente a la industria, compartiendo una visi\u00f3n a futuro de dif\u00edcil relevo generacional. Una de las cuestiones de debate, de gran importancia para [&hellip;]","og_url":"https:\/\/www.uaga.eus\/los-sectores-ganaderos-de-vacuno-de-uaga-debaten-sobre-la-propuesta-de-diputacion-de-catalogar-a-alava-como-territorio-indemne-de-tuberculosis\/","og_site_name":"UAGA","article_published_time":"2021-07-23T12:21:49+00:00","article_modified_time":"2021-07-23T12:25:32+00:00","og_image":[{"width":700,"height":434,"url":"https:\/\/www.uaga.eus\/wp-content\/uploads\/2021\/07\/P20-1-e1627042895647.jpg","type":"image\/jpeg"}],"author":"Blanca S\u00e1nchez","twitter_card":"summary_large_image","twitter_misc":{"Written by":"Blanca S\u00e1nchez","Est. reading time":"1 minutua"},"schema":{"@context":"https:\/\/schema.org","@graph":[{"@type":"WebPage","@id":"https:\/\/www.uaga.eus\/los-sectores-ganaderos-de-vacuno-de-uaga-debaten-sobre-la-propuesta-de-diputacion-de-catalogar-a-alava-como-territorio-indemne-de-tuberculosis\/","url":"https:\/\/www.uaga.eus\/los-sectores-ganaderos-de-vacuno-de-uaga-debaten-sobre-la-propuesta-de-diputacion-de-catalogar-a-alava-como-territorio-indemne-de-tuberculosis\/","name":"Los sectores ganaderos de vacuno de UAGA debaten sobre la propuesta de Diputaci\u00f3n\u00a0de catalogar a \u00c1lava como territorio indemne de tuberculosis\u00a0 - UAGA","isPartOf":{"@id":"https:\/\/www.uaga.eus\/#website"},"datePublished":"2021-07-23T12:21:49+00:00","dateModified":"2021-07-23T12:25:32+00:00","author":{"@id":"https:\/\/www.uaga.eus\/#\/schema\/person\/48c3cbf0f33d1b788226dbb6518689cf"},"breadcrumb":{"@id":"https:\/\/www.uaga.eus\/los-sectores-ganaderos-de-vacuno-de-uaga-debaten-sobre-la-propuesta-de-diputacion-de-catalogar-a-alava-como-territorio-indemne-de-tuberculosis\/#breadcrumb"},"inLanguage":"eu","potentialAction":[{"@type":"ReadAction","target":["https:\/\/www.uaga.eus\/los-sectores-ganaderos-de-vacuno-de-uaga-debaten-sobre-la-propuesta-de-diputacion-de-catalogar-a-alava-como-territorio-indemne-de-tuberculosis\/"]}]},{"@type":"BreadcrumbList","@id":"https:\/\/www.uaga.eus\/los-sectores-ganaderos-de-vacuno-de-uaga-debaten-sobre-la-propuesta-de-diputacion-de-catalogar-a-alava-como-territorio-indemne-de-tuberculosis\/#breadcrumb","itemListElement":[{"@type":"ListItem","position":1,"name":"Inicio","item":"https:\/\/www.uaga.eus\/"},{"@type":"ListItem","position":2,"name":"Los sectores ganaderos de vacuno de UAGA debaten sobre la propuesta de Diputaci\u00f3n\u00a0de catalogar a \u00c1lava como territorio indemne de tuberculosis\u00a0"}]},{"@type":"WebSite","@id":"https:\/\/www.uaga.eus\/#website","url":"https:\/\/www.uaga.eus\/","name":"UAGA","description":"Uni\u00f3n Agroganadera de \u00c1lava - Araba Nekazarien Elkartea","potentialAction":[{"@type":"SearchAction","target":{"@type":"EntryPoint","urlTemplate":"https:\/\/www.uaga.eus\/?s={search_term_string}"},"query-input":"required name=search_term_string"}],"inLanguage":"eu"},{"@type":"Person","@id":"https:\/\/www.uaga.eus\/#\/schema\/person\/48c3cbf0f33d1b788226dbb6518689cf","name":"Blanca S\u00e1nchez","image":{"@type":"ImageObject","inLanguage":"eu","@id":"https:\/\/www.uaga.eus\/#\/schema\/person\/image\/","url":"https:\/\/secure.gravatar.com\/avatar\/0dc91c20648254b1ce84877283f6751b?s=96&d=mm&r=g","contentUrl":"https:\/\/secure.gravatar.com\/avatar\/0dc91c20648254b1ce84877283f6751b?s=96&d=mm&r=g","caption":"Blanca S\u00e1nchez"},"url":"https:\/\/www.uaga.eus\/eu\/author\/bsanchez\/"}]}},"_links":{"self":[{"href":"https:\/\/www.uaga.eus\/eu\/wp-json\/wp\/v2\/posts\/9164"}],"collection":[{"href":"https:\/\/www.uaga.eus\/eu\/wp-json\/wp\/v2\/posts"}],"about":[{"href":"https:\/\/www.uaga.eus\/eu\/wp-json\/wp\/v2\/types\/post"}],"author":[{"embeddable":true,"href":"https:\/\/www.uaga.eus\/eu\/wp-json\/wp\/v2\/users\/4"}],"replies":[{"embeddable":true,"href":"https:\/\/www.uaga.eus\/eu\/wp-json\/wp\/v2\/comments?post=9164"}],"version-history":[{"count":1,"href":"https:\/\/www.uaga.eus\/eu\/wp-json\/wp\/v2\/posts\/9164\/revisions"}],"predecessor-version":[{"id":9166,"href":"https:\/\/www.uaga.eus\/eu\/wp-json\/wp\/v2\/posts\/9164\/revisions\/9166"}],"wp:featuredmedia":[{"embeddable":true,"href":"https:\/\/www.uaga.eus\/eu\/wp-json\/wp\/v2\/media\/9165"}],"wp:attachment":[{"href":"https:\/\/www.uaga.eus\/eu\/wp-json\/wp\/v2\/media?parent=9164"}],"wp:term":[{"taxonomy":"category","embeddable":true,"href":"https:\/\/www.uaga.eus\/eu\/wp-json\/wp\/v2\/categories?post=9164"},{"taxonomy":"post_tag","embeddable":true,"href":"https:\/\/www.uaga.eus\/eu\/wp-json\/wp\/v2\/tags?post=9164"}],"curies":[{"name":"wp","href":"https:\/\/api.w.org\/{rel}","templated":true}]}}