{"id":9143,"date":"2021-07-16T10:28:40","date_gmt":"2021-07-16T10:28:40","guid":{"rendered":"https:\/\/www.uaga.eus\/?p=9143"},"modified":"2021-07-16T10:28:40","modified_gmt":"2021-07-16T10:28:40","slug":"uaga-comparece-en-juntas-generales-para-poner-en-valor-al-sector-ganadero-frente-a-las-desafortunadas-declaraciones-del-ministro-garzon","status":"publish","type":"post","link":"https:\/\/www.uaga.eus\/eu\/uaga-comparece-en-juntas-generales-para-poner-en-valor-al-sector-ganadero-frente-a-las-desafortunadas-declaraciones-del-ministro-garzon\/","title":{"rendered":"UAGA comparece en Juntas Generales para poner en valor al sector ganadero frente a las desafortunadas declaraciones del ministro Garz\u00f3n\u00a0"},"content":{"rendered":"<p>Esta semana UAGA ha comparecido en la Comisi\u00f3n de Agricultura de las Juntas Generales de \u00c1lava para realizar una valoraci\u00f3n de las declaraciones del ministro Garz\u00f3n, en las que\u00a0animaba a consumir menos carne para combatir el cambio clim\u00e1tico.<\/p>\n<p>El presidente de UAGA ha calificado estas declaraciones como desafortunadas, que tienen graves consecuencias sobre el sector ganadero que adem\u00e1s est\u00e1 viviendo una situaci\u00f3n de crisis permanente, con un constante incremento de precios de piensos\u00a0e inputs, sin poder repercutirlos en el precio final de su producto.<\/p>\n<p>La ganader\u00eda extensiva, mayoritaria en \u00c1lava, es esencial para\u00a0 la sociedad, ya que no solo genera productos de\u00a0calidad, sino tambie\u0301n configura el paisaje, ayuda a controlar los incendios forestales, regula los ciclos del agua y la\u00a0calidad del suelo, ayuda a potenciar la biodiversidad y a conservar la identidad territorial.<\/p>\n<p>Javier Torre ha pedido a todos los grupos pol\u00edticos una verdadera apuesta por la agricultura familiar\u00a0y la ganader\u00eda extensiva, porque las pol\u00edticas europeas, estatales y auton\u00f3micas, pese a que dicen proteger el medio ambiente, lo que est\u00e1n produciendo es una desaparici\u00f3n alarmante de personas que viven del sector y est\u00e1n dando entrada a las grandes explotaciones y corporaciones multinacionales.<\/p>\n<p>Puedes ver la comparecencia completa en este <a href=\"http:\/\/mediateca.jjggalava.eus\/library\/items\/agricultura-2021-07-15\" target=\"_blank\" rel=\"noopener\" data-cke-saved-href=\"http:\/\/mediateca.jjggalava.eus\/library\/items\/agricultura-2021-07-15\">enlace<\/a>.<\/p>\n<p>+INFO GUSTAVO: 635 704 865<\/p>\n","protected":false},"excerpt":{"rendered":"<p>Esta semana UAGA ha comparecido en la Comisi\u00f3n de Agricultura de las Juntas Generales de \u00c1lava para realizar una valoraci\u00f3n de las declaraciones del ministro Garz\u00f3n, en las que\u00a0animaba a consumir menos carne para combatir el cambio clim\u00e1tico. El presidente de UAGA ha calificado estas declaraciones como desafortunadas, que tienen graves consecuencias sobre el sector [&hellip;]<\/p>\n","protected":false},"author":4,"featured_media":9144,"comment_status":"closed","ping_status":"closed","sticky":false,"template":"","format":"standard","meta":{"footnotes":""},"categories":[8,11],"tags":[],"yoast_head":"<!-- This site is optimized with the Yoast SEO plugin v21.5 - https:\/\/yoast.com\/wordpress\/plugins\/seo\/ -->\n<title>UAGA comparece en Juntas Generales para poner en valor al sector ganadero frente a las desafortunadas declaraciones del ministro Garz\u00f3n\u00a0 - UAGA<\/title>\n<meta name=\"robots\" content=\"index, follow, max-snippet:-1, max-image-preview:large, max-video-preview:-1\" \/>\n<link rel=\"canonical\" href=\"https:\/\/www.uaga.eus\/uaga-comparece-en-juntas-generales-para-poner-en-valor-al-sector-ganadero-frente-a-las-desafortunadas-declaraciones-del-ministro-garzon\/\" \/>\n<meta property=\"og:locale\" content=\"en_US\" \/>\n<meta property=\"og:type\" content=\"article\" \/>\n<meta property=\"og:title\" content=\"UAGA comparece en Juntas Generales para poner en valor al sector ganadero frente a las desafortunadas declaraciones del ministro Garz\u00f3n\u00a0 - UAGA\" \/>\n<meta property=\"og:description\" content=\"Esta semana UAGA ha comparecido en la Comisi\u00f3n de Agricultura de las Juntas Generales de \u00c1lava para realizar una valoraci\u00f3n de las declaraciones del ministro Garz\u00f3n, en las que\u00a0animaba a consumir menos carne para combatir el cambio clim\u00e1tico. El presidente de UAGA ha calificado estas declaraciones como desafortunadas, que tienen graves consecuencias sobre el sector [&hellip;]\" \/>\n<meta property=\"og:url\" content=\"https:\/\/www.uaga.eus\/uaga-comparece-en-juntas-generales-para-poner-en-valor-al-sector-ganadero-frente-a-las-desafortunadas-declaraciones-del-ministro-garzon\/\" \/>\n<meta property=\"og:site_name\" content=\"UAGA\" \/>\n<meta property=\"article:published_time\" content=\"2021-07-16T10:28:40+00:00\" \/>\n<meta property=\"og:image\" content=\"https:\/\/www.uaga.eus\/wp-content\/uploads\/2021\/07\/carnicer\u00eda-e1626431266771.jpg\" \/>\n\t<meta property=\"og:image:width\" content=\"694\" \/>\n\t<meta property=\"og:image:height\" content=\"385\" \/>\n\t<meta property=\"og:image:type\" content=\"image\/jpeg\" \/>\n<meta name=\"author\" content=\"Blanca S\u00e1nchez\" \/>\n<meta name=\"twitter:card\" content=\"summary_large_image\" \/>\n<meta name=\"twitter:label1\" content=\"Written by\" \/>\n\t<meta name=\"twitter:data1\" content=\"Blanca S\u00e1nchez\" \/>\n\t<meta name=\"twitter:label2\" content=\"Est. reading time\" \/>\n\t<meta name=\"twitter:data2\" content=\"1 minutua\" \/>\n<script type=\"application\/ld+json\" class=\"yoast-schema-graph\">{\"@context\":\"https:\/\/schema.org\",\"@graph\":[{\"@type\":\"WebPage\",\"@id\":\"https:\/\/www.uaga.eus\/uaga-comparece-en-juntas-generales-para-poner-en-valor-al-sector-ganadero-frente-a-las-desafortunadas-declaraciones-del-ministro-garzon\/\",\"url\":\"https:\/\/www.uaga.eus\/uaga-comparece-en-juntas-generales-para-poner-en-valor-al-sector-ganadero-frente-a-las-desafortunadas-declaraciones-del-ministro-garzon\/\",\"name\":\"UAGA comparece en Juntas Generales para poner en valor al sector ganadero frente a las desafortunadas declaraciones del ministro Garz\u00f3n\u00a0 - UAGA\",\"isPartOf\":{\"@id\":\"https:\/\/www.uaga.eus\/#website\"},\"datePublished\":\"2021-07-16T10:28:40+00:00\",\"dateModified\":\"2021-07-16T10:28:40+00:00\",\"author\":{\"@id\":\"https:\/\/www.uaga.eus\/#\/schema\/person\/48c3cbf0f33d1b788226dbb6518689cf\"},\"breadcrumb\":{\"@id\":\"https:\/\/www.uaga.eus\/uaga-comparece-en-juntas-generales-para-poner-en-valor-al-sector-ganadero-frente-a-las-desafortunadas-declaraciones-del-ministro-garzon\/#breadcrumb\"},\"inLanguage\":\"eu\",\"potentialAction\":[{\"@type\":\"ReadAction\",\"target\":[\"https:\/\/www.uaga.eus\/uaga-comparece-en-juntas-generales-para-poner-en-valor-al-sector-ganadero-frente-a-las-desafortunadas-declaraciones-del-ministro-garzon\/\"]}]},{\"@type\":\"BreadcrumbList\",\"@id\":\"https:\/\/www.uaga.eus\/uaga-comparece-en-juntas-generales-para-poner-en-valor-al-sector-ganadero-frente-a-las-desafortunadas-declaraciones-del-ministro-garzon\/#breadcrumb\",\"itemListElement\":[{\"@type\":\"ListItem\",\"position\":1,\"name\":\"Inicio\",\"item\":\"https:\/\/www.uaga.eus\/\"},{\"@type\":\"ListItem\",\"position\":2,\"name\":\"UAGA comparece en Juntas Generales para poner en valor al sector ganadero frente a las desafortunadas declaraciones del ministro Garz\u00f3n\u00a0\"}]},{\"@type\":\"WebSite\",\"@id\":\"https:\/\/www.uaga.eus\/#website\",\"url\":\"https:\/\/www.uaga.eus\/\",\"name\":\"UAGA\",\"description\":\"Uni\u00f3n Agroganadera de \u00c1lava - Araba Nekazarien Elkartea\",\"potentialAction\":[{\"@type\":\"SearchAction\",\"target\":{\"@type\":\"EntryPoint\",\"urlTemplate\":\"https:\/\/www.uaga.eus\/?s={search_term_string}\"},\"query-input\":\"required name=search_term_string\"}],\"inLanguage\":\"eu\"},{\"@type\":\"Person\",\"@id\":\"https:\/\/www.uaga.eus\/#\/schema\/person\/48c3cbf0f33d1b788226dbb6518689cf\",\"name\":\"Blanca S\u00e1nchez\",\"image\":{\"@type\":\"ImageObject\",\"inLanguage\":\"eu\",\"@id\":\"https:\/\/www.uaga.eus\/#\/schema\/person\/image\/\",\"url\":\"https:\/\/secure.gravatar.com\/avatar\/0dc91c20648254b1ce84877283f6751b?s=96&d=mm&r=g\",\"contentUrl\":\"https:\/\/secure.gravatar.com\/avatar\/0dc91c20648254b1ce84877283f6751b?s=96&d=mm&r=g\",\"caption\":\"Blanca S\u00e1nchez\"},\"url\":\"https:\/\/www.uaga.eus\/eu\/author\/bsanchez\/\"}]}<\/script>\n<!-- \/ Yoast SEO plugin. -->","yoast_head_json":{"title":"UAGA comparece en Juntas Generales para poner en valor al sector ganadero frente a las desafortunadas declaraciones del ministro Garz\u00f3n\u00a0 - UAGA","robots":{"index":"index","follow":"follow","max-snippet":"max-snippet:-1","max-image-preview":"max-image-preview:large","max-video-preview":"max-video-preview:-1"},"canonical":"https:\/\/www.uaga.eus\/uaga-comparece-en-juntas-generales-para-poner-en-valor-al-sector-ganadero-frente-a-las-desafortunadas-declaraciones-del-ministro-garzon\/","og_locale":"en_US","og_type":"article","og_title":"UAGA comparece en Juntas Generales para poner en valor al sector ganadero frente a las desafortunadas declaraciones del ministro Garz\u00f3n\u00a0 - UAGA","og_description":"Esta semana UAGA ha comparecido en la Comisi\u00f3n de Agricultura de las Juntas Generales de \u00c1lava para realizar una valoraci\u00f3n de las declaraciones del ministro Garz\u00f3n, en las que\u00a0animaba a consumir menos carne para combatir el cambio clim\u00e1tico. El presidente de UAGA ha calificado estas declaraciones como desafortunadas, que tienen graves consecuencias sobre el sector [&hellip;]","og_url":"https:\/\/www.uaga.eus\/uaga-comparece-en-juntas-generales-para-poner-en-valor-al-sector-ganadero-frente-a-las-desafortunadas-declaraciones-del-ministro-garzon\/","og_site_name":"UAGA","article_published_time":"2021-07-16T10:28:40+00:00","og_image":[{"width":694,"height":385,"url":"https:\/\/www.uaga.eus\/wp-content\/uploads\/2021\/07\/carnicer\u00eda-e1626431266771.jpg","type":"image\/jpeg"}],"author":"Blanca S\u00e1nchez","twitter_card":"summary_large_image","twitter_misc":{"Written by":"Blanca S\u00e1nchez","Est. reading time":"1 minutua"},"schema":{"@context":"https:\/\/schema.org","@graph":[{"@type":"WebPage","@id":"https:\/\/www.uaga.eus\/uaga-comparece-en-juntas-generales-para-poner-en-valor-al-sector-ganadero-frente-a-las-desafortunadas-declaraciones-del-ministro-garzon\/","url":"https:\/\/www.uaga.eus\/uaga-comparece-en-juntas-generales-para-poner-en-valor-al-sector-ganadero-frente-a-las-desafortunadas-declaraciones-del-ministro-garzon\/","name":"UAGA comparece en Juntas Generales para poner en valor al sector ganadero frente a las desafortunadas declaraciones del ministro Garz\u00f3n\u00a0 - UAGA","isPartOf":{"@id":"https:\/\/www.uaga.eus\/#website"},"datePublished":"2021-07-16T10:28:40+00:00","dateModified":"2021-07-16T10:28:40+00:00","author":{"@id":"https:\/\/www.uaga.eus\/#\/schema\/person\/48c3cbf0f33d1b788226dbb6518689cf"},"breadcrumb":{"@id":"https:\/\/www.uaga.eus\/uaga-comparece-en-juntas-generales-para-poner-en-valor-al-sector-ganadero-frente-a-las-desafortunadas-declaraciones-del-ministro-garzon\/#breadcrumb"},"inLanguage":"eu","potentialAction":[{"@type":"ReadAction","target":["https:\/\/www.uaga.eus\/uaga-comparece-en-juntas-generales-para-poner-en-valor-al-sector-ganadero-frente-a-las-desafortunadas-declaraciones-del-ministro-garzon\/"]}]},{"@type":"BreadcrumbList","@id":"https:\/\/www.uaga.eus\/uaga-comparece-en-juntas-generales-para-poner-en-valor-al-sector-ganadero-frente-a-las-desafortunadas-declaraciones-del-ministro-garzon\/#breadcrumb","itemListElement":[{"@type":"ListItem","position":1,"name":"Inicio","item":"https:\/\/www.uaga.eus\/"},{"@type":"ListItem","position":2,"name":"UAGA comparece en Juntas Generales para poner en valor al sector ganadero frente a las desafortunadas declaraciones del ministro Garz\u00f3n\u00a0"}]},{"@type":"WebSite","@id":"https:\/\/www.uaga.eus\/#website","url":"https:\/\/www.uaga.eus\/","name":"UAGA","description":"Uni\u00f3n Agroganadera de \u00c1lava - Araba Nekazarien Elkartea","potentialAction":[{"@type":"SearchAction","target":{"@type":"EntryPoint","urlTemplate":"https:\/\/www.uaga.eus\/?s={search_term_string}"},"query-input":"required name=search_term_string"}],"inLanguage":"eu"},{"@type":"Person","@id":"https:\/\/www.uaga.eus\/#\/schema\/person\/48c3cbf0f33d1b788226dbb6518689cf","name":"Blanca S\u00e1nchez","image":{"@type":"ImageObject","inLanguage":"eu","@id":"https:\/\/www.uaga.eus\/#\/schema\/person\/image\/","url":"https:\/\/secure.gravatar.com\/avatar\/0dc91c20648254b1ce84877283f6751b?s=96&d=mm&r=g","contentUrl":"https:\/\/secure.gravatar.com\/avatar\/0dc91c20648254b1ce84877283f6751b?s=96&d=mm&r=g","caption":"Blanca S\u00e1nchez"},"url":"https:\/\/www.uaga.eus\/eu\/author\/bsanchez\/"}]}},"_links":{"self":[{"href":"https:\/\/www.uaga.eus\/eu\/wp-json\/wp\/v2\/posts\/9143"}],"collection":[{"href":"https:\/\/www.uaga.eus\/eu\/wp-json\/wp\/v2\/posts"}],"about":[{"href":"https:\/\/www.uaga.eus\/eu\/wp-json\/wp\/v2\/types\/post"}],"author":[{"embeddable":true,"href":"https:\/\/www.uaga.eus\/eu\/wp-json\/wp\/v2\/users\/4"}],"replies":[{"embeddable":true,"href":"https:\/\/www.uaga.eus\/eu\/wp-json\/wp\/v2\/comments?post=9143"}],"version-history":[{"count":1,"href":"https:\/\/www.uaga.eus\/eu\/wp-json\/wp\/v2\/posts\/9143\/revisions"}],"predecessor-version":[{"id":9145,"href":"https:\/\/www.uaga.eus\/eu\/wp-json\/wp\/v2\/posts\/9143\/revisions\/9145"}],"wp:featuredmedia":[{"embeddable":true,"href":"https:\/\/www.uaga.eus\/eu\/wp-json\/wp\/v2\/media\/9144"}],"wp:attachment":[{"href":"https:\/\/www.uaga.eus\/eu\/wp-json\/wp\/v2\/media?parent=9143"}],"wp:term":[{"taxonomy":"category","embeddable":true,"href":"https:\/\/www.uaga.eus\/eu\/wp-json\/wp\/v2\/categories?post=9143"},{"taxonomy":"post_tag","embeddable":true,"href":"https:\/\/www.uaga.eus\/eu\/wp-json\/wp\/v2\/tags?post=9143"}],"curies":[{"name":"wp","href":"https:\/\/api.w.org\/{rel}","templated":true}]}}