{"id":9137,"date":"2021-07-16T10:22:51","date_gmt":"2021-07-16T10:22:51","guid":{"rendered":"https:\/\/www.uaga.eus\/?p=9137"},"modified":"2021-07-16T10:22:51","modified_gmt":"2021-07-16T10:22:51","slug":"22-de-julio-visita-a-la-parcela-experimental-de-uaga-y-neiker-sobre-el-cultivo-del-lupulo","status":"publish","type":"post","link":"https:\/\/www.uaga.eus\/eu\/22-de-julio-visita-a-la-parcela-experimental-de-uaga-y-neiker-sobre-el-cultivo-del-lupulo\/","title":{"rendered":"22 de julio, visita a la parcela experimental de UAGA y NEIKER sobre el cultivo del l\u00fapulo"},"content":{"rendered":"<p>El proyecto de innovaci\u00f3n <a href=\"https:\/\/www.uaga.eus\/proyecto\/proyecto-5\/\" target=\"_blank\" rel=\"noopener\" data-cke-saved-href=\"https:\/\/www.uaga.eus\/proyecto\/proyecto-5\/\">LUPULUS<\/a>, liderado por UAGA e iniciado en 2016 para investigar distintas variedades del cultivo del l\u00fapulo y activar la cadena de valor de la cerveza de Euskadi, contin\u00faa con el ensayo en una finca de un afiliado de UAGA en Berantevilla, ensayo que tiene una duraci\u00f3n de 10 a\u00f1os.<\/p>\n<p>La pr\u00f3xima semana, el jueves 22 de julio, de 9:30 h. a 11 h., NEIKER, socio del proyecto, ha organizado una visita a la parcela para comentar los aspectos t\u00e9cnicos de la instalaci\u00f3n y el manejo, las labores habituales que se realizan en el cultivo en cada estado fenol\u00f3gico y los resultados del ensayo hasta el momento (2017-2020).<\/p>\n<p>Si est\u00e1s interesado en asistir a la visita, hemos quedado a las 9:15 h. en el bar frente al ambulatorio de Berantevilla.<\/p>\n<p>Desde all\u00ed iremos a la parcela, cuya ubicaci\u00f3n puedes ver <a href=\"https:\/\/www.google.com\/maps?q=42.702214,-2.836253&amp;entry=gps&amp;shorturl=1\" target=\"_blank\" rel=\"noopener\" data-cke-saved-href=\"https:\/\/www.google.com\/maps?q=42.702214,-2.836253&amp;entry=gps&amp;shorturl=1\">aqu\u00ed<\/a>.<\/p>\n<p>+INFO SUGOI: 675 707 696<\/p>\n","protected":false},"excerpt":{"rendered":"<p>El proyecto de innovaci\u00f3n LUPULUS, liderado por UAGA e iniciado en 2016 para investigar distintas variedades del cultivo del l\u00fapulo y activar la cadena de valor de la cerveza de Euskadi, contin\u00faa con el ensayo en una finca de un afiliado de UAGA en Berantevilla, ensayo que tiene una duraci\u00f3n de 10 a\u00f1os. La pr\u00f3xima [&hellip;]<\/p>\n","protected":false},"author":4,"featured_media":9065,"comment_status":"closed","ping_status":"closed","sticky":false,"template":"","format":"standard","meta":{"footnotes":""},"categories":[7,66,31],"tags":[],"yoast_head":"<!-- This site is optimized with the Yoast SEO plugin v21.5 - https:\/\/yoast.com\/wordpress\/plugins\/seo\/ -->\n<title>22 de julio, visita a la parcela experimental de UAGA y NEIKER sobre el cultivo del l\u00fapulo - UAGA<\/title>\n<meta name=\"robots\" content=\"index, follow, max-snippet:-1, max-image-preview:large, max-video-preview:-1\" \/>\n<link rel=\"canonical\" href=\"https:\/\/www.uaga.eus\/22-de-julio-visita-a-la-parcela-experimental-de-uaga-y-neiker-sobre-el-cultivo-del-lupulo\/\" \/>\n<meta property=\"og:locale\" content=\"en_US\" \/>\n<meta property=\"og:type\" content=\"article\" \/>\n<meta property=\"og:title\" content=\"22 de julio, visita a la parcela experimental de UAGA y NEIKER sobre el cultivo del l\u00fapulo - UAGA\" \/>\n<meta property=\"og:description\" content=\"El proyecto de innovaci\u00f3n LUPULUS, liderado por UAGA e iniciado en 2016 para investigar distintas variedades del cultivo del l\u00fapulo y activar la cadena de valor de la cerveza de Euskadi, contin\u00faa con el ensayo en una finca de un afiliado de UAGA en Berantevilla, ensayo que tiene una duraci\u00f3n de 10 a\u00f1os. La pr\u00f3xima [&hellip;]\" \/>\n<meta property=\"og:url\" content=\"https:\/\/www.uaga.eus\/22-de-julio-visita-a-la-parcela-experimental-de-uaga-y-neiker-sobre-el-cultivo-del-lupulo\/\" \/>\n<meta property=\"og:site_name\" content=\"UAGA\" \/>\n<meta property=\"article:published_time\" content=\"2021-07-16T10:22:51+00:00\" \/>\n<meta property=\"og:image\" content=\"https:\/\/www.uaga.eus\/wp-content\/uploads\/2021\/06\/lupulo.jpg\" \/>\n\t<meta property=\"og:image:width\" content=\"650\" \/>\n\t<meta property=\"og:image:height\" content=\"366\" \/>\n\t<meta property=\"og:image:type\" content=\"image\/jpeg\" \/>\n<meta name=\"author\" content=\"Blanca S\u00e1nchez\" \/>\n<meta name=\"twitter:card\" content=\"summary_large_image\" \/>\n<meta name=\"twitter:label1\" content=\"Written by\" \/>\n\t<meta name=\"twitter:data1\" content=\"Blanca S\u00e1nchez\" \/>\n\t<meta name=\"twitter:label2\" content=\"Est. reading time\" \/>\n\t<meta name=\"twitter:data2\" content=\"1 minutua\" \/>\n<script type=\"application\/ld+json\" class=\"yoast-schema-graph\">{\"@context\":\"https:\/\/schema.org\",\"@graph\":[{\"@type\":\"WebPage\",\"@id\":\"https:\/\/www.uaga.eus\/22-de-julio-visita-a-la-parcela-experimental-de-uaga-y-neiker-sobre-el-cultivo-del-lupulo\/\",\"url\":\"https:\/\/www.uaga.eus\/22-de-julio-visita-a-la-parcela-experimental-de-uaga-y-neiker-sobre-el-cultivo-del-lupulo\/\",\"name\":\"22 de julio, visita a la parcela experimental de UAGA y NEIKER sobre el cultivo del l\u00fapulo - UAGA\",\"isPartOf\":{\"@id\":\"https:\/\/www.uaga.eus\/#website\"},\"datePublished\":\"2021-07-16T10:22:51+00:00\",\"dateModified\":\"2021-07-16T10:22:51+00:00\",\"author\":{\"@id\":\"https:\/\/www.uaga.eus\/#\/schema\/person\/48c3cbf0f33d1b788226dbb6518689cf\"},\"breadcrumb\":{\"@id\":\"https:\/\/www.uaga.eus\/22-de-julio-visita-a-la-parcela-experimental-de-uaga-y-neiker-sobre-el-cultivo-del-lupulo\/#breadcrumb\"},\"inLanguage\":\"eu\",\"potentialAction\":[{\"@type\":\"ReadAction\",\"target\":[\"https:\/\/www.uaga.eus\/22-de-julio-visita-a-la-parcela-experimental-de-uaga-y-neiker-sobre-el-cultivo-del-lupulo\/\"]}]},{\"@type\":\"BreadcrumbList\",\"@id\":\"https:\/\/www.uaga.eus\/22-de-julio-visita-a-la-parcela-experimental-de-uaga-y-neiker-sobre-el-cultivo-del-lupulo\/#breadcrumb\",\"itemListElement\":[{\"@type\":\"ListItem\",\"position\":1,\"name\":\"Inicio\",\"item\":\"https:\/\/www.uaga.eus\/\"},{\"@type\":\"ListItem\",\"position\":2,\"name\":\"22 de julio, visita a la parcela experimental de UAGA y NEIKER sobre el cultivo del l\u00fapulo\"}]},{\"@type\":\"WebSite\",\"@id\":\"https:\/\/www.uaga.eus\/#website\",\"url\":\"https:\/\/www.uaga.eus\/\",\"name\":\"UAGA\",\"description\":\"Uni\u00f3n Agroganadera de \u00c1lava - Araba Nekazarien Elkartea\",\"potentialAction\":[{\"@type\":\"SearchAction\",\"target\":{\"@type\":\"EntryPoint\",\"urlTemplate\":\"https:\/\/www.uaga.eus\/?s={search_term_string}\"},\"query-input\":\"required name=search_term_string\"}],\"inLanguage\":\"eu\"},{\"@type\":\"Person\",\"@id\":\"https:\/\/www.uaga.eus\/#\/schema\/person\/48c3cbf0f33d1b788226dbb6518689cf\",\"name\":\"Blanca S\u00e1nchez\",\"image\":{\"@type\":\"ImageObject\",\"inLanguage\":\"eu\",\"@id\":\"https:\/\/www.uaga.eus\/#\/schema\/person\/image\/\",\"url\":\"https:\/\/secure.gravatar.com\/avatar\/0dc91c20648254b1ce84877283f6751b?s=96&d=mm&r=g\",\"contentUrl\":\"https:\/\/secure.gravatar.com\/avatar\/0dc91c20648254b1ce84877283f6751b?s=96&d=mm&r=g\",\"caption\":\"Blanca S\u00e1nchez\"},\"url\":\"https:\/\/www.uaga.eus\/eu\/author\/bsanchez\/\"}]}<\/script>\n<!-- \/ Yoast SEO plugin. -->","yoast_head_json":{"title":"22 de julio, visita a la parcela experimental de UAGA y NEIKER sobre el cultivo del l\u00fapulo - UAGA","robots":{"index":"index","follow":"follow","max-snippet":"max-snippet:-1","max-image-preview":"max-image-preview:large","max-video-preview":"max-video-preview:-1"},"canonical":"https:\/\/www.uaga.eus\/22-de-julio-visita-a-la-parcela-experimental-de-uaga-y-neiker-sobre-el-cultivo-del-lupulo\/","og_locale":"en_US","og_type":"article","og_title":"22 de julio, visita a la parcela experimental de UAGA y NEIKER sobre el cultivo del l\u00fapulo - UAGA","og_description":"El proyecto de innovaci\u00f3n LUPULUS, liderado por UAGA e iniciado en 2016 para investigar distintas variedades del cultivo del l\u00fapulo y activar la cadena de valor de la cerveza de Euskadi, contin\u00faa con el ensayo en una finca de un afiliado de UAGA en Berantevilla, ensayo que tiene una duraci\u00f3n de 10 a\u00f1os. La pr\u00f3xima [&hellip;]","og_url":"https:\/\/www.uaga.eus\/22-de-julio-visita-a-la-parcela-experimental-de-uaga-y-neiker-sobre-el-cultivo-del-lupulo\/","og_site_name":"UAGA","article_published_time":"2021-07-16T10:22:51+00:00","og_image":[{"width":650,"height":366,"url":"https:\/\/www.uaga.eus\/wp-content\/uploads\/2021\/06\/lupulo.jpg","type":"image\/jpeg"}],"author":"Blanca S\u00e1nchez","twitter_card":"summary_large_image","twitter_misc":{"Written by":"Blanca S\u00e1nchez","Est. reading time":"1 minutua"},"schema":{"@context":"https:\/\/schema.org","@graph":[{"@type":"WebPage","@id":"https:\/\/www.uaga.eus\/22-de-julio-visita-a-la-parcela-experimental-de-uaga-y-neiker-sobre-el-cultivo-del-lupulo\/","url":"https:\/\/www.uaga.eus\/22-de-julio-visita-a-la-parcela-experimental-de-uaga-y-neiker-sobre-el-cultivo-del-lupulo\/","name":"22 de julio, visita a la parcela experimental de UAGA y NEIKER sobre el cultivo del l\u00fapulo - UAGA","isPartOf":{"@id":"https:\/\/www.uaga.eus\/#website"},"datePublished":"2021-07-16T10:22:51+00:00","dateModified":"2021-07-16T10:22:51+00:00","author":{"@id":"https:\/\/www.uaga.eus\/#\/schema\/person\/48c3cbf0f33d1b788226dbb6518689cf"},"breadcrumb":{"@id":"https:\/\/www.uaga.eus\/22-de-julio-visita-a-la-parcela-experimental-de-uaga-y-neiker-sobre-el-cultivo-del-lupulo\/#breadcrumb"},"inLanguage":"eu","potentialAction":[{"@type":"ReadAction","target":["https:\/\/www.uaga.eus\/22-de-julio-visita-a-la-parcela-experimental-de-uaga-y-neiker-sobre-el-cultivo-del-lupulo\/"]}]},{"@type":"BreadcrumbList","@id":"https:\/\/www.uaga.eus\/22-de-julio-visita-a-la-parcela-experimental-de-uaga-y-neiker-sobre-el-cultivo-del-lupulo\/#breadcrumb","itemListElement":[{"@type":"ListItem","position":1,"name":"Inicio","item":"https:\/\/www.uaga.eus\/"},{"@type":"ListItem","position":2,"name":"22 de julio, visita a la parcela experimental de UAGA y NEIKER sobre el cultivo del l\u00fapulo"}]},{"@type":"WebSite","@id":"https:\/\/www.uaga.eus\/#website","url":"https:\/\/www.uaga.eus\/","name":"UAGA","description":"Uni\u00f3n Agroganadera de \u00c1lava - Araba Nekazarien Elkartea","potentialAction":[{"@type":"SearchAction","target":{"@type":"EntryPoint","urlTemplate":"https:\/\/www.uaga.eus\/?s={search_term_string}"},"query-input":"required name=search_term_string"}],"inLanguage":"eu"},{"@type":"Person","@id":"https:\/\/www.uaga.eus\/#\/schema\/person\/48c3cbf0f33d1b788226dbb6518689cf","name":"Blanca S\u00e1nchez","image":{"@type":"ImageObject","inLanguage":"eu","@id":"https:\/\/www.uaga.eus\/#\/schema\/person\/image\/","url":"https:\/\/secure.gravatar.com\/avatar\/0dc91c20648254b1ce84877283f6751b?s=96&d=mm&r=g","contentUrl":"https:\/\/secure.gravatar.com\/avatar\/0dc91c20648254b1ce84877283f6751b?s=96&d=mm&r=g","caption":"Blanca S\u00e1nchez"},"url":"https:\/\/www.uaga.eus\/eu\/author\/bsanchez\/"}]}},"_links":{"self":[{"href":"https:\/\/www.uaga.eus\/eu\/wp-json\/wp\/v2\/posts\/9137"}],"collection":[{"href":"https:\/\/www.uaga.eus\/eu\/wp-json\/wp\/v2\/posts"}],"about":[{"href":"https:\/\/www.uaga.eus\/eu\/wp-json\/wp\/v2\/types\/post"}],"author":[{"embeddable":true,"href":"https:\/\/www.uaga.eus\/eu\/wp-json\/wp\/v2\/users\/4"}],"replies":[{"embeddable":true,"href":"https:\/\/www.uaga.eus\/eu\/wp-json\/wp\/v2\/comments?post=9137"}],"version-history":[{"count":1,"href":"https:\/\/www.uaga.eus\/eu\/wp-json\/wp\/v2\/posts\/9137\/revisions"}],"predecessor-version":[{"id":9138,"href":"https:\/\/www.uaga.eus\/eu\/wp-json\/wp\/v2\/posts\/9137\/revisions\/9138"}],"wp:featuredmedia":[{"embeddable":true,"href":"https:\/\/www.uaga.eus\/eu\/wp-json\/wp\/v2\/media\/9065"}],"wp:attachment":[{"href":"https:\/\/www.uaga.eus\/eu\/wp-json\/wp\/v2\/media?parent=9137"}],"wp:term":[{"taxonomy":"category","embeddable":true,"href":"https:\/\/www.uaga.eus\/eu\/wp-json\/wp\/v2\/categories?post=9137"},{"taxonomy":"post_tag","embeddable":true,"href":"https:\/\/www.uaga.eus\/eu\/wp-json\/wp\/v2\/tags?post=9137"}],"curies":[{"name":"wp","href":"https:\/\/api.w.org\/{rel}","templated":true}]}}