{"id":9125,"date":"2021-07-09T11:30:51","date_gmt":"2021-07-09T11:30:51","guid":{"rendered":"https:\/\/www.uaga.eus\/?p=9125"},"modified":"2021-07-09T11:30:51","modified_gmt":"2021-07-09T11:30:51","slug":"los-productores-interesados-en-participar-en-la-feria-de-santiago-pueden-solicitar-un-puesto-hasta-el-lunes-12-de-julio","status":"publish","type":"post","link":"https:\/\/www.uaga.eus\/eu\/los-productores-interesados-en-participar-en-la-feria-de-santiago-pueden-solicitar-un-puesto-hasta-el-lunes-12-de-julio\/","title":{"rendered":"Los productores interesados en participar en la Feria de Santiago pueden solicitar un puesto hasta el lunes 12 de julio"},"content":{"rendered":"<p>La Diputaci\u00f3n Foral de \u00c1lava ha abierto esta semana la convocatoria p\u00fablica para solicitar\u00a0un puesto de venta en la Feria Agr\u00edcola de Santiago, que\u00a0se celebrar\u00e1 en un formato m\u00e1s limitado el 25 de julio de 2019 en la Plaza de Espa\u00f1a de Vitoria-Gasteiz.<\/p>\n<p>La actual coyuntura sanitaria impide celebrar esta feria en condiciones normales y se han habilitado medidas para compatibilizar\u00a0 la celebraci\u00f3n de este mercado local con el control de la enfermedad, tales como el establecimiento de limitaciones en el aforo, las distancias de seguridad y medidas encaminadas a evitar las aglomeraciones de las personas. Por todo ello, la feria de contar\u00e1, de forma exclusiva, con la presencia de personas productoras del agro alav\u00e9s.<\/p>\n<p>Las personas interesadas deber\u00e1n presentar la solicitud en el Registro Foral de la Diputaci\u00f3n Foral de \u00c1lava, en las\u00a0Oficinas Comarcales Agrarias o en la <a href=\"https:\/\/egoitza.araba.eus\/es\/-\/tr-registro-electronico-comun\" target=\"_blank\" rel=\"noopener\" data-cke-saved-href=\"https:\/\/egoitza.araba.eus\/es\/-\/tr-registro-electronico-comun\">sede electr\u00f3nica<\/a> de Diputaci\u00f3n.\u00a0El plazo est\u00e1 abierto hasta el lunes 12 de julio.<\/p>\n<p>Puedes consultar aqu\u00ed la <a href=\"https:\/\/www.araba.eus\/botha\/Boletines\/2021\/074\/2021_074_02449_C.pdf\" target=\"_blank\" rel=\"noopener\" data-cke-saved-href=\"https:\/\/www.araba.eus\/botha\/Boletines\/2021\/074\/2021_074_02449_C.pdf\">Orden<\/a> de la Convocatoria y el <a href=\"https:\/\/www.araba.eus\/botha\/Boletines\/2021\/076\/2021_076_02506_C.pdf\" target=\"_blank\" rel=\"noopener\" data-cke-saved-href=\"https:\/\/www.araba.eus\/botha\/Boletines\/2021\/076\/2021_076_02506_C.pdf\">anexo<\/a> con los requisitos para la solicitud.<\/p>\n","protected":false},"excerpt":{"rendered":"<p>La Diputaci\u00f3n Foral de \u00c1lava ha abierto esta semana la convocatoria p\u00fablica para solicitar\u00a0un puesto de venta en la Feria Agr\u00edcola de Santiago, que\u00a0se celebrar\u00e1 en un formato m\u00e1s limitado el 25 de julio de 2019 en la Plaza de Espa\u00f1a de Vitoria-Gasteiz. La actual coyuntura sanitaria impide celebrar esta feria en condiciones normales y [&hellip;]<\/p>\n","protected":false},"author":4,"featured_media":9126,"comment_status":"closed","ping_status":"closed","sticky":false,"template":"","format":"standard","meta":{"footnotes":""},"categories":[12],"tags":[],"yoast_head":"<!-- This site is optimized with the Yoast SEO plugin v21.5 - https:\/\/yoast.com\/wordpress\/plugins\/seo\/ -->\n<title>Los productores interesados en participar en la Feria de Santiago pueden solicitar un puesto hasta el lunes 12 de julio - UAGA<\/title>\n<meta name=\"robots\" content=\"index, follow, max-snippet:-1, max-image-preview:large, max-video-preview:-1\" \/>\n<link rel=\"canonical\" href=\"https:\/\/www.uaga.eus\/eu\/los-productores-interesados-en-participar-en-la-feria-de-santiago-pueden-solicitar-un-puesto-hasta-el-lunes-12-de-julio\/\" \/>\n<meta property=\"og:locale\" content=\"en_US\" \/>\n<meta property=\"og:type\" content=\"article\" \/>\n<meta property=\"og:title\" content=\"Los productores interesados en participar en la Feria de Santiago pueden solicitar un puesto hasta el lunes 12 de julio - UAGA\" \/>\n<meta property=\"og:description\" content=\"La Diputaci\u00f3n Foral de \u00c1lava ha abierto esta semana la convocatoria p\u00fablica para solicitar\u00a0un puesto de venta en la Feria Agr\u00edcola de Santiago, que\u00a0se celebrar\u00e1 en un formato m\u00e1s limitado el 25 de julio de 2019 en la Plaza de Espa\u00f1a de Vitoria-Gasteiz. La actual coyuntura sanitaria impide celebrar esta feria en condiciones normales y [&hellip;]\" \/>\n<meta property=\"og:url\" content=\"https:\/\/www.uaga.eus\/eu\/los-productores-interesados-en-participar-en-la-feria-de-santiago-pueden-solicitar-un-puesto-hasta-el-lunes-12-de-julio\/\" \/>\n<meta property=\"og:site_name\" content=\"UAGA\" \/>\n<meta property=\"article:published_time\" content=\"2021-07-09T11:30:51+00:00\" \/>\n<meta property=\"og:image\" content=\"https:\/\/www.uaga.eus\/wp-content\/uploads\/2021\/07\/puesto-uagalur-feria-santiago-e1625830216483.jpg\" \/>\n\t<meta property=\"og:image:width\" content=\"698\" \/>\n\t<meta property=\"og:image:height\" content=\"418\" \/>\n\t<meta property=\"og:image:type\" content=\"image\/jpeg\" \/>\n<meta name=\"author\" content=\"Blanca S\u00e1nchez\" \/>\n<meta name=\"twitter:card\" content=\"summary_large_image\" \/>\n<meta name=\"twitter:label1\" content=\"Written by\" \/>\n\t<meta name=\"twitter:data1\" content=\"Blanca S\u00e1nchez\" \/>\n\t<meta name=\"twitter:label2\" content=\"Est. reading time\" \/>\n\t<meta name=\"twitter:data2\" content=\"1 minutua\" \/>\n<script type=\"application\/ld+json\" class=\"yoast-schema-graph\">{\"@context\":\"https:\/\/schema.org\",\"@graph\":[{\"@type\":\"WebPage\",\"@id\":\"https:\/\/www.uaga.eus\/eu\/los-productores-interesados-en-participar-en-la-feria-de-santiago-pueden-solicitar-un-puesto-hasta-el-lunes-12-de-julio\/\",\"url\":\"https:\/\/www.uaga.eus\/eu\/los-productores-interesados-en-participar-en-la-feria-de-santiago-pueden-solicitar-un-puesto-hasta-el-lunes-12-de-julio\/\",\"name\":\"Los productores interesados en participar en la Feria de Santiago pueden solicitar un puesto hasta el lunes 12 de julio - UAGA\",\"isPartOf\":{\"@id\":\"https:\/\/www.uaga.eus\/#website\"},\"datePublished\":\"2021-07-09T11:30:51+00:00\",\"dateModified\":\"2021-07-09T11:30:51+00:00\",\"author\":{\"@id\":\"https:\/\/www.uaga.eus\/#\/schema\/person\/48c3cbf0f33d1b788226dbb6518689cf\"},\"breadcrumb\":{\"@id\":\"https:\/\/www.uaga.eus\/eu\/los-productores-interesados-en-participar-en-la-feria-de-santiago-pueden-solicitar-un-puesto-hasta-el-lunes-12-de-julio\/#breadcrumb\"},\"inLanguage\":\"eu\",\"potentialAction\":[{\"@type\":\"ReadAction\",\"target\":[\"https:\/\/www.uaga.eus\/eu\/los-productores-interesados-en-participar-en-la-feria-de-santiago-pueden-solicitar-un-puesto-hasta-el-lunes-12-de-julio\/\"]}]},{\"@type\":\"BreadcrumbList\",\"@id\":\"https:\/\/www.uaga.eus\/eu\/los-productores-interesados-en-participar-en-la-feria-de-santiago-pueden-solicitar-un-puesto-hasta-el-lunes-12-de-julio\/#breadcrumb\",\"itemListElement\":[{\"@type\":\"ListItem\",\"position\":1,\"name\":\"Inicio\",\"item\":\"https:\/\/www.uaga.eus\/\"},{\"@type\":\"ListItem\",\"position\":2,\"name\":\"Los productores interesados en participar en la Feria de Santiago pueden solicitar un puesto hasta el lunes 12 de julio\"}]},{\"@type\":\"WebSite\",\"@id\":\"https:\/\/www.uaga.eus\/#website\",\"url\":\"https:\/\/www.uaga.eus\/\",\"name\":\"UAGA\",\"description\":\"Uni\u00f3n Agroganadera de \u00c1lava - Araba Nekazarien Elkartea\",\"potentialAction\":[{\"@type\":\"SearchAction\",\"target\":{\"@type\":\"EntryPoint\",\"urlTemplate\":\"https:\/\/www.uaga.eus\/?s={search_term_string}\"},\"query-input\":\"required name=search_term_string\"}],\"inLanguage\":\"eu\"},{\"@type\":\"Person\",\"@id\":\"https:\/\/www.uaga.eus\/#\/schema\/person\/48c3cbf0f33d1b788226dbb6518689cf\",\"name\":\"Blanca S\u00e1nchez\",\"image\":{\"@type\":\"ImageObject\",\"inLanguage\":\"eu\",\"@id\":\"https:\/\/www.uaga.eus\/#\/schema\/person\/image\/\",\"url\":\"https:\/\/secure.gravatar.com\/avatar\/0dc91c20648254b1ce84877283f6751b?s=96&d=mm&r=g\",\"contentUrl\":\"https:\/\/secure.gravatar.com\/avatar\/0dc91c20648254b1ce84877283f6751b?s=96&d=mm&r=g\",\"caption\":\"Blanca S\u00e1nchez\"},\"url\":\"https:\/\/www.uaga.eus\/eu\/author\/bsanchez\/\"}]}<\/script>\n<!-- \/ Yoast SEO plugin. -->","yoast_head_json":{"title":"Los productores interesados en participar en la Feria de Santiago pueden solicitar un puesto hasta el lunes 12 de julio - UAGA","robots":{"index":"index","follow":"follow","max-snippet":"max-snippet:-1","max-image-preview":"max-image-preview:large","max-video-preview":"max-video-preview:-1"},"canonical":"https:\/\/www.uaga.eus\/eu\/los-productores-interesados-en-participar-en-la-feria-de-santiago-pueden-solicitar-un-puesto-hasta-el-lunes-12-de-julio\/","og_locale":"en_US","og_type":"article","og_title":"Los productores interesados en participar en la Feria de Santiago pueden solicitar un puesto hasta el lunes 12 de julio - UAGA","og_description":"La Diputaci\u00f3n Foral de \u00c1lava ha abierto esta semana la convocatoria p\u00fablica para solicitar\u00a0un puesto de venta en la Feria Agr\u00edcola de Santiago, que\u00a0se celebrar\u00e1 en un formato m\u00e1s limitado el 25 de julio de 2019 en la Plaza de Espa\u00f1a de Vitoria-Gasteiz. La actual coyuntura sanitaria impide celebrar esta feria en condiciones normales y [&hellip;]","og_url":"https:\/\/www.uaga.eus\/eu\/los-productores-interesados-en-participar-en-la-feria-de-santiago-pueden-solicitar-un-puesto-hasta-el-lunes-12-de-julio\/","og_site_name":"UAGA","article_published_time":"2021-07-09T11:30:51+00:00","og_image":[{"width":698,"height":418,"url":"https:\/\/www.uaga.eus\/wp-content\/uploads\/2021\/07\/puesto-uagalur-feria-santiago-e1625830216483.jpg","type":"image\/jpeg"}],"author":"Blanca S\u00e1nchez","twitter_card":"summary_large_image","twitter_misc":{"Written by":"Blanca S\u00e1nchez","Est. reading time":"1 minutua"},"schema":{"@context":"https:\/\/schema.org","@graph":[{"@type":"WebPage","@id":"https:\/\/www.uaga.eus\/eu\/los-productores-interesados-en-participar-en-la-feria-de-santiago-pueden-solicitar-un-puesto-hasta-el-lunes-12-de-julio\/","url":"https:\/\/www.uaga.eus\/eu\/los-productores-interesados-en-participar-en-la-feria-de-santiago-pueden-solicitar-un-puesto-hasta-el-lunes-12-de-julio\/","name":"Los productores interesados en participar en la Feria de Santiago pueden solicitar un puesto hasta el lunes 12 de julio - UAGA","isPartOf":{"@id":"https:\/\/www.uaga.eus\/#website"},"datePublished":"2021-07-09T11:30:51+00:00","dateModified":"2021-07-09T11:30:51+00:00","author":{"@id":"https:\/\/www.uaga.eus\/#\/schema\/person\/48c3cbf0f33d1b788226dbb6518689cf"},"breadcrumb":{"@id":"https:\/\/www.uaga.eus\/eu\/los-productores-interesados-en-participar-en-la-feria-de-santiago-pueden-solicitar-un-puesto-hasta-el-lunes-12-de-julio\/#breadcrumb"},"inLanguage":"eu","potentialAction":[{"@type":"ReadAction","target":["https:\/\/www.uaga.eus\/eu\/los-productores-interesados-en-participar-en-la-feria-de-santiago-pueden-solicitar-un-puesto-hasta-el-lunes-12-de-julio\/"]}]},{"@type":"BreadcrumbList","@id":"https:\/\/www.uaga.eus\/eu\/los-productores-interesados-en-participar-en-la-feria-de-santiago-pueden-solicitar-un-puesto-hasta-el-lunes-12-de-julio\/#breadcrumb","itemListElement":[{"@type":"ListItem","position":1,"name":"Inicio","item":"https:\/\/www.uaga.eus\/"},{"@type":"ListItem","position":2,"name":"Los productores interesados en participar en la Feria de Santiago pueden solicitar un puesto hasta el lunes 12 de julio"}]},{"@type":"WebSite","@id":"https:\/\/www.uaga.eus\/#website","url":"https:\/\/www.uaga.eus\/","name":"UAGA","description":"Uni\u00f3n Agroganadera de \u00c1lava - Araba Nekazarien Elkartea","potentialAction":[{"@type":"SearchAction","target":{"@type":"EntryPoint","urlTemplate":"https:\/\/www.uaga.eus\/?s={search_term_string}"},"query-input":"required name=search_term_string"}],"inLanguage":"eu"},{"@type":"Person","@id":"https:\/\/www.uaga.eus\/#\/schema\/person\/48c3cbf0f33d1b788226dbb6518689cf","name":"Blanca S\u00e1nchez","image":{"@type":"ImageObject","inLanguage":"eu","@id":"https:\/\/www.uaga.eus\/#\/schema\/person\/image\/","url":"https:\/\/secure.gravatar.com\/avatar\/0dc91c20648254b1ce84877283f6751b?s=96&d=mm&r=g","contentUrl":"https:\/\/secure.gravatar.com\/avatar\/0dc91c20648254b1ce84877283f6751b?s=96&d=mm&r=g","caption":"Blanca S\u00e1nchez"},"url":"https:\/\/www.uaga.eus\/eu\/author\/bsanchez\/"}]}},"_links":{"self":[{"href":"https:\/\/www.uaga.eus\/eu\/wp-json\/wp\/v2\/posts\/9125"}],"collection":[{"href":"https:\/\/www.uaga.eus\/eu\/wp-json\/wp\/v2\/posts"}],"about":[{"href":"https:\/\/www.uaga.eus\/eu\/wp-json\/wp\/v2\/types\/post"}],"author":[{"embeddable":true,"href":"https:\/\/www.uaga.eus\/eu\/wp-json\/wp\/v2\/users\/4"}],"replies":[{"embeddable":true,"href":"https:\/\/www.uaga.eus\/eu\/wp-json\/wp\/v2\/comments?post=9125"}],"version-history":[{"count":1,"href":"https:\/\/www.uaga.eus\/eu\/wp-json\/wp\/v2\/posts\/9125\/revisions"}],"predecessor-version":[{"id":9127,"href":"https:\/\/www.uaga.eus\/eu\/wp-json\/wp\/v2\/posts\/9125\/revisions\/9127"}],"wp:featuredmedia":[{"embeddable":true,"href":"https:\/\/www.uaga.eus\/eu\/wp-json\/wp\/v2\/media\/9126"}],"wp:attachment":[{"href":"https:\/\/www.uaga.eus\/eu\/wp-json\/wp\/v2\/media?parent=9125"}],"wp:term":[{"taxonomy":"category","embeddable":true,"href":"https:\/\/www.uaga.eus\/eu\/wp-json\/wp\/v2\/categories?post=9125"},{"taxonomy":"post_tag","embeddable":true,"href":"https:\/\/www.uaga.eus\/eu\/wp-json\/wp\/v2\/tags?post=9125"}],"curies":[{"name":"wp","href":"https:\/\/api.w.org\/{rel}","templated":true}]}}