{"id":9103,"date":"2021-07-02T11:13:45","date_gmt":"2021-07-02T11:13:45","guid":{"rendered":"https:\/\/www.uaga.eus\/?p=9103"},"modified":"2021-07-02T11:13:57","modified_gmt":"2021-07-02T11:13:57","slug":"la-reforma-de-la-pac-2023-2027-no-responde-a-las-necesidades-de-las-pequenas-y-medianas-explotaciones","status":"publish","type":"post","link":"https:\/\/www.uaga.eus\/eu\/la-reforma-de-la-pac-2023-2027-no-responde-a-las-necesidades-de-las-pequenas-y-medianas-explotaciones\/","title":{"rendered":"La reforma de la PAC (2023-2027)\u00a0no responde a las necesidades de las peque\u00f1as y medianas explotaciones"},"content":{"rendered":"<p>El Consejo de Ministros de la UE ha ratificado esta semana la reforma de la PAC para el per\u00edodo 2023-2027.\u00a0 COAG, de la que forma parte UAGA, considera que esta reforma no es justa ni social y acelerar\u00e1 el proceso de uberizaci\u00f3n del campo espa\u00f1ol y europeo.<\/p>\n<p>El texto aprobado no responde las verdaderas necesidades del modelo social y profesional agrario, mayoritario en Europa, al abandonar a\u00fan m\u00e1s los mecanismos de regulaci\u00f3n de mercado. Esto agravar\u00e1 el impacto de la volatilidad de los precios y la espiral alcista de los costes en las rentas de las peque\u00f1as y medianas explotaciones.<\/p>\n<p>El agricultor profesional no tendr\u00e1 \u00a0prioridad a la hora de acceder a las ayudas redistributivas de la PAC. Adem\u00e1s, se va a detraer una parte elevada de las ayudas directas (el 25%) a los ecoesquemas, lo que supone un recorte de hecho, ya que para recuperar ese porcentaje el agricultor tendr\u00e1 que afrontar nuevos gastos que el mercado no remunera, con la consiguiente ca\u00edda de rentas.<\/p>\n<p>Este mes est\u00e1 previsto continuar con las negociaciones para aprobar el Plan Estrat\u00e9gico Nacional, que adaptar\u00e1 la reforma a la coyuntura estatal. COAG participar\u00e1 en este proceso con el objetivo de mitigar el impacto de las nuevas reglas marcadas por la UE en las rentas de las peque\u00f1as y medianas explotaciones.<\/p>\n<p>Puedes consultar la nota de prensa de COAG <a href=\"http:\/\/coag.chil.me\/post\/coag-considera-que-esta-reforma-de-la-pac-no-es-justa-ni-social-y-acelerara-el-p-354434\" target=\"_blank\" rel=\"noopener\" data-cke-saved-href=\"http:\/\/coag.chil.me\/post\/coag-considera-que-esta-reforma-de-la-pac-no-es-justa-ni-social-y-acelerara-el-p-354434\">aqu\u00ed<\/a>.<\/p>\n<div><\/div>\n","protected":false},"excerpt":{"rendered":"<p>El Consejo de Ministros de la UE ha ratificado esta semana la reforma de la PAC para el per\u00edodo 2023-2027.\u00a0 COAG, de la que forma parte UAGA, considera que esta reforma no es justa ni social y acelerar\u00e1 el proceso de uberizaci\u00f3n del campo espa\u00f1ol y europeo. El texto aprobado no responde las verdaderas necesidades [&hellip;]<\/p>\n","protected":false},"author":4,"featured_media":9104,"comment_status":"closed","ping_status":"closed","sticky":false,"template":"","format":"standard","meta":{"footnotes":""},"categories":[7,8,4],"tags":[],"yoast_head":"<!-- This site is optimized with the Yoast SEO plugin v21.5 - https:\/\/yoast.com\/wordpress\/plugins\/seo\/ -->\n<title>La reforma de la PAC (2023-2027)\u00a0no responde a las necesidades de las peque\u00f1as y medianas explotaciones - UAGA<\/title>\n<meta name=\"robots\" content=\"index, follow, max-snippet:-1, max-image-preview:large, max-video-preview:-1\" \/>\n<link rel=\"canonical\" href=\"https:\/\/www.uaga.eus\/la-reforma-de-la-pac-2023-2027-no-responde-a-las-necesidades-de-las-pequenas-y-medianas-explotaciones\/\" \/>\n<meta property=\"og:locale\" content=\"en_US\" \/>\n<meta property=\"og:type\" content=\"article\" \/>\n<meta property=\"og:title\" content=\"La reforma de la PAC (2023-2027)\u00a0no responde a las necesidades de las peque\u00f1as y medianas explotaciones - UAGA\" \/>\n<meta property=\"og:description\" content=\"El Consejo de Ministros de la UE ha ratificado esta semana la reforma de la PAC para el per\u00edodo 2023-2027.\u00a0 COAG, de la que forma parte UAGA, considera que esta reforma no es justa ni social y acelerar\u00e1 el proceso de uberizaci\u00f3n del campo espa\u00f1ol y europeo. El texto aprobado no responde las verdaderas necesidades [&hellip;]\" \/>\n<meta property=\"og:url\" content=\"https:\/\/www.uaga.eus\/la-reforma-de-la-pac-2023-2027-no-responde-a-las-necesidades-de-las-pequenas-y-medianas-explotaciones\/\" \/>\n<meta property=\"og:site_name\" content=\"UAGA\" \/>\n<meta property=\"article:published_time\" content=\"2021-07-02T11:13:45+00:00\" \/>\n<meta property=\"article:modified_time\" content=\"2021-07-02T11:13:57+00:00\" \/>\n<meta property=\"og:image\" content=\"https:\/\/www.uaga.eus\/wp-content\/uploads\/2021\/07\/cosecha-cereal-2.jpg\" \/>\n\t<meta property=\"og:image:width\" content=\"650\" \/>\n\t<meta property=\"og:image:height\" content=\"366\" \/>\n\t<meta property=\"og:image:type\" content=\"image\/jpeg\" \/>\n<meta name=\"author\" content=\"Blanca S\u00e1nchez\" \/>\n<meta name=\"twitter:card\" content=\"summary_large_image\" \/>\n<meta name=\"twitter:label1\" content=\"Written by\" \/>\n\t<meta name=\"twitter:data1\" content=\"Blanca S\u00e1nchez\" \/>\n\t<meta name=\"twitter:label2\" content=\"Est. reading time\" \/>\n\t<meta name=\"twitter:data2\" content=\"1 minutua\" \/>\n<script type=\"application\/ld+json\" class=\"yoast-schema-graph\">{\"@context\":\"https:\/\/schema.org\",\"@graph\":[{\"@type\":\"WebPage\",\"@id\":\"https:\/\/www.uaga.eus\/la-reforma-de-la-pac-2023-2027-no-responde-a-las-necesidades-de-las-pequenas-y-medianas-explotaciones\/\",\"url\":\"https:\/\/www.uaga.eus\/la-reforma-de-la-pac-2023-2027-no-responde-a-las-necesidades-de-las-pequenas-y-medianas-explotaciones\/\",\"name\":\"La reforma de la PAC (2023-2027)\u00a0no responde a las necesidades de las peque\u00f1as y medianas explotaciones - UAGA\",\"isPartOf\":{\"@id\":\"https:\/\/www.uaga.eus\/#website\"},\"datePublished\":\"2021-07-02T11:13:45+00:00\",\"dateModified\":\"2021-07-02T11:13:57+00:00\",\"author\":{\"@id\":\"https:\/\/www.uaga.eus\/#\/schema\/person\/48c3cbf0f33d1b788226dbb6518689cf\"},\"breadcrumb\":{\"@id\":\"https:\/\/www.uaga.eus\/la-reforma-de-la-pac-2023-2027-no-responde-a-las-necesidades-de-las-pequenas-y-medianas-explotaciones\/#breadcrumb\"},\"inLanguage\":\"eu\",\"potentialAction\":[{\"@type\":\"ReadAction\",\"target\":[\"https:\/\/www.uaga.eus\/la-reforma-de-la-pac-2023-2027-no-responde-a-las-necesidades-de-las-pequenas-y-medianas-explotaciones\/\"]}]},{\"@type\":\"BreadcrumbList\",\"@id\":\"https:\/\/www.uaga.eus\/la-reforma-de-la-pac-2023-2027-no-responde-a-las-necesidades-de-las-pequenas-y-medianas-explotaciones\/#breadcrumb\",\"itemListElement\":[{\"@type\":\"ListItem\",\"position\":1,\"name\":\"Inicio\",\"item\":\"https:\/\/www.uaga.eus\/\"},{\"@type\":\"ListItem\",\"position\":2,\"name\":\"La reforma de la PAC (2023-2027) no responde a las necesidades de las peque\u00f1as y medianas explotaciones\"}]},{\"@type\":\"WebSite\",\"@id\":\"https:\/\/www.uaga.eus\/#website\",\"url\":\"https:\/\/www.uaga.eus\/\",\"name\":\"UAGA\",\"description\":\"Uni\u00f3n Agroganadera de \u00c1lava - Araba Nekazarien Elkartea\",\"potentialAction\":[{\"@type\":\"SearchAction\",\"target\":{\"@type\":\"EntryPoint\",\"urlTemplate\":\"https:\/\/www.uaga.eus\/?s={search_term_string}\"},\"query-input\":\"required name=search_term_string\"}],\"inLanguage\":\"eu\"},{\"@type\":\"Person\",\"@id\":\"https:\/\/www.uaga.eus\/#\/schema\/person\/48c3cbf0f33d1b788226dbb6518689cf\",\"name\":\"Blanca S\u00e1nchez\",\"image\":{\"@type\":\"ImageObject\",\"inLanguage\":\"eu\",\"@id\":\"https:\/\/www.uaga.eus\/#\/schema\/person\/image\/\",\"url\":\"https:\/\/secure.gravatar.com\/avatar\/0dc91c20648254b1ce84877283f6751b?s=96&d=mm&r=g\",\"contentUrl\":\"https:\/\/secure.gravatar.com\/avatar\/0dc91c20648254b1ce84877283f6751b?s=96&d=mm&r=g\",\"caption\":\"Blanca S\u00e1nchez\"},\"url\":\"https:\/\/www.uaga.eus\/eu\/author\/bsanchez\/\"}]}<\/script>\n<!-- \/ Yoast SEO plugin. -->","yoast_head_json":{"title":"La reforma de la PAC (2023-2027)\u00a0no responde a las necesidades de las peque\u00f1as y medianas explotaciones - UAGA","robots":{"index":"index","follow":"follow","max-snippet":"max-snippet:-1","max-image-preview":"max-image-preview:large","max-video-preview":"max-video-preview:-1"},"canonical":"https:\/\/www.uaga.eus\/la-reforma-de-la-pac-2023-2027-no-responde-a-las-necesidades-de-las-pequenas-y-medianas-explotaciones\/","og_locale":"en_US","og_type":"article","og_title":"La reforma de la PAC (2023-2027)\u00a0no responde a las necesidades de las peque\u00f1as y medianas explotaciones - UAGA","og_description":"El Consejo de Ministros de la UE ha ratificado esta semana la reforma de la PAC para el per\u00edodo 2023-2027.\u00a0 COAG, de la que forma parte UAGA, considera que esta reforma no es justa ni social y acelerar\u00e1 el proceso de uberizaci\u00f3n del campo espa\u00f1ol y europeo. El texto aprobado no responde las verdaderas necesidades [&hellip;]","og_url":"https:\/\/www.uaga.eus\/la-reforma-de-la-pac-2023-2027-no-responde-a-las-necesidades-de-las-pequenas-y-medianas-explotaciones\/","og_site_name":"UAGA","article_published_time":"2021-07-02T11:13:45+00:00","article_modified_time":"2021-07-02T11:13:57+00:00","og_image":[{"width":650,"height":366,"url":"https:\/\/www.uaga.eus\/wp-content\/uploads\/2021\/07\/cosecha-cereal-2.jpg","type":"image\/jpeg"}],"author":"Blanca S\u00e1nchez","twitter_card":"summary_large_image","twitter_misc":{"Written by":"Blanca S\u00e1nchez","Est. reading time":"1 minutua"},"schema":{"@context":"https:\/\/schema.org","@graph":[{"@type":"WebPage","@id":"https:\/\/www.uaga.eus\/la-reforma-de-la-pac-2023-2027-no-responde-a-las-necesidades-de-las-pequenas-y-medianas-explotaciones\/","url":"https:\/\/www.uaga.eus\/la-reforma-de-la-pac-2023-2027-no-responde-a-las-necesidades-de-las-pequenas-y-medianas-explotaciones\/","name":"La reforma de la PAC (2023-2027)\u00a0no responde a las necesidades de las peque\u00f1as y medianas explotaciones - UAGA","isPartOf":{"@id":"https:\/\/www.uaga.eus\/#website"},"datePublished":"2021-07-02T11:13:45+00:00","dateModified":"2021-07-02T11:13:57+00:00","author":{"@id":"https:\/\/www.uaga.eus\/#\/schema\/person\/48c3cbf0f33d1b788226dbb6518689cf"},"breadcrumb":{"@id":"https:\/\/www.uaga.eus\/la-reforma-de-la-pac-2023-2027-no-responde-a-las-necesidades-de-las-pequenas-y-medianas-explotaciones\/#breadcrumb"},"inLanguage":"eu","potentialAction":[{"@type":"ReadAction","target":["https:\/\/www.uaga.eus\/la-reforma-de-la-pac-2023-2027-no-responde-a-las-necesidades-de-las-pequenas-y-medianas-explotaciones\/"]}]},{"@type":"BreadcrumbList","@id":"https:\/\/www.uaga.eus\/la-reforma-de-la-pac-2023-2027-no-responde-a-las-necesidades-de-las-pequenas-y-medianas-explotaciones\/#breadcrumb","itemListElement":[{"@type":"ListItem","position":1,"name":"Inicio","item":"https:\/\/www.uaga.eus\/"},{"@type":"ListItem","position":2,"name":"La reforma de la PAC (2023-2027) no responde a las necesidades de las peque\u00f1as y medianas explotaciones"}]},{"@type":"WebSite","@id":"https:\/\/www.uaga.eus\/#website","url":"https:\/\/www.uaga.eus\/","name":"UAGA","description":"Uni\u00f3n Agroganadera de \u00c1lava - Araba Nekazarien Elkartea","potentialAction":[{"@type":"SearchAction","target":{"@type":"EntryPoint","urlTemplate":"https:\/\/www.uaga.eus\/?s={search_term_string}"},"query-input":"required name=search_term_string"}],"inLanguage":"eu"},{"@type":"Person","@id":"https:\/\/www.uaga.eus\/#\/schema\/person\/48c3cbf0f33d1b788226dbb6518689cf","name":"Blanca S\u00e1nchez","image":{"@type":"ImageObject","inLanguage":"eu","@id":"https:\/\/www.uaga.eus\/#\/schema\/person\/image\/","url":"https:\/\/secure.gravatar.com\/avatar\/0dc91c20648254b1ce84877283f6751b?s=96&d=mm&r=g","contentUrl":"https:\/\/secure.gravatar.com\/avatar\/0dc91c20648254b1ce84877283f6751b?s=96&d=mm&r=g","caption":"Blanca S\u00e1nchez"},"url":"https:\/\/www.uaga.eus\/eu\/author\/bsanchez\/"}]}},"_links":{"self":[{"href":"https:\/\/www.uaga.eus\/eu\/wp-json\/wp\/v2\/posts\/9103"}],"collection":[{"href":"https:\/\/www.uaga.eus\/eu\/wp-json\/wp\/v2\/posts"}],"about":[{"href":"https:\/\/www.uaga.eus\/eu\/wp-json\/wp\/v2\/types\/post"}],"author":[{"embeddable":true,"href":"https:\/\/www.uaga.eus\/eu\/wp-json\/wp\/v2\/users\/4"}],"replies":[{"embeddable":true,"href":"https:\/\/www.uaga.eus\/eu\/wp-json\/wp\/v2\/comments?post=9103"}],"version-history":[{"count":2,"href":"https:\/\/www.uaga.eus\/eu\/wp-json\/wp\/v2\/posts\/9103\/revisions"}],"predecessor-version":[{"id":9106,"href":"https:\/\/www.uaga.eus\/eu\/wp-json\/wp\/v2\/posts\/9103\/revisions\/9106"}],"wp:featuredmedia":[{"embeddable":true,"href":"https:\/\/www.uaga.eus\/eu\/wp-json\/wp\/v2\/media\/9104"}],"wp:attachment":[{"href":"https:\/\/www.uaga.eus\/eu\/wp-json\/wp\/v2\/media?parent=9103"}],"wp:term":[{"taxonomy":"category","embeddable":true,"href":"https:\/\/www.uaga.eus\/eu\/wp-json\/wp\/v2\/categories?post=9103"},{"taxonomy":"post_tag","embeddable":true,"href":"https:\/\/www.uaga.eus\/eu\/wp-json\/wp\/v2\/tags?post=9103"}],"curies":[{"name":"wp","href":"https:\/\/api.w.org\/{rel}","templated":true}]}}