{"id":9059,"date":"2021-06-25T10:45:20","date_gmt":"2021-06-25T10:45:20","guid":{"rendered":"https:\/\/www.uaga.eus\/?p=9059"},"modified":"2021-06-25T10:45:20","modified_gmt":"2021-06-25T10:45:20","slug":"30-de-junio-visita-de-campo-a-los-ensayos-de-cultivos-ecologicos-de-neiker","status":"publish","type":"post","link":"https:\/\/www.uaga.eus\/eu\/30-de-junio-visita-de-campo-a-los-ensayos-de-cultivos-ecologicos-de-neiker\/","title":{"rendered":"30 de junio, visita de campo a los ensayos de cultivos ecol\u00f3gicos de Neiker"},"content":{"rendered":"<p>Neiker ha organizado una visita de campo a los ensayos de cultivos ecol\u00f3gicos en Arkaute el pr\u00f3ximo 30 de junio.<\/p>\n<p>En la jornada se expondr\u00e1n las principales conclusiones de las pruebas realizadas durante las dos \u00faltimas campa\u00f1as sobre diversos cultivos, variedades o fertilizaci\u00f3n, entre otros.<\/p>\n<p>Puedes consultar el programa e inscribirte en el siguiente <a href=\"https:\/\/neiker.eus\/es\/sin-categoria\/visita-de-campo-a-los-ensayos-de-cultivos-ecologicos-de-neiker\/\" target=\"_blank\" rel=\"noopener\" data-cke-saved-href=\"https:\/\/neiker.eus\/es\/sin-categoria\/visita-de-campo-a-los-ensayos-de-cultivos-ecologicos-de-neiker\/\">enlace<\/a>.<\/p>\n<div>+INFO SUGOI: 675 707 696<\/div>\n","protected":false},"excerpt":{"rendered":"<p>Neiker ha organizado una visita de campo a los ensayos de cultivos ecol\u00f3gicos en Arkaute el pr\u00f3ximo 30 de junio. En la jornada se expondr\u00e1n las principales conclusiones de las pruebas realizadas durante las dos \u00faltimas campa\u00f1as sobre diversos cultivos, variedades o fertilizaci\u00f3n, entre otros. Puedes consultar el programa e inscribirte en el siguiente enlace. [&hellip;]<\/p>\n","protected":false},"author":4,"featured_media":9060,"comment_status":"closed","ping_status":"closed","sticky":false,"template":"","format":"standard","meta":{"footnotes":""},"categories":[10],"tags":[],"yoast_head":"<!-- This site is optimized with the Yoast SEO plugin v21.5 - https:\/\/yoast.com\/wordpress\/plugins\/seo\/ -->\n<title>30 de junio, visita de campo a los ensayos de cultivos ecol\u00f3gicos de Neiker - UAGA<\/title>\n<meta name=\"robots\" content=\"index, follow, max-snippet:-1, max-image-preview:large, max-video-preview:-1\" \/>\n<link rel=\"canonical\" href=\"https:\/\/www.uaga.eus\/30-de-junio-visita-de-campo-a-los-ensayos-de-cultivos-ecologicos-de-neiker\/\" \/>\n<meta property=\"og:locale\" content=\"en_US\" \/>\n<meta property=\"og:type\" content=\"article\" \/>\n<meta property=\"og:title\" content=\"30 de junio, visita de campo a los ensayos de cultivos ecol\u00f3gicos de Neiker - UAGA\" \/>\n<meta property=\"og:description\" content=\"Neiker ha organizado una visita de campo a los ensayos de cultivos ecol\u00f3gicos en Arkaute el pr\u00f3ximo 30 de junio. En la jornada se expondr\u00e1n las principales conclusiones de las pruebas realizadas durante las dos \u00faltimas campa\u00f1as sobre diversos cultivos, variedades o fertilizaci\u00f3n, entre otros. Puedes consultar el programa e inscribirte en el siguiente enlace. [&hellip;]\" \/>\n<meta property=\"og:url\" content=\"https:\/\/www.uaga.eus\/30-de-junio-visita-de-campo-a-los-ensayos-de-cultivos-ecologicos-de-neiker\/\" \/>\n<meta property=\"og:site_name\" content=\"UAGA\" \/>\n<meta property=\"article:published_time\" content=\"2021-06-25T10:45:20+00:00\" \/>\n<meta property=\"og:image\" content=\"https:\/\/www.uaga.eus\/wp-content\/uploads\/2021\/06\/visita-finca-ecologica.jpg\" \/>\n\t<meta property=\"og:image:width\" content=\"650\" \/>\n\t<meta property=\"og:image:height\" content=\"366\" \/>\n\t<meta property=\"og:image:type\" content=\"image\/jpeg\" \/>\n<meta name=\"author\" content=\"Blanca S\u00e1nchez\" \/>\n<meta name=\"twitter:card\" content=\"summary_large_image\" \/>\n<meta name=\"twitter:label1\" content=\"Written by\" \/>\n\t<meta name=\"twitter:data1\" content=\"Blanca S\u00e1nchez\" \/>\n<script type=\"application\/ld+json\" class=\"yoast-schema-graph\">{\"@context\":\"https:\/\/schema.org\",\"@graph\":[{\"@type\":\"WebPage\",\"@id\":\"https:\/\/www.uaga.eus\/30-de-junio-visita-de-campo-a-los-ensayos-de-cultivos-ecologicos-de-neiker\/\",\"url\":\"https:\/\/www.uaga.eus\/30-de-junio-visita-de-campo-a-los-ensayos-de-cultivos-ecologicos-de-neiker\/\",\"name\":\"30 de junio, visita de campo a los ensayos de cultivos ecol\u00f3gicos de Neiker - UAGA\",\"isPartOf\":{\"@id\":\"https:\/\/www.uaga.eus\/#website\"},\"datePublished\":\"2021-06-25T10:45:20+00:00\",\"dateModified\":\"2021-06-25T10:45:20+00:00\",\"author\":{\"@id\":\"https:\/\/www.uaga.eus\/#\/schema\/person\/48c3cbf0f33d1b788226dbb6518689cf\"},\"breadcrumb\":{\"@id\":\"https:\/\/www.uaga.eus\/30-de-junio-visita-de-campo-a-los-ensayos-de-cultivos-ecologicos-de-neiker\/#breadcrumb\"},\"inLanguage\":\"eu\",\"potentialAction\":[{\"@type\":\"ReadAction\",\"target\":[\"https:\/\/www.uaga.eus\/30-de-junio-visita-de-campo-a-los-ensayos-de-cultivos-ecologicos-de-neiker\/\"]}]},{\"@type\":\"BreadcrumbList\",\"@id\":\"https:\/\/www.uaga.eus\/30-de-junio-visita-de-campo-a-los-ensayos-de-cultivos-ecologicos-de-neiker\/#breadcrumb\",\"itemListElement\":[{\"@type\":\"ListItem\",\"position\":1,\"name\":\"Inicio\",\"item\":\"https:\/\/www.uaga.eus\/\"},{\"@type\":\"ListItem\",\"position\":2,\"name\":\"30 de junio, visita de campo a los ensayos de cultivos ecol\u00f3gicos de Neiker\"}]},{\"@type\":\"WebSite\",\"@id\":\"https:\/\/www.uaga.eus\/#website\",\"url\":\"https:\/\/www.uaga.eus\/\",\"name\":\"UAGA\",\"description\":\"Uni\u00f3n Agroganadera de \u00c1lava - Araba Nekazarien Elkartea\",\"potentialAction\":[{\"@type\":\"SearchAction\",\"target\":{\"@type\":\"EntryPoint\",\"urlTemplate\":\"https:\/\/www.uaga.eus\/?s={search_term_string}\"},\"query-input\":\"required name=search_term_string\"}],\"inLanguage\":\"eu\"},{\"@type\":\"Person\",\"@id\":\"https:\/\/www.uaga.eus\/#\/schema\/person\/48c3cbf0f33d1b788226dbb6518689cf\",\"name\":\"Blanca S\u00e1nchez\",\"image\":{\"@type\":\"ImageObject\",\"inLanguage\":\"eu\",\"@id\":\"https:\/\/www.uaga.eus\/#\/schema\/person\/image\/\",\"url\":\"https:\/\/secure.gravatar.com\/avatar\/0dc91c20648254b1ce84877283f6751b?s=96&d=mm&r=g\",\"contentUrl\":\"https:\/\/secure.gravatar.com\/avatar\/0dc91c20648254b1ce84877283f6751b?s=96&d=mm&r=g\",\"caption\":\"Blanca S\u00e1nchez\"},\"url\":\"https:\/\/www.uaga.eus\/eu\/author\/bsanchez\/\"}]}<\/script>\n<!-- \/ Yoast SEO plugin. -->","yoast_head_json":{"title":"30 de junio, visita de campo a los ensayos de cultivos ecol\u00f3gicos de Neiker - UAGA","robots":{"index":"index","follow":"follow","max-snippet":"max-snippet:-1","max-image-preview":"max-image-preview:large","max-video-preview":"max-video-preview:-1"},"canonical":"https:\/\/www.uaga.eus\/30-de-junio-visita-de-campo-a-los-ensayos-de-cultivos-ecologicos-de-neiker\/","og_locale":"en_US","og_type":"article","og_title":"30 de junio, visita de campo a los ensayos de cultivos ecol\u00f3gicos de Neiker - UAGA","og_description":"Neiker ha organizado una visita de campo a los ensayos de cultivos ecol\u00f3gicos en Arkaute el pr\u00f3ximo 30 de junio. En la jornada se expondr\u00e1n las principales conclusiones de las pruebas realizadas durante las dos \u00faltimas campa\u00f1as sobre diversos cultivos, variedades o fertilizaci\u00f3n, entre otros. Puedes consultar el programa e inscribirte en el siguiente enlace. [&hellip;]","og_url":"https:\/\/www.uaga.eus\/30-de-junio-visita-de-campo-a-los-ensayos-de-cultivos-ecologicos-de-neiker\/","og_site_name":"UAGA","article_published_time":"2021-06-25T10:45:20+00:00","og_image":[{"width":650,"height":366,"url":"https:\/\/www.uaga.eus\/wp-content\/uploads\/2021\/06\/visita-finca-ecologica.jpg","type":"image\/jpeg"}],"author":"Blanca S\u00e1nchez","twitter_card":"summary_large_image","twitter_misc":{"Written by":"Blanca S\u00e1nchez"},"schema":{"@context":"https:\/\/schema.org","@graph":[{"@type":"WebPage","@id":"https:\/\/www.uaga.eus\/30-de-junio-visita-de-campo-a-los-ensayos-de-cultivos-ecologicos-de-neiker\/","url":"https:\/\/www.uaga.eus\/30-de-junio-visita-de-campo-a-los-ensayos-de-cultivos-ecologicos-de-neiker\/","name":"30 de junio, visita de campo a los ensayos de cultivos ecol\u00f3gicos de Neiker - UAGA","isPartOf":{"@id":"https:\/\/www.uaga.eus\/#website"},"datePublished":"2021-06-25T10:45:20+00:00","dateModified":"2021-06-25T10:45:20+00:00","author":{"@id":"https:\/\/www.uaga.eus\/#\/schema\/person\/48c3cbf0f33d1b788226dbb6518689cf"},"breadcrumb":{"@id":"https:\/\/www.uaga.eus\/30-de-junio-visita-de-campo-a-los-ensayos-de-cultivos-ecologicos-de-neiker\/#breadcrumb"},"inLanguage":"eu","potentialAction":[{"@type":"ReadAction","target":["https:\/\/www.uaga.eus\/30-de-junio-visita-de-campo-a-los-ensayos-de-cultivos-ecologicos-de-neiker\/"]}]},{"@type":"BreadcrumbList","@id":"https:\/\/www.uaga.eus\/30-de-junio-visita-de-campo-a-los-ensayos-de-cultivos-ecologicos-de-neiker\/#breadcrumb","itemListElement":[{"@type":"ListItem","position":1,"name":"Inicio","item":"https:\/\/www.uaga.eus\/"},{"@type":"ListItem","position":2,"name":"30 de junio, visita de campo a los ensayos de cultivos ecol\u00f3gicos de Neiker"}]},{"@type":"WebSite","@id":"https:\/\/www.uaga.eus\/#website","url":"https:\/\/www.uaga.eus\/","name":"UAGA","description":"Uni\u00f3n Agroganadera de \u00c1lava - Araba Nekazarien Elkartea","potentialAction":[{"@type":"SearchAction","target":{"@type":"EntryPoint","urlTemplate":"https:\/\/www.uaga.eus\/?s={search_term_string}"},"query-input":"required name=search_term_string"}],"inLanguage":"eu"},{"@type":"Person","@id":"https:\/\/www.uaga.eus\/#\/schema\/person\/48c3cbf0f33d1b788226dbb6518689cf","name":"Blanca S\u00e1nchez","image":{"@type":"ImageObject","inLanguage":"eu","@id":"https:\/\/www.uaga.eus\/#\/schema\/person\/image\/","url":"https:\/\/secure.gravatar.com\/avatar\/0dc91c20648254b1ce84877283f6751b?s=96&d=mm&r=g","contentUrl":"https:\/\/secure.gravatar.com\/avatar\/0dc91c20648254b1ce84877283f6751b?s=96&d=mm&r=g","caption":"Blanca S\u00e1nchez"},"url":"https:\/\/www.uaga.eus\/eu\/author\/bsanchez\/"}]}},"_links":{"self":[{"href":"https:\/\/www.uaga.eus\/eu\/wp-json\/wp\/v2\/posts\/9059"}],"collection":[{"href":"https:\/\/www.uaga.eus\/eu\/wp-json\/wp\/v2\/posts"}],"about":[{"href":"https:\/\/www.uaga.eus\/eu\/wp-json\/wp\/v2\/types\/post"}],"author":[{"embeddable":true,"href":"https:\/\/www.uaga.eus\/eu\/wp-json\/wp\/v2\/users\/4"}],"replies":[{"embeddable":true,"href":"https:\/\/www.uaga.eus\/eu\/wp-json\/wp\/v2\/comments?post=9059"}],"version-history":[{"count":1,"href":"https:\/\/www.uaga.eus\/eu\/wp-json\/wp\/v2\/posts\/9059\/revisions"}],"predecessor-version":[{"id":9061,"href":"https:\/\/www.uaga.eus\/eu\/wp-json\/wp\/v2\/posts\/9059\/revisions\/9061"}],"wp:featuredmedia":[{"embeddable":true,"href":"https:\/\/www.uaga.eus\/eu\/wp-json\/wp\/v2\/media\/9060"}],"wp:attachment":[{"href":"https:\/\/www.uaga.eus\/eu\/wp-json\/wp\/v2\/media?parent=9059"}],"wp:term":[{"taxonomy":"category","embeddable":true,"href":"https:\/\/www.uaga.eus\/eu\/wp-json\/wp\/v2\/categories?post=9059"},{"taxonomy":"post_tag","embeddable":true,"href":"https:\/\/www.uaga.eus\/eu\/wp-json\/wp\/v2\/tags?post=9059"}],"curies":[{"name":"wp","href":"https:\/\/api.w.org\/{rel}","templated":true}]}}