{"id":9054,"date":"2021-06-25T10:43:04","date_gmt":"2021-06-25T10:43:04","guid":{"rendered":"https:\/\/www.uaga.eus\/?p=9054"},"modified":"2021-06-25T10:43:04","modified_gmt":"2021-06-25T10:43:04","slug":"el-observatorio-alimentario-vasco-ratifica-la-subida-del-precio-de-los-piensos","status":"publish","type":"post","link":"https:\/\/www.uaga.eus\/eu\/el-observatorio-alimentario-vasco-ratifica-la-subida-del-precio-de-los-piensos\/","title":{"rendered":"El Observatorio Alimentario Vasco ratifica la subida del precio de los piensos"},"content":{"rendered":"<p>Behatokia, el informe de coyuntura sobre el sector agroalimentario de Euskadi que elabora mensualmente el Gobierno Vasco, ha publicado un estudio que confirma las subida en los precios de los piensos, siendo el sector\u00a0el vacuno y el ovino los sectores mas afectados por la subida.<\/p>\n<p>El informe de Gobierno Vasco tambi\u00e9n realiza un an\u00e1lisis de los diferentes mercados y de la situaci\u00f3n de los cultivos, destacando la afecci\u00f3n de las \u00faltimas tormentas que han causado da\u00f1os importantes en Rioja Alavesa y la Monta\u00f1a Alavesa.<\/p>\n<p>Puedes consultar el bolet\u00edn completo <a href=\"http:\/\/www.nasdap.net\/estadisticas\/preciosorigendestino\/boletinagoralimentarioypesquero\/Historicos_Agroalimentario\/Behatoki_agroalimentario_23_06_2021.pdf#page=3\" target=\"_blank\" rel=\"noopener\" data-cke-saved-href=\"http:\/\/www.nasdap.net\/estadisticas\/preciosorigendestino\/boletinagoralimentarioypesquero\/Historicos_Agroalimentario\/Behatoki_agroalimentario_23_06_2021.pdf#page=3\">aqu\u00ed<\/a>.<\/p>\n","protected":false},"excerpt":{"rendered":"<p>Behatokia, el informe de coyuntura sobre el sector agroalimentario de Euskadi que elabora mensualmente el Gobierno Vasco, ha publicado un estudio que confirma las subida en los precios de los piensos, siendo el sector\u00a0el vacuno y el ovino los sectores mas afectados por la subida. El informe de Gobierno Vasco tambi\u00e9n realiza un an\u00e1lisis de [&hellip;]<\/p>\n","protected":false},"author":4,"featured_media":9055,"comment_status":"closed","ping_status":"closed","sticky":false,"template":"","format":"standard","meta":{"footnotes":""},"categories":[7,8],"tags":[],"yoast_head":"<!-- This site is optimized with the Yoast SEO plugin v21.5 - https:\/\/yoast.com\/wordpress\/plugins\/seo\/ -->\n<title>El Observatorio Alimentario Vasco ratifica la subida del precio de los piensos - UAGA<\/title>\n<meta name=\"robots\" content=\"index, follow, max-snippet:-1, max-image-preview:large, max-video-preview:-1\" \/>\n<link rel=\"canonical\" href=\"https:\/\/www.uaga.eus\/el-observatorio-alimentario-vasco-ratifica-la-subida-del-precio-de-los-piensos\/\" \/>\n<meta property=\"og:locale\" content=\"en_US\" \/>\n<meta property=\"og:type\" content=\"article\" \/>\n<meta property=\"og:title\" content=\"El Observatorio Alimentario Vasco ratifica la subida del precio de los piensos - UAGA\" \/>\n<meta property=\"og:description\" content=\"Behatokia, el informe de coyuntura sobre el sector agroalimentario de Euskadi que elabora mensualmente el Gobierno Vasco, ha publicado un estudio que confirma las subida en los precios de los piensos, siendo el sector\u00a0el vacuno y el ovino los sectores mas afectados por la subida. El informe de Gobierno Vasco tambi\u00e9n realiza un an\u00e1lisis de [&hellip;]\" \/>\n<meta property=\"og:url\" content=\"https:\/\/www.uaga.eus\/el-observatorio-alimentario-vasco-ratifica-la-subida-del-precio-de-los-piensos\/\" \/>\n<meta property=\"og:site_name\" content=\"UAGA\" \/>\n<meta property=\"article:published_time\" content=\"2021-06-25T10:43:04+00:00\" \/>\n<meta property=\"og:image\" content=\"https:\/\/www.uaga.eus\/wp-content\/uploads\/2021\/06\/behatoki-logo.jpg\" \/>\n\t<meta property=\"og:image:width\" content=\"669\" \/>\n\t<meta property=\"og:image:height\" content=\"255\" \/>\n\t<meta property=\"og:image:type\" content=\"image\/jpeg\" \/>\n<meta name=\"author\" content=\"Blanca S\u00e1nchez\" \/>\n<meta name=\"twitter:card\" content=\"summary_large_image\" \/>\n<meta name=\"twitter:label1\" content=\"Written by\" \/>\n\t<meta name=\"twitter:data1\" content=\"Blanca S\u00e1nchez\" \/>\n<script type=\"application\/ld+json\" class=\"yoast-schema-graph\">{\"@context\":\"https:\/\/schema.org\",\"@graph\":[{\"@type\":\"WebPage\",\"@id\":\"https:\/\/www.uaga.eus\/el-observatorio-alimentario-vasco-ratifica-la-subida-del-precio-de-los-piensos\/\",\"url\":\"https:\/\/www.uaga.eus\/el-observatorio-alimentario-vasco-ratifica-la-subida-del-precio-de-los-piensos\/\",\"name\":\"El Observatorio Alimentario Vasco ratifica la subida del precio de los piensos - UAGA\",\"isPartOf\":{\"@id\":\"https:\/\/www.uaga.eus\/#website\"},\"datePublished\":\"2021-06-25T10:43:04+00:00\",\"dateModified\":\"2021-06-25T10:43:04+00:00\",\"author\":{\"@id\":\"https:\/\/www.uaga.eus\/#\/schema\/person\/48c3cbf0f33d1b788226dbb6518689cf\"},\"breadcrumb\":{\"@id\":\"https:\/\/www.uaga.eus\/el-observatorio-alimentario-vasco-ratifica-la-subida-del-precio-de-los-piensos\/#breadcrumb\"},\"inLanguage\":\"eu\",\"potentialAction\":[{\"@type\":\"ReadAction\",\"target\":[\"https:\/\/www.uaga.eus\/el-observatorio-alimentario-vasco-ratifica-la-subida-del-precio-de-los-piensos\/\"]}]},{\"@type\":\"BreadcrumbList\",\"@id\":\"https:\/\/www.uaga.eus\/el-observatorio-alimentario-vasco-ratifica-la-subida-del-precio-de-los-piensos\/#breadcrumb\",\"itemListElement\":[{\"@type\":\"ListItem\",\"position\":1,\"name\":\"Inicio\",\"item\":\"https:\/\/www.uaga.eus\/\"},{\"@type\":\"ListItem\",\"position\":2,\"name\":\"El Observatorio Alimentario Vasco ratifica la subida del precio de los piensos\"}]},{\"@type\":\"WebSite\",\"@id\":\"https:\/\/www.uaga.eus\/#website\",\"url\":\"https:\/\/www.uaga.eus\/\",\"name\":\"UAGA\",\"description\":\"Uni\u00f3n Agroganadera de \u00c1lava - Araba Nekazarien Elkartea\",\"potentialAction\":[{\"@type\":\"SearchAction\",\"target\":{\"@type\":\"EntryPoint\",\"urlTemplate\":\"https:\/\/www.uaga.eus\/?s={search_term_string}\"},\"query-input\":\"required name=search_term_string\"}],\"inLanguage\":\"eu\"},{\"@type\":\"Person\",\"@id\":\"https:\/\/www.uaga.eus\/#\/schema\/person\/48c3cbf0f33d1b788226dbb6518689cf\",\"name\":\"Blanca S\u00e1nchez\",\"image\":{\"@type\":\"ImageObject\",\"inLanguage\":\"eu\",\"@id\":\"https:\/\/www.uaga.eus\/#\/schema\/person\/image\/\",\"url\":\"https:\/\/secure.gravatar.com\/avatar\/0dc91c20648254b1ce84877283f6751b?s=96&d=mm&r=g\",\"contentUrl\":\"https:\/\/secure.gravatar.com\/avatar\/0dc91c20648254b1ce84877283f6751b?s=96&d=mm&r=g\",\"caption\":\"Blanca S\u00e1nchez\"},\"url\":\"https:\/\/www.uaga.eus\/eu\/author\/bsanchez\/\"}]}<\/script>\n<!-- \/ Yoast SEO plugin. -->","yoast_head_json":{"title":"El Observatorio Alimentario Vasco ratifica la subida del precio de los piensos - UAGA","robots":{"index":"index","follow":"follow","max-snippet":"max-snippet:-1","max-image-preview":"max-image-preview:large","max-video-preview":"max-video-preview:-1"},"canonical":"https:\/\/www.uaga.eus\/el-observatorio-alimentario-vasco-ratifica-la-subida-del-precio-de-los-piensos\/","og_locale":"en_US","og_type":"article","og_title":"El Observatorio Alimentario Vasco ratifica la subida del precio de los piensos - UAGA","og_description":"Behatokia, el informe de coyuntura sobre el sector agroalimentario de Euskadi que elabora mensualmente el Gobierno Vasco, ha publicado un estudio que confirma las subida en los precios de los piensos, siendo el sector\u00a0el vacuno y el ovino los sectores mas afectados por la subida. El informe de Gobierno Vasco tambi\u00e9n realiza un an\u00e1lisis de [&hellip;]","og_url":"https:\/\/www.uaga.eus\/el-observatorio-alimentario-vasco-ratifica-la-subida-del-precio-de-los-piensos\/","og_site_name":"UAGA","article_published_time":"2021-06-25T10:43:04+00:00","og_image":[{"width":669,"height":255,"url":"https:\/\/www.uaga.eus\/wp-content\/uploads\/2021\/06\/behatoki-logo.jpg","type":"image\/jpeg"}],"author":"Blanca S\u00e1nchez","twitter_card":"summary_large_image","twitter_misc":{"Written by":"Blanca S\u00e1nchez"},"schema":{"@context":"https:\/\/schema.org","@graph":[{"@type":"WebPage","@id":"https:\/\/www.uaga.eus\/el-observatorio-alimentario-vasco-ratifica-la-subida-del-precio-de-los-piensos\/","url":"https:\/\/www.uaga.eus\/el-observatorio-alimentario-vasco-ratifica-la-subida-del-precio-de-los-piensos\/","name":"El Observatorio Alimentario Vasco ratifica la subida del precio de los piensos - UAGA","isPartOf":{"@id":"https:\/\/www.uaga.eus\/#website"},"datePublished":"2021-06-25T10:43:04+00:00","dateModified":"2021-06-25T10:43:04+00:00","author":{"@id":"https:\/\/www.uaga.eus\/#\/schema\/person\/48c3cbf0f33d1b788226dbb6518689cf"},"breadcrumb":{"@id":"https:\/\/www.uaga.eus\/el-observatorio-alimentario-vasco-ratifica-la-subida-del-precio-de-los-piensos\/#breadcrumb"},"inLanguage":"eu","potentialAction":[{"@type":"ReadAction","target":["https:\/\/www.uaga.eus\/el-observatorio-alimentario-vasco-ratifica-la-subida-del-precio-de-los-piensos\/"]}]},{"@type":"BreadcrumbList","@id":"https:\/\/www.uaga.eus\/el-observatorio-alimentario-vasco-ratifica-la-subida-del-precio-de-los-piensos\/#breadcrumb","itemListElement":[{"@type":"ListItem","position":1,"name":"Inicio","item":"https:\/\/www.uaga.eus\/"},{"@type":"ListItem","position":2,"name":"El Observatorio Alimentario Vasco ratifica la subida del precio de los piensos"}]},{"@type":"WebSite","@id":"https:\/\/www.uaga.eus\/#website","url":"https:\/\/www.uaga.eus\/","name":"UAGA","description":"Uni\u00f3n Agroganadera de \u00c1lava - Araba Nekazarien Elkartea","potentialAction":[{"@type":"SearchAction","target":{"@type":"EntryPoint","urlTemplate":"https:\/\/www.uaga.eus\/?s={search_term_string}"},"query-input":"required name=search_term_string"}],"inLanguage":"eu"},{"@type":"Person","@id":"https:\/\/www.uaga.eus\/#\/schema\/person\/48c3cbf0f33d1b788226dbb6518689cf","name":"Blanca S\u00e1nchez","image":{"@type":"ImageObject","inLanguage":"eu","@id":"https:\/\/www.uaga.eus\/#\/schema\/person\/image\/","url":"https:\/\/secure.gravatar.com\/avatar\/0dc91c20648254b1ce84877283f6751b?s=96&d=mm&r=g","contentUrl":"https:\/\/secure.gravatar.com\/avatar\/0dc91c20648254b1ce84877283f6751b?s=96&d=mm&r=g","caption":"Blanca S\u00e1nchez"},"url":"https:\/\/www.uaga.eus\/eu\/author\/bsanchez\/"}]}},"_links":{"self":[{"href":"https:\/\/www.uaga.eus\/eu\/wp-json\/wp\/v2\/posts\/9054"}],"collection":[{"href":"https:\/\/www.uaga.eus\/eu\/wp-json\/wp\/v2\/posts"}],"about":[{"href":"https:\/\/www.uaga.eus\/eu\/wp-json\/wp\/v2\/types\/post"}],"author":[{"embeddable":true,"href":"https:\/\/www.uaga.eus\/eu\/wp-json\/wp\/v2\/users\/4"}],"replies":[{"embeddable":true,"href":"https:\/\/www.uaga.eus\/eu\/wp-json\/wp\/v2\/comments?post=9054"}],"version-history":[{"count":1,"href":"https:\/\/www.uaga.eus\/eu\/wp-json\/wp\/v2\/posts\/9054\/revisions"}],"predecessor-version":[{"id":9057,"href":"https:\/\/www.uaga.eus\/eu\/wp-json\/wp\/v2\/posts\/9054\/revisions\/9057"}],"wp:featuredmedia":[{"embeddable":true,"href":"https:\/\/www.uaga.eus\/eu\/wp-json\/wp\/v2\/media\/9055"}],"wp:attachment":[{"href":"https:\/\/www.uaga.eus\/eu\/wp-json\/wp\/v2\/media?parent=9054"}],"wp:term":[{"taxonomy":"category","embeddable":true,"href":"https:\/\/www.uaga.eus\/eu\/wp-json\/wp\/v2\/categories?post=9054"},{"taxonomy":"post_tag","embeddable":true,"href":"https:\/\/www.uaga.eus\/eu\/wp-json\/wp\/v2\/tags?post=9054"}],"curies":[{"name":"wp","href":"https:\/\/api.w.org\/{rel}","templated":true}]}}