{"id":9041,"date":"2021-06-18T10:48:34","date_gmt":"2021-06-18T10:48:34","guid":{"rendered":"https:\/\/www.uaga.eus\/?p=9041"},"modified":"2021-06-18T12:40:07","modified_gmt":"2021-06-18T12:40:07","slug":"22-de-junio-jornada-on-line-sobre-el-aprovechamiento-y-valorizacion-de-biomasa-en-el-sector-vitivinicola","status":"publish","type":"post","link":"https:\/\/www.uaga.eus\/eu\/22-de-junio-jornada-on-line-sobre-el-aprovechamiento-y-valorizacion-de-biomasa-en-el-sector-vitivinicola\/","title":{"rendered":"22 de junio, jornada on line sobre el aprovechamiento y valorizaci\u00f3n de biomasa en el sector vitivin\u00edcola"},"content":{"rendered":"<p>La Plataforma Tecnol\u00f3gica del Vino,\u00a0<a href=\"http:\/\/www.ptvino.com\/es\/inicio\/\" data-cke-saved-href=\"http:\/\/www.ptvino.com\/es\/inicio\/\">PTV<\/a>,\u00a0junto con la empresa <a href=\"https:\/\/www.athisa.es\/\" data-cke-saved-href=\"https:\/\/www.athisa.es\/\">Athisa Biogeneraci\u00f3n<\/a>\u00a0organiza el pr\u00f3ximo martes 22 de junio a las 11:00 horas, una jornada \u00a0gratuita sobre el aprovechamiento de la biomasa en el sector vitivin\u00edcola.<\/p>\n<p>En concreto, la jornada se centrar\u00e1 en el proceso de poda de la vid, como uno de los primeros pasos para conseguir una valorizaci\u00f3n del subproducto de la poda en las explotaciones vitivin\u00edcolas a trav\u00e9s del uso de la biomasa.<\/p>\n<p>En \u00e9ste enlace puedes ver el\u00a0 <a href=\"http:\/\/www.agro-alimentarias.coop\/ficheros\/doc\/06401.pdf\" data-cke-saved-href=\"http:\/\/www.agro-alimentarias.coop\/ficheros\/doc\/06401.pdf\">programa<\/a>\u00a0 e \u00a0inscribirte a la jornada\u00a0<a href=\"https:\/\/register.gotowebinar.com\/register\/2278982355545138192\" data-cke-saved-href=\"https:\/\/register.gotowebinar.com\/register\/2278982355545138192\">aqu\u00ed<\/a>.<\/p>\n","protected":false},"excerpt":{"rendered":"<p>La Plataforma Tecnol\u00f3gica del Vino,\u00a0PTV,\u00a0junto con la empresa Athisa Biogeneraci\u00f3n\u00a0organiza el pr\u00f3ximo martes 22 de junio a las 11:00 horas, una jornada \u00a0gratuita sobre el aprovechamiento de la biomasa en el sector vitivin\u00edcola. En concreto, la jornada se centrar\u00e1 en el proceso de poda de la vid, como uno de los primeros pasos para conseguir [&hellip;]<\/p>\n","protected":false},"author":4,"featured_media":8189,"comment_status":"closed","ping_status":"closed","sticky":false,"template":"","format":"standard","meta":{"footnotes":""},"categories":[7,66],"tags":[],"yoast_head":"<!-- This site is optimized with the Yoast SEO plugin v21.5 - https:\/\/yoast.com\/wordpress\/plugins\/seo\/ -->\n<title>22 de junio, jornada on line sobre el aprovechamiento y valorizaci\u00f3n de biomasa en el sector vitivin\u00edcola - UAGA<\/title>\n<meta name=\"robots\" content=\"index, follow, max-snippet:-1, max-image-preview:large, max-video-preview:-1\" \/>\n<link rel=\"canonical\" href=\"https:\/\/www.uaga.eus\/22-de-junio-jornada-on-line-sobre-el-aprovechamiento-y-valorizacion-de-biomasa-en-el-sector-vitivinicola\/\" \/>\n<meta property=\"og:locale\" content=\"en_US\" \/>\n<meta property=\"og:type\" content=\"article\" \/>\n<meta property=\"og:title\" content=\"22 de junio, jornada on line sobre el aprovechamiento y valorizaci\u00f3n de biomasa en el sector vitivin\u00edcola - UAGA\" \/>\n<meta property=\"og:description\" content=\"La Plataforma Tecnol\u00f3gica del Vino,\u00a0PTV,\u00a0junto con la empresa Athisa Biogeneraci\u00f3n\u00a0organiza el pr\u00f3ximo martes 22 de junio a las 11:00 horas, una jornada \u00a0gratuita sobre el aprovechamiento de la biomasa en el sector vitivin\u00edcola. En concreto, la jornada se centrar\u00e1 en el proceso de poda de la vid, como uno de los primeros pasos para conseguir [&hellip;]\" \/>\n<meta property=\"og:url\" content=\"https:\/\/www.uaga.eus\/22-de-junio-jornada-on-line-sobre-el-aprovechamiento-y-valorizacion-de-biomasa-en-el-sector-vitivinicola\/\" \/>\n<meta property=\"og:site_name\" content=\"UAGA\" \/>\n<meta property=\"article:published_time\" content=\"2021-06-18T10:48:34+00:00\" \/>\n<meta property=\"article:modified_time\" content=\"2021-06-18T12:40:07+00:00\" \/>\n<meta property=\"og:image\" content=\"https:\/\/www.uaga.eus\/wp-content\/uploads\/2020\/11\/poda-e1604649619866.jpg\" \/>\n\t<meta property=\"og:image:width\" content=\"575\" \/>\n\t<meta property=\"og:image:height\" content=\"323\" \/>\n\t<meta property=\"og:image:type\" content=\"image\/jpeg\" \/>\n<meta name=\"author\" content=\"Blanca S\u00e1nchez\" \/>\n<meta name=\"twitter:card\" content=\"summary_large_image\" \/>\n<meta name=\"twitter:label1\" content=\"Written by\" \/>\n\t<meta name=\"twitter:data1\" content=\"Blanca S\u00e1nchez\" \/>\n<script type=\"application\/ld+json\" class=\"yoast-schema-graph\">{\"@context\":\"https:\/\/schema.org\",\"@graph\":[{\"@type\":\"WebPage\",\"@id\":\"https:\/\/www.uaga.eus\/22-de-junio-jornada-on-line-sobre-el-aprovechamiento-y-valorizacion-de-biomasa-en-el-sector-vitivinicola\/\",\"url\":\"https:\/\/www.uaga.eus\/22-de-junio-jornada-on-line-sobre-el-aprovechamiento-y-valorizacion-de-biomasa-en-el-sector-vitivinicola\/\",\"name\":\"22 de junio, jornada on line sobre el aprovechamiento y valorizaci\u00f3n de biomasa en el sector vitivin\u00edcola - UAGA\",\"isPartOf\":{\"@id\":\"https:\/\/www.uaga.eus\/#website\"},\"datePublished\":\"2021-06-18T10:48:34+00:00\",\"dateModified\":\"2021-06-18T12:40:07+00:00\",\"author\":{\"@id\":\"https:\/\/www.uaga.eus\/#\/schema\/person\/48c3cbf0f33d1b788226dbb6518689cf\"},\"breadcrumb\":{\"@id\":\"https:\/\/www.uaga.eus\/22-de-junio-jornada-on-line-sobre-el-aprovechamiento-y-valorizacion-de-biomasa-en-el-sector-vitivinicola\/#breadcrumb\"},\"inLanguage\":\"eu\",\"potentialAction\":[{\"@type\":\"ReadAction\",\"target\":[\"https:\/\/www.uaga.eus\/22-de-junio-jornada-on-line-sobre-el-aprovechamiento-y-valorizacion-de-biomasa-en-el-sector-vitivinicola\/\"]}]},{\"@type\":\"BreadcrumbList\",\"@id\":\"https:\/\/www.uaga.eus\/22-de-junio-jornada-on-line-sobre-el-aprovechamiento-y-valorizacion-de-biomasa-en-el-sector-vitivinicola\/#breadcrumb\",\"itemListElement\":[{\"@type\":\"ListItem\",\"position\":1,\"name\":\"Inicio\",\"item\":\"https:\/\/www.uaga.eus\/\"},{\"@type\":\"ListItem\",\"position\":2,\"name\":\"22 de junio, jornada on line sobre el aprovechamiento y valorizaci\u00f3n de biomasa en el sector vitivin\u00edcola\"}]},{\"@type\":\"WebSite\",\"@id\":\"https:\/\/www.uaga.eus\/#website\",\"url\":\"https:\/\/www.uaga.eus\/\",\"name\":\"UAGA\",\"description\":\"Uni\u00f3n Agroganadera de \u00c1lava - Araba Nekazarien Elkartea\",\"potentialAction\":[{\"@type\":\"SearchAction\",\"target\":{\"@type\":\"EntryPoint\",\"urlTemplate\":\"https:\/\/www.uaga.eus\/?s={search_term_string}\"},\"query-input\":\"required name=search_term_string\"}],\"inLanguage\":\"eu\"},{\"@type\":\"Person\",\"@id\":\"https:\/\/www.uaga.eus\/#\/schema\/person\/48c3cbf0f33d1b788226dbb6518689cf\",\"name\":\"Blanca S\u00e1nchez\",\"image\":{\"@type\":\"ImageObject\",\"inLanguage\":\"eu\",\"@id\":\"https:\/\/www.uaga.eus\/#\/schema\/person\/image\/\",\"url\":\"https:\/\/secure.gravatar.com\/avatar\/0dc91c20648254b1ce84877283f6751b?s=96&d=mm&r=g\",\"contentUrl\":\"https:\/\/secure.gravatar.com\/avatar\/0dc91c20648254b1ce84877283f6751b?s=96&d=mm&r=g\",\"caption\":\"Blanca S\u00e1nchez\"},\"url\":\"https:\/\/www.uaga.eus\/eu\/author\/bsanchez\/\"}]}<\/script>\n<!-- \/ Yoast SEO plugin. -->","yoast_head_json":{"title":"22 de junio, jornada on line sobre el aprovechamiento y valorizaci\u00f3n de biomasa en el sector vitivin\u00edcola - UAGA","robots":{"index":"index","follow":"follow","max-snippet":"max-snippet:-1","max-image-preview":"max-image-preview:large","max-video-preview":"max-video-preview:-1"},"canonical":"https:\/\/www.uaga.eus\/22-de-junio-jornada-on-line-sobre-el-aprovechamiento-y-valorizacion-de-biomasa-en-el-sector-vitivinicola\/","og_locale":"en_US","og_type":"article","og_title":"22 de junio, jornada on line sobre el aprovechamiento y valorizaci\u00f3n de biomasa en el sector vitivin\u00edcola - UAGA","og_description":"La Plataforma Tecnol\u00f3gica del Vino,\u00a0PTV,\u00a0junto con la empresa Athisa Biogeneraci\u00f3n\u00a0organiza el pr\u00f3ximo martes 22 de junio a las 11:00 horas, una jornada \u00a0gratuita sobre el aprovechamiento de la biomasa en el sector vitivin\u00edcola. En concreto, la jornada se centrar\u00e1 en el proceso de poda de la vid, como uno de los primeros pasos para conseguir [&hellip;]","og_url":"https:\/\/www.uaga.eus\/22-de-junio-jornada-on-line-sobre-el-aprovechamiento-y-valorizacion-de-biomasa-en-el-sector-vitivinicola\/","og_site_name":"UAGA","article_published_time":"2021-06-18T10:48:34+00:00","article_modified_time":"2021-06-18T12:40:07+00:00","og_image":[{"width":575,"height":323,"url":"https:\/\/www.uaga.eus\/wp-content\/uploads\/2020\/11\/poda-e1604649619866.jpg","type":"image\/jpeg"}],"author":"Blanca S\u00e1nchez","twitter_card":"summary_large_image","twitter_misc":{"Written by":"Blanca S\u00e1nchez"},"schema":{"@context":"https:\/\/schema.org","@graph":[{"@type":"WebPage","@id":"https:\/\/www.uaga.eus\/22-de-junio-jornada-on-line-sobre-el-aprovechamiento-y-valorizacion-de-biomasa-en-el-sector-vitivinicola\/","url":"https:\/\/www.uaga.eus\/22-de-junio-jornada-on-line-sobre-el-aprovechamiento-y-valorizacion-de-biomasa-en-el-sector-vitivinicola\/","name":"22 de junio, jornada on line sobre el aprovechamiento y valorizaci\u00f3n de biomasa en el sector vitivin\u00edcola - UAGA","isPartOf":{"@id":"https:\/\/www.uaga.eus\/#website"},"datePublished":"2021-06-18T10:48:34+00:00","dateModified":"2021-06-18T12:40:07+00:00","author":{"@id":"https:\/\/www.uaga.eus\/#\/schema\/person\/48c3cbf0f33d1b788226dbb6518689cf"},"breadcrumb":{"@id":"https:\/\/www.uaga.eus\/22-de-junio-jornada-on-line-sobre-el-aprovechamiento-y-valorizacion-de-biomasa-en-el-sector-vitivinicola\/#breadcrumb"},"inLanguage":"eu","potentialAction":[{"@type":"ReadAction","target":["https:\/\/www.uaga.eus\/22-de-junio-jornada-on-line-sobre-el-aprovechamiento-y-valorizacion-de-biomasa-en-el-sector-vitivinicola\/"]}]},{"@type":"BreadcrumbList","@id":"https:\/\/www.uaga.eus\/22-de-junio-jornada-on-line-sobre-el-aprovechamiento-y-valorizacion-de-biomasa-en-el-sector-vitivinicola\/#breadcrumb","itemListElement":[{"@type":"ListItem","position":1,"name":"Inicio","item":"https:\/\/www.uaga.eus\/"},{"@type":"ListItem","position":2,"name":"22 de junio, jornada on line sobre el aprovechamiento y valorizaci\u00f3n de biomasa en el sector vitivin\u00edcola"}]},{"@type":"WebSite","@id":"https:\/\/www.uaga.eus\/#website","url":"https:\/\/www.uaga.eus\/","name":"UAGA","description":"Uni\u00f3n Agroganadera de \u00c1lava - Araba Nekazarien Elkartea","potentialAction":[{"@type":"SearchAction","target":{"@type":"EntryPoint","urlTemplate":"https:\/\/www.uaga.eus\/?s={search_term_string}"},"query-input":"required name=search_term_string"}],"inLanguage":"eu"},{"@type":"Person","@id":"https:\/\/www.uaga.eus\/#\/schema\/person\/48c3cbf0f33d1b788226dbb6518689cf","name":"Blanca S\u00e1nchez","image":{"@type":"ImageObject","inLanguage":"eu","@id":"https:\/\/www.uaga.eus\/#\/schema\/person\/image\/","url":"https:\/\/secure.gravatar.com\/avatar\/0dc91c20648254b1ce84877283f6751b?s=96&d=mm&r=g","contentUrl":"https:\/\/secure.gravatar.com\/avatar\/0dc91c20648254b1ce84877283f6751b?s=96&d=mm&r=g","caption":"Blanca S\u00e1nchez"},"url":"https:\/\/www.uaga.eus\/eu\/author\/bsanchez\/"}]}},"_links":{"self":[{"href":"https:\/\/www.uaga.eus\/eu\/wp-json\/wp\/v2\/posts\/9041"}],"collection":[{"href":"https:\/\/www.uaga.eus\/eu\/wp-json\/wp\/v2\/posts"}],"about":[{"href":"https:\/\/www.uaga.eus\/eu\/wp-json\/wp\/v2\/types\/post"}],"author":[{"embeddable":true,"href":"https:\/\/www.uaga.eus\/eu\/wp-json\/wp\/v2\/users\/4"}],"replies":[{"embeddable":true,"href":"https:\/\/www.uaga.eus\/eu\/wp-json\/wp\/v2\/comments?post=9041"}],"version-history":[{"count":3,"href":"https:\/\/www.uaga.eus\/eu\/wp-json\/wp\/v2\/posts\/9041\/revisions"}],"predecessor-version":[{"id":9052,"href":"https:\/\/www.uaga.eus\/eu\/wp-json\/wp\/v2\/posts\/9041\/revisions\/9052"}],"wp:featuredmedia":[{"embeddable":true,"href":"https:\/\/www.uaga.eus\/eu\/wp-json\/wp\/v2\/media\/8189"}],"wp:attachment":[{"href":"https:\/\/www.uaga.eus\/eu\/wp-json\/wp\/v2\/media?parent=9041"}],"wp:term":[{"taxonomy":"category","embeddable":true,"href":"https:\/\/www.uaga.eus\/eu\/wp-json\/wp\/v2\/categories?post=9041"},{"taxonomy":"post_tag","embeddable":true,"href":"https:\/\/www.uaga.eus\/eu\/wp-json\/wp\/v2\/tags?post=9041"}],"curies":[{"name":"wp","href":"https:\/\/api.w.org\/{rel}","templated":true}]}}