{"id":9030,"date":"2021-06-11T12:08:44","date_gmt":"2021-06-11T12:08:44","guid":{"rendered":"https:\/\/www.uaga.eus\/?p=9030"},"modified":"2021-06-11T12:08:44","modified_gmt":"2021-06-11T12:08:44","slug":"uaga-comparece-en-juntas-generales-para-explicar-su-postura-ante-las-recientes-propuestas-para-hacer-parques-fotovoltaicos-en-suelo-agrario","status":"publish","type":"post","link":"https:\/\/www.uaga.eus\/eu\/uaga-comparece-en-juntas-generales-para-explicar-su-postura-ante-las-recientes-propuestas-para-hacer-parques-fotovoltaicos-en-suelo-agrario\/","title":{"rendered":"UAGA comparece en Juntas Generales para explicar su postura ante las recientes propuestas para hacer parques fotovoltaicos en suelo agrario"},"content":{"rendered":"<p>Javi Torre, presidente de UAGA y Ricardo Fern\u00e1ndez de Arroyabe, agricultor de Durana, han comparecido hoy en las Juntas Generales de \u00c1lava para exponer la postura del sector ante la posible implantaci\u00f3n de instalaciones fotovoltaicas en el territorio alav\u00e9s, que afecta de manera importante al medio rural.<\/p>\n<p>Hemos explicado la situaci\u00f3n generada en la zona de Durana, aunque es extensible al resto del territorio. Las empresas de energ\u00eda est\u00e1n llegando a los pueblos con propuestas econ\u00f3micas, presionando a propietarios y vecinos, pero sin proyectos de ejecuci\u00f3n concretos sobre estas infraestructuras, lo que est\u00e1 generando conflictos de convivencia y poniendo en peligro el futuro del sector primario.<\/p>\n<p>El sector no se muestra en contra de las energ\u00edas renovables, pero exige que su implantaci\u00f3n est\u00e9 regulada y se ci\u00f1a al planeamiento de ordenaci\u00f3n territorial.<\/p>\n<p>Las empresas de energ\u00edas renovables no deben especular con la tierra agraria y acaparar suelo sin tan siquiera haber presentado ning\u00fan proyecto concreto. Debemos preservar la tierra agraria para usos agroganaderos, respetando las fincas de alto valor agron\u00f3mico.<\/p>\n<p>Puedes ver la comparecencia <a href=\"http:\/\/mediateca.jjggalava.eus\/library\/items\/agricultura-2021-06-11?part=1305697f-daa3-489e-ad68-97feb6b59182&amp;start=30\" target=\"_blank\" rel=\"noopener\" data-cke-saved-href=\"http:\/\/mediateca.jjggalava.eus\/library\/items\/agricultura-2021-06-11?part=1305697f-daa3-489e-ad68-97feb6b59182&amp;start=30\">aqu\u00ed<\/a>.<\/p>\n","protected":false},"excerpt":{"rendered":"<p>Javi Torre, presidente de UAGA y Ricardo Fern\u00e1ndez de Arroyabe, agricultor de Durana, han comparecido hoy en las Juntas Generales de \u00c1lava para exponer la postura del sector ante la posible implantaci\u00f3n de instalaciones fotovoltaicas en el territorio alav\u00e9s, que afecta de manera importante al medio rural. Hemos explicado la situaci\u00f3n generada en la zona [&hellip;]<\/p>\n","protected":false},"author":4,"featured_media":9031,"comment_status":"closed","ping_status":"closed","sticky":false,"template":"","format":"standard","meta":{"footnotes":""},"categories":[7,8,11,3],"tags":[],"yoast_head":"<!-- This site is optimized with the Yoast SEO plugin v21.5 - https:\/\/yoast.com\/wordpress\/plugins\/seo\/ -->\n<title>UAGA comparece en Juntas Generales para explicar su postura ante las recientes propuestas para hacer parques fotovoltaicos en suelo agrario - UAGA<\/title>\n<meta name=\"robots\" content=\"index, follow, max-snippet:-1, max-image-preview:large, max-video-preview:-1\" \/>\n<link rel=\"canonical\" href=\"https:\/\/www.uaga.eus\/uaga-comparece-en-juntas-generales-para-explicar-su-postura-ante-las-recientes-propuestas-para-hacer-parques-fotovoltaicos-en-suelo-agrario\/\" \/>\n<meta property=\"og:locale\" content=\"en_US\" \/>\n<meta property=\"og:type\" content=\"article\" \/>\n<meta property=\"og:title\" content=\"UAGA comparece en Juntas Generales para explicar su postura ante las recientes propuestas para hacer parques fotovoltaicos en suelo agrario - UAGA\" \/>\n<meta property=\"og:description\" content=\"Javi Torre, presidente de UAGA y Ricardo Fern\u00e1ndez de Arroyabe, agricultor de Durana, han comparecido hoy en las Juntas Generales de \u00c1lava para exponer la postura del sector ante la posible implantaci\u00f3n de instalaciones fotovoltaicas en el territorio alav\u00e9s, que afecta de manera importante al medio rural. Hemos explicado la situaci\u00f3n generada en la zona [&hellip;]\" \/>\n<meta property=\"og:url\" content=\"https:\/\/www.uaga.eus\/uaga-comparece-en-juntas-generales-para-explicar-su-postura-ante-las-recientes-propuestas-para-hacer-parques-fotovoltaicos-en-suelo-agrario\/\" \/>\n<meta property=\"og:site_name\" content=\"UAGA\" \/>\n<meta property=\"article:published_time\" content=\"2021-06-11T12:08:44+00:00\" \/>\n<meta property=\"og:image\" content=\"https:\/\/www.uaga.eus\/wp-content\/uploads\/2021\/06\/comparecencia-jjgg.png\" \/>\n\t<meta property=\"og:image:width\" content=\"650\" \/>\n\t<meta property=\"og:image:height\" content=\"350\" \/>\n\t<meta property=\"og:image:type\" content=\"image\/png\" \/>\n<meta name=\"author\" content=\"Blanca S\u00e1nchez\" \/>\n<meta name=\"twitter:card\" content=\"summary_large_image\" \/>\n<meta name=\"twitter:label1\" content=\"Written by\" \/>\n\t<meta name=\"twitter:data1\" content=\"Blanca S\u00e1nchez\" \/>\n\t<meta name=\"twitter:label2\" content=\"Est. reading time\" \/>\n\t<meta name=\"twitter:data2\" content=\"1 minutua\" \/>\n<script type=\"application\/ld+json\" class=\"yoast-schema-graph\">{\"@context\":\"https:\/\/schema.org\",\"@graph\":[{\"@type\":\"WebPage\",\"@id\":\"https:\/\/www.uaga.eus\/uaga-comparece-en-juntas-generales-para-explicar-su-postura-ante-las-recientes-propuestas-para-hacer-parques-fotovoltaicos-en-suelo-agrario\/\",\"url\":\"https:\/\/www.uaga.eus\/uaga-comparece-en-juntas-generales-para-explicar-su-postura-ante-las-recientes-propuestas-para-hacer-parques-fotovoltaicos-en-suelo-agrario\/\",\"name\":\"UAGA comparece en Juntas Generales para explicar su postura ante las recientes propuestas para hacer parques fotovoltaicos en suelo agrario - UAGA\",\"isPartOf\":{\"@id\":\"https:\/\/www.uaga.eus\/#website\"},\"datePublished\":\"2021-06-11T12:08:44+00:00\",\"dateModified\":\"2021-06-11T12:08:44+00:00\",\"author\":{\"@id\":\"https:\/\/www.uaga.eus\/#\/schema\/person\/48c3cbf0f33d1b788226dbb6518689cf\"},\"breadcrumb\":{\"@id\":\"https:\/\/www.uaga.eus\/uaga-comparece-en-juntas-generales-para-explicar-su-postura-ante-las-recientes-propuestas-para-hacer-parques-fotovoltaicos-en-suelo-agrario\/#breadcrumb\"},\"inLanguage\":\"eu\",\"potentialAction\":[{\"@type\":\"ReadAction\",\"target\":[\"https:\/\/www.uaga.eus\/uaga-comparece-en-juntas-generales-para-explicar-su-postura-ante-las-recientes-propuestas-para-hacer-parques-fotovoltaicos-en-suelo-agrario\/\"]}]},{\"@type\":\"BreadcrumbList\",\"@id\":\"https:\/\/www.uaga.eus\/uaga-comparece-en-juntas-generales-para-explicar-su-postura-ante-las-recientes-propuestas-para-hacer-parques-fotovoltaicos-en-suelo-agrario\/#breadcrumb\",\"itemListElement\":[{\"@type\":\"ListItem\",\"position\":1,\"name\":\"Inicio\",\"item\":\"https:\/\/www.uaga.eus\/\"},{\"@type\":\"ListItem\",\"position\":2,\"name\":\"UAGA comparece en Juntas Generales para explicar su postura ante las recientes propuestas para hacer parques fotovoltaicos en suelo agrario\"}]},{\"@type\":\"WebSite\",\"@id\":\"https:\/\/www.uaga.eus\/#website\",\"url\":\"https:\/\/www.uaga.eus\/\",\"name\":\"UAGA\",\"description\":\"Uni\u00f3n Agroganadera de \u00c1lava - Araba Nekazarien Elkartea\",\"potentialAction\":[{\"@type\":\"SearchAction\",\"target\":{\"@type\":\"EntryPoint\",\"urlTemplate\":\"https:\/\/www.uaga.eus\/?s={search_term_string}\"},\"query-input\":\"required name=search_term_string\"}],\"inLanguage\":\"eu\"},{\"@type\":\"Person\",\"@id\":\"https:\/\/www.uaga.eus\/#\/schema\/person\/48c3cbf0f33d1b788226dbb6518689cf\",\"name\":\"Blanca S\u00e1nchez\",\"image\":{\"@type\":\"ImageObject\",\"inLanguage\":\"eu\",\"@id\":\"https:\/\/www.uaga.eus\/#\/schema\/person\/image\/\",\"url\":\"https:\/\/secure.gravatar.com\/avatar\/0dc91c20648254b1ce84877283f6751b?s=96&d=mm&r=g\",\"contentUrl\":\"https:\/\/secure.gravatar.com\/avatar\/0dc91c20648254b1ce84877283f6751b?s=96&d=mm&r=g\",\"caption\":\"Blanca S\u00e1nchez\"},\"url\":\"https:\/\/www.uaga.eus\/eu\/author\/bsanchez\/\"}]}<\/script>\n<!-- \/ Yoast SEO plugin. -->","yoast_head_json":{"title":"UAGA comparece en Juntas Generales para explicar su postura ante las recientes propuestas para hacer parques fotovoltaicos en suelo agrario - UAGA","robots":{"index":"index","follow":"follow","max-snippet":"max-snippet:-1","max-image-preview":"max-image-preview:large","max-video-preview":"max-video-preview:-1"},"canonical":"https:\/\/www.uaga.eus\/uaga-comparece-en-juntas-generales-para-explicar-su-postura-ante-las-recientes-propuestas-para-hacer-parques-fotovoltaicos-en-suelo-agrario\/","og_locale":"en_US","og_type":"article","og_title":"UAGA comparece en Juntas Generales para explicar su postura ante las recientes propuestas para hacer parques fotovoltaicos en suelo agrario - UAGA","og_description":"Javi Torre, presidente de UAGA y Ricardo Fern\u00e1ndez de Arroyabe, agricultor de Durana, han comparecido hoy en las Juntas Generales de \u00c1lava para exponer la postura del sector ante la posible implantaci\u00f3n de instalaciones fotovoltaicas en el territorio alav\u00e9s, que afecta de manera importante al medio rural. Hemos explicado la situaci\u00f3n generada en la zona [&hellip;]","og_url":"https:\/\/www.uaga.eus\/uaga-comparece-en-juntas-generales-para-explicar-su-postura-ante-las-recientes-propuestas-para-hacer-parques-fotovoltaicos-en-suelo-agrario\/","og_site_name":"UAGA","article_published_time":"2021-06-11T12:08:44+00:00","og_image":[{"width":650,"height":350,"url":"https:\/\/www.uaga.eus\/wp-content\/uploads\/2021\/06\/comparecencia-jjgg.png","type":"image\/png"}],"author":"Blanca S\u00e1nchez","twitter_card":"summary_large_image","twitter_misc":{"Written by":"Blanca S\u00e1nchez","Est. reading time":"1 minutua"},"schema":{"@context":"https:\/\/schema.org","@graph":[{"@type":"WebPage","@id":"https:\/\/www.uaga.eus\/uaga-comparece-en-juntas-generales-para-explicar-su-postura-ante-las-recientes-propuestas-para-hacer-parques-fotovoltaicos-en-suelo-agrario\/","url":"https:\/\/www.uaga.eus\/uaga-comparece-en-juntas-generales-para-explicar-su-postura-ante-las-recientes-propuestas-para-hacer-parques-fotovoltaicos-en-suelo-agrario\/","name":"UAGA comparece en Juntas Generales para explicar su postura ante las recientes propuestas para hacer parques fotovoltaicos en suelo agrario - UAGA","isPartOf":{"@id":"https:\/\/www.uaga.eus\/#website"},"datePublished":"2021-06-11T12:08:44+00:00","dateModified":"2021-06-11T12:08:44+00:00","author":{"@id":"https:\/\/www.uaga.eus\/#\/schema\/person\/48c3cbf0f33d1b788226dbb6518689cf"},"breadcrumb":{"@id":"https:\/\/www.uaga.eus\/uaga-comparece-en-juntas-generales-para-explicar-su-postura-ante-las-recientes-propuestas-para-hacer-parques-fotovoltaicos-en-suelo-agrario\/#breadcrumb"},"inLanguage":"eu","potentialAction":[{"@type":"ReadAction","target":["https:\/\/www.uaga.eus\/uaga-comparece-en-juntas-generales-para-explicar-su-postura-ante-las-recientes-propuestas-para-hacer-parques-fotovoltaicos-en-suelo-agrario\/"]}]},{"@type":"BreadcrumbList","@id":"https:\/\/www.uaga.eus\/uaga-comparece-en-juntas-generales-para-explicar-su-postura-ante-las-recientes-propuestas-para-hacer-parques-fotovoltaicos-en-suelo-agrario\/#breadcrumb","itemListElement":[{"@type":"ListItem","position":1,"name":"Inicio","item":"https:\/\/www.uaga.eus\/"},{"@type":"ListItem","position":2,"name":"UAGA comparece en Juntas Generales para explicar su postura ante las recientes propuestas para hacer parques fotovoltaicos en suelo agrario"}]},{"@type":"WebSite","@id":"https:\/\/www.uaga.eus\/#website","url":"https:\/\/www.uaga.eus\/","name":"UAGA","description":"Uni\u00f3n Agroganadera de \u00c1lava - Araba Nekazarien Elkartea","potentialAction":[{"@type":"SearchAction","target":{"@type":"EntryPoint","urlTemplate":"https:\/\/www.uaga.eus\/?s={search_term_string}"},"query-input":"required name=search_term_string"}],"inLanguage":"eu"},{"@type":"Person","@id":"https:\/\/www.uaga.eus\/#\/schema\/person\/48c3cbf0f33d1b788226dbb6518689cf","name":"Blanca S\u00e1nchez","image":{"@type":"ImageObject","inLanguage":"eu","@id":"https:\/\/www.uaga.eus\/#\/schema\/person\/image\/","url":"https:\/\/secure.gravatar.com\/avatar\/0dc91c20648254b1ce84877283f6751b?s=96&d=mm&r=g","contentUrl":"https:\/\/secure.gravatar.com\/avatar\/0dc91c20648254b1ce84877283f6751b?s=96&d=mm&r=g","caption":"Blanca S\u00e1nchez"},"url":"https:\/\/www.uaga.eus\/eu\/author\/bsanchez\/"}]}},"_links":{"self":[{"href":"https:\/\/www.uaga.eus\/eu\/wp-json\/wp\/v2\/posts\/9030"}],"collection":[{"href":"https:\/\/www.uaga.eus\/eu\/wp-json\/wp\/v2\/posts"}],"about":[{"href":"https:\/\/www.uaga.eus\/eu\/wp-json\/wp\/v2\/types\/post"}],"author":[{"embeddable":true,"href":"https:\/\/www.uaga.eus\/eu\/wp-json\/wp\/v2\/users\/4"}],"replies":[{"embeddable":true,"href":"https:\/\/www.uaga.eus\/eu\/wp-json\/wp\/v2\/comments?post=9030"}],"version-history":[{"count":1,"href":"https:\/\/www.uaga.eus\/eu\/wp-json\/wp\/v2\/posts\/9030\/revisions"}],"predecessor-version":[{"id":9032,"href":"https:\/\/www.uaga.eus\/eu\/wp-json\/wp\/v2\/posts\/9030\/revisions\/9032"}],"wp:featuredmedia":[{"embeddable":true,"href":"https:\/\/www.uaga.eus\/eu\/wp-json\/wp\/v2\/media\/9031"}],"wp:attachment":[{"href":"https:\/\/www.uaga.eus\/eu\/wp-json\/wp\/v2\/media?parent=9030"}],"wp:term":[{"taxonomy":"category","embeddable":true,"href":"https:\/\/www.uaga.eus\/eu\/wp-json\/wp\/v2\/categories?post=9030"},{"taxonomy":"post_tag","embeddable":true,"href":"https:\/\/www.uaga.eus\/eu\/wp-json\/wp\/v2\/tags?post=9030"}],"curies":[{"name":"wp","href":"https:\/\/api.w.org\/{rel}","templated":true}]}}