{"id":8954,"date":"2021-05-21T10:08:06","date_gmt":"2021-05-21T10:08:06","guid":{"rendered":"https:\/\/www.uaga.eus\/?p=8954"},"modified":"2021-05-21T10:08:06","modified_gmt":"2021-05-21T10:08:06","slug":"el-plan-renove-de-maquinaria-agricola-estatal-abrira-el-plazo-de-solicitudes-en-junio","status":"publish","type":"post","link":"https:\/\/www.uaga.eus\/eu\/el-plan-renove-de-maquinaria-agricola-estatal-abrira-el-plazo-de-solicitudes-en-junio\/","title":{"rendered":"El Plan Renove de maquinaria agr\u00edcola estatal abrir\u00e1 el plazo de solicitudes en junio"},"content":{"rendered":"<p>El Ministerio de Agricultura ha anunciado que el plazo para solicitar las ayudas del Plan Renove de maquinaria agr\u00edcola estatal se abrir\u00e1 la primera quincena de junio.<\/p>\n<p><strong>El criterio de las convocatorias de a\u00f1os anteriores se ha basado en conceder la ayuda por riguroso orden de presentaci\u00f3n<\/strong> y la obligatoriedad de realizar la solicitud de forma telem\u00e1tica.<\/p>\n<p>Desde UAGA se va a facilitar la gesti\u00f3n de la solicitud de ayudas a quien est\u00e9 interesado, con un coste simb\u00f3lico de 10 euros.<\/p>\n<p><strong>Si tienes inter\u00e9s, comun\u00edcate con UAGA para mantenerte informado.\u00a0<\/strong><\/p>\n<p>Puedes leer la nota de prensa del Ministerio <a href=\"https:\/\/www.mapa.gob.es\/es\/prensa\/210519lplanasvisitaema_estaciondemecanicaagricola_tcm30-562224.pdf\" target=\"_blank\" rel=\"noopener\" data-cke-saved-href=\"https:\/\/www.mapa.gob.es\/es\/prensa\/210519lplanasvisitaema_estaciondemecanicaagricola_tcm30-562224.pdf\">aqu\u00ed<\/a>.<\/p>\n<div>+INFO SUGOI: 675 707 696<\/div>\n","protected":false},"excerpt":{"rendered":"<p>El Ministerio de Agricultura ha anunciado que el plazo para solicitar las ayudas del Plan Renove de maquinaria agr\u00edcola estatal se abrir\u00e1 la primera quincena de junio. El criterio de las convocatorias de a\u00f1os anteriores se ha basado en conceder la ayuda por riguroso orden de presentaci\u00f3n y la obligatoriedad de realizar la solicitud de [&hellip;]<\/p>\n","protected":false},"author":4,"featured_media":7446,"comment_status":"closed","ping_status":"closed","sticky":false,"template":"","format":"standard","meta":{"footnotes":""},"categories":[5],"tags":[],"yoast_head":"<!-- This site is optimized with the Yoast SEO plugin v21.5 - https:\/\/yoast.com\/wordpress\/plugins\/seo\/ -->\n<title>El Plan Renove de maquinaria agr\u00edcola estatal abrir\u00e1 el plazo de solicitudes en junio - UAGA<\/title>\n<meta name=\"robots\" content=\"index, follow, max-snippet:-1, max-image-preview:large, max-video-preview:-1\" \/>\n<link rel=\"canonical\" href=\"https:\/\/www.uaga.eus\/el-plan-renove-de-maquinaria-agricola-estatal-abrira-el-plazo-de-solicitudes-en-junio\/\" \/>\n<meta property=\"og:locale\" content=\"en_US\" \/>\n<meta property=\"og:type\" content=\"article\" \/>\n<meta property=\"og:title\" content=\"El Plan Renove de maquinaria agr\u00edcola estatal abrir\u00e1 el plazo de solicitudes en junio - UAGA\" \/>\n<meta property=\"og:description\" content=\"El Ministerio de Agricultura ha anunciado que el plazo para solicitar las ayudas del Plan Renove de maquinaria agr\u00edcola estatal se abrir\u00e1 la primera quincena de junio. El criterio de las convocatorias de a\u00f1os anteriores se ha basado en conceder la ayuda por riguroso orden de presentaci\u00f3n y la obligatoriedad de realizar la solicitud de [&hellip;]\" \/>\n<meta property=\"og:url\" content=\"https:\/\/www.uaga.eus\/el-plan-renove-de-maquinaria-agricola-estatal-abrira-el-plazo-de-solicitudes-en-junio\/\" \/>\n<meta property=\"og:site_name\" content=\"UAGA\" \/>\n<meta property=\"article:published_time\" content=\"2021-05-21T10:08:06+00:00\" \/>\n<meta property=\"og:image\" content=\"https:\/\/www.uaga.eus\/wp-content\/uploads\/2020\/05\/tractor-con-hierba-e1589455860590.jpg\" \/>\n\t<meta property=\"og:image:width\" content=\"700\" \/>\n\t<meta property=\"og:image:height\" content=\"359\" \/>\n\t<meta property=\"og:image:type\" content=\"image\/jpeg\" \/>\n<meta name=\"author\" content=\"Blanca S\u00e1nchez\" \/>\n<meta name=\"twitter:card\" content=\"summary_large_image\" \/>\n<meta name=\"twitter:label1\" content=\"Written by\" \/>\n\t<meta name=\"twitter:data1\" content=\"Blanca S\u00e1nchez\" \/>\n\t<meta name=\"twitter:label2\" content=\"Est. reading time\" \/>\n\t<meta name=\"twitter:data2\" content=\"1 minutua\" \/>\n<script type=\"application\/ld+json\" class=\"yoast-schema-graph\">{\"@context\":\"https:\/\/schema.org\",\"@graph\":[{\"@type\":\"WebPage\",\"@id\":\"https:\/\/www.uaga.eus\/el-plan-renove-de-maquinaria-agricola-estatal-abrira-el-plazo-de-solicitudes-en-junio\/\",\"url\":\"https:\/\/www.uaga.eus\/el-plan-renove-de-maquinaria-agricola-estatal-abrira-el-plazo-de-solicitudes-en-junio\/\",\"name\":\"El Plan Renove de maquinaria agr\u00edcola estatal abrir\u00e1 el plazo de solicitudes en junio - UAGA\",\"isPartOf\":{\"@id\":\"https:\/\/www.uaga.eus\/#website\"},\"datePublished\":\"2021-05-21T10:08:06+00:00\",\"dateModified\":\"2021-05-21T10:08:06+00:00\",\"author\":{\"@id\":\"https:\/\/www.uaga.eus\/#\/schema\/person\/48c3cbf0f33d1b788226dbb6518689cf\"},\"breadcrumb\":{\"@id\":\"https:\/\/www.uaga.eus\/el-plan-renove-de-maquinaria-agricola-estatal-abrira-el-plazo-de-solicitudes-en-junio\/#breadcrumb\"},\"inLanguage\":\"eu\",\"potentialAction\":[{\"@type\":\"ReadAction\",\"target\":[\"https:\/\/www.uaga.eus\/el-plan-renove-de-maquinaria-agricola-estatal-abrira-el-plazo-de-solicitudes-en-junio\/\"]}]},{\"@type\":\"BreadcrumbList\",\"@id\":\"https:\/\/www.uaga.eus\/el-plan-renove-de-maquinaria-agricola-estatal-abrira-el-plazo-de-solicitudes-en-junio\/#breadcrumb\",\"itemListElement\":[{\"@type\":\"ListItem\",\"position\":1,\"name\":\"Inicio\",\"item\":\"https:\/\/www.uaga.eus\/\"},{\"@type\":\"ListItem\",\"position\":2,\"name\":\"El Plan Renove de maquinaria agr\u00edcola estatal abrir\u00e1 el plazo de solicitudes en junio\"}]},{\"@type\":\"WebSite\",\"@id\":\"https:\/\/www.uaga.eus\/#website\",\"url\":\"https:\/\/www.uaga.eus\/\",\"name\":\"UAGA\",\"description\":\"Uni\u00f3n Agroganadera de \u00c1lava - Araba Nekazarien Elkartea\",\"potentialAction\":[{\"@type\":\"SearchAction\",\"target\":{\"@type\":\"EntryPoint\",\"urlTemplate\":\"https:\/\/www.uaga.eus\/?s={search_term_string}\"},\"query-input\":\"required name=search_term_string\"}],\"inLanguage\":\"eu\"},{\"@type\":\"Person\",\"@id\":\"https:\/\/www.uaga.eus\/#\/schema\/person\/48c3cbf0f33d1b788226dbb6518689cf\",\"name\":\"Blanca S\u00e1nchez\",\"image\":{\"@type\":\"ImageObject\",\"inLanguage\":\"eu\",\"@id\":\"https:\/\/www.uaga.eus\/#\/schema\/person\/image\/\",\"url\":\"https:\/\/secure.gravatar.com\/avatar\/0dc91c20648254b1ce84877283f6751b?s=96&d=mm&r=g\",\"contentUrl\":\"https:\/\/secure.gravatar.com\/avatar\/0dc91c20648254b1ce84877283f6751b?s=96&d=mm&r=g\",\"caption\":\"Blanca S\u00e1nchez\"},\"url\":\"https:\/\/www.uaga.eus\/eu\/author\/bsanchez\/\"}]}<\/script>\n<!-- \/ Yoast SEO plugin. -->","yoast_head_json":{"title":"El Plan Renove de maquinaria agr\u00edcola estatal abrir\u00e1 el plazo de solicitudes en junio - UAGA","robots":{"index":"index","follow":"follow","max-snippet":"max-snippet:-1","max-image-preview":"max-image-preview:large","max-video-preview":"max-video-preview:-1"},"canonical":"https:\/\/www.uaga.eus\/el-plan-renove-de-maquinaria-agricola-estatal-abrira-el-plazo-de-solicitudes-en-junio\/","og_locale":"en_US","og_type":"article","og_title":"El Plan Renove de maquinaria agr\u00edcola estatal abrir\u00e1 el plazo de solicitudes en junio - UAGA","og_description":"El Ministerio de Agricultura ha anunciado que el plazo para solicitar las ayudas del Plan Renove de maquinaria agr\u00edcola estatal se abrir\u00e1 la primera quincena de junio. El criterio de las convocatorias de a\u00f1os anteriores se ha basado en conceder la ayuda por riguroso orden de presentaci\u00f3n y la obligatoriedad de realizar la solicitud de [&hellip;]","og_url":"https:\/\/www.uaga.eus\/el-plan-renove-de-maquinaria-agricola-estatal-abrira-el-plazo-de-solicitudes-en-junio\/","og_site_name":"UAGA","article_published_time":"2021-05-21T10:08:06+00:00","og_image":[{"width":700,"height":359,"url":"https:\/\/www.uaga.eus\/wp-content\/uploads\/2020\/05\/tractor-con-hierba-e1589455860590.jpg","type":"image\/jpeg"}],"author":"Blanca S\u00e1nchez","twitter_card":"summary_large_image","twitter_misc":{"Written by":"Blanca S\u00e1nchez","Est. reading time":"1 minutua"},"schema":{"@context":"https:\/\/schema.org","@graph":[{"@type":"WebPage","@id":"https:\/\/www.uaga.eus\/el-plan-renove-de-maquinaria-agricola-estatal-abrira-el-plazo-de-solicitudes-en-junio\/","url":"https:\/\/www.uaga.eus\/el-plan-renove-de-maquinaria-agricola-estatal-abrira-el-plazo-de-solicitudes-en-junio\/","name":"El Plan Renove de maquinaria agr\u00edcola estatal abrir\u00e1 el plazo de solicitudes en junio - UAGA","isPartOf":{"@id":"https:\/\/www.uaga.eus\/#website"},"datePublished":"2021-05-21T10:08:06+00:00","dateModified":"2021-05-21T10:08:06+00:00","author":{"@id":"https:\/\/www.uaga.eus\/#\/schema\/person\/48c3cbf0f33d1b788226dbb6518689cf"},"breadcrumb":{"@id":"https:\/\/www.uaga.eus\/el-plan-renove-de-maquinaria-agricola-estatal-abrira-el-plazo-de-solicitudes-en-junio\/#breadcrumb"},"inLanguage":"eu","potentialAction":[{"@type":"ReadAction","target":["https:\/\/www.uaga.eus\/el-plan-renove-de-maquinaria-agricola-estatal-abrira-el-plazo-de-solicitudes-en-junio\/"]}]},{"@type":"BreadcrumbList","@id":"https:\/\/www.uaga.eus\/el-plan-renove-de-maquinaria-agricola-estatal-abrira-el-plazo-de-solicitudes-en-junio\/#breadcrumb","itemListElement":[{"@type":"ListItem","position":1,"name":"Inicio","item":"https:\/\/www.uaga.eus\/"},{"@type":"ListItem","position":2,"name":"El Plan Renove de maquinaria agr\u00edcola estatal abrir\u00e1 el plazo de solicitudes en junio"}]},{"@type":"WebSite","@id":"https:\/\/www.uaga.eus\/#website","url":"https:\/\/www.uaga.eus\/","name":"UAGA","description":"Uni\u00f3n Agroganadera de \u00c1lava - Araba Nekazarien Elkartea","potentialAction":[{"@type":"SearchAction","target":{"@type":"EntryPoint","urlTemplate":"https:\/\/www.uaga.eus\/?s={search_term_string}"},"query-input":"required name=search_term_string"}],"inLanguage":"eu"},{"@type":"Person","@id":"https:\/\/www.uaga.eus\/#\/schema\/person\/48c3cbf0f33d1b788226dbb6518689cf","name":"Blanca S\u00e1nchez","image":{"@type":"ImageObject","inLanguage":"eu","@id":"https:\/\/www.uaga.eus\/#\/schema\/person\/image\/","url":"https:\/\/secure.gravatar.com\/avatar\/0dc91c20648254b1ce84877283f6751b?s=96&d=mm&r=g","contentUrl":"https:\/\/secure.gravatar.com\/avatar\/0dc91c20648254b1ce84877283f6751b?s=96&d=mm&r=g","caption":"Blanca S\u00e1nchez"},"url":"https:\/\/www.uaga.eus\/eu\/author\/bsanchez\/"}]}},"_links":{"self":[{"href":"https:\/\/www.uaga.eus\/eu\/wp-json\/wp\/v2\/posts\/8954"}],"collection":[{"href":"https:\/\/www.uaga.eus\/eu\/wp-json\/wp\/v2\/posts"}],"about":[{"href":"https:\/\/www.uaga.eus\/eu\/wp-json\/wp\/v2\/types\/post"}],"author":[{"embeddable":true,"href":"https:\/\/www.uaga.eus\/eu\/wp-json\/wp\/v2\/users\/4"}],"replies":[{"embeddable":true,"href":"https:\/\/www.uaga.eus\/eu\/wp-json\/wp\/v2\/comments?post=8954"}],"version-history":[{"count":1,"href":"https:\/\/www.uaga.eus\/eu\/wp-json\/wp\/v2\/posts\/8954\/revisions"}],"predecessor-version":[{"id":8955,"href":"https:\/\/www.uaga.eus\/eu\/wp-json\/wp\/v2\/posts\/8954\/revisions\/8955"}],"wp:featuredmedia":[{"embeddable":true,"href":"https:\/\/www.uaga.eus\/eu\/wp-json\/wp\/v2\/media\/7446"}],"wp:attachment":[{"href":"https:\/\/www.uaga.eus\/eu\/wp-json\/wp\/v2\/media?parent=8954"}],"wp:term":[{"taxonomy":"category","embeddable":true,"href":"https:\/\/www.uaga.eus\/eu\/wp-json\/wp\/v2\/categories?post=8954"},{"taxonomy":"post_tag","embeddable":true,"href":"https:\/\/www.uaga.eus\/eu\/wp-json\/wp\/v2\/tags?post=8954"}],"curies":[{"name":"wp","href":"https:\/\/api.w.org\/{rel}","templated":true}]}}