{"id":8950,"date":"2021-05-21T10:03:38","date_gmt":"2021-05-21T10:03:38","guid":{"rendered":"https:\/\/www.uaga.eus\/?p=8950"},"modified":"2021-05-21T10:03:38","modified_gmt":"2021-05-21T10:03:38","slug":"el-ministerio-de-agricultura-reconoce-dos-nuevos-vinedos-singulares-en-rioja-alavesa","status":"publish","type":"post","link":"https:\/\/www.uaga.eus\/eu\/el-ministerio-de-agricultura-reconoce-dos-nuevos-vinedos-singulares-en-rioja-alavesa\/","title":{"rendered":"El Ministerio de Agricultura reconoce dos nuevos Vi\u00f1edos Singulares en Rioja Alavesa"},"content":{"rendered":"<p>El Ministerio de Agricultura ha publicado la Orden APA\/468\/2021 de 5 de mayo por la que se reconocen determinados parajes vit\u00edcolas identificados dentro de la DO RIOJA, entre ellos dos alaveses, los vi\u00f1edos La pileta de Tobelos, en Labastida, de Bodegas Tobelos, y El Guardi\u00e1n de la Vi\u00f1a, en Elciego, de la bodega Pago de Larrea.<\/p>\n<p>Los vi\u00f1edos singulares tienen caracter\u00edsticas agro-geol\u00f3gicas y climatol\u00f3gicas propias que los diferencia de otros de su entorno, de los que se obtienen vinos con rasgos y cualidades singulares.<\/p>\n<p>Estos vi\u00f1edos tienen una edad m\u00ednima de 35 a\u00f1os, un rendimiento por hect\u00e1rea de 5.000 kg en uva tinta y 6.922 kg en uva blanca, inferior al establecido para toda la DOCa, y toda la uva debe provenir exclusivamente del vi\u00f1edo delimitado.<\/p>\n<p>La vendimia tiene que ser manual y el vino obtenido debe tener la valoraci\u00f3n \u201cexcelente\u201d en el an\u00e1lisis organol\u00e9ptico del Consejo Regulador antes de salir al mercado, adem\u00e1s de contar con un etiquetado espec\u00edfico y un control reforzado.<\/p>\n<p>Si quieres m\u00e1s informaci\u00f3n puedes consultar la <a href=\"https:\/\/www.boe.es\/boe\/dias\/2021\/05\/14\/pdfs\/BOE-A-2021-8011.pdf\">Orden<\/a>.<br \/>\n+INFO NURIA: 661 59 58 11<\/p>\n","protected":false},"excerpt":{"rendered":"<p>El Ministerio de Agricultura ha publicado la Orden APA\/468\/2021 de 5 de mayo por la que se reconocen determinados parajes vit\u00edcolas identificados dentro de la DO RIOJA, entre ellos dos alaveses, los vi\u00f1edos La pileta de Tobelos, en Labastida, de Bodegas Tobelos, y El Guardi\u00e1n de la Vi\u00f1a, en Elciego, de la bodega Pago de [&hellip;]<\/p>\n","protected":false},"author":4,"featured_media":7572,"comment_status":"closed","ping_status":"closed","sticky":false,"template":"","format":"standard","meta":{"footnotes":""},"categories":[7],"tags":[],"yoast_head":"<!-- This site is optimized with the Yoast SEO plugin v21.5 - https:\/\/yoast.com\/wordpress\/plugins\/seo\/ -->\n<title>El Ministerio de Agricultura reconoce dos nuevos Vi\u00f1edos Singulares en Rioja Alavesa - UAGA<\/title>\n<meta name=\"robots\" content=\"index, follow, max-snippet:-1, max-image-preview:large, max-video-preview:-1\" \/>\n<link rel=\"canonical\" href=\"https:\/\/www.uaga.eus\/el-ministerio-de-agricultura-reconoce-dos-nuevos-vinedos-singulares-en-rioja-alavesa\/\" \/>\n<meta property=\"og:locale\" content=\"en_US\" \/>\n<meta property=\"og:type\" content=\"article\" \/>\n<meta property=\"og:title\" content=\"El Ministerio de Agricultura reconoce dos nuevos Vi\u00f1edos Singulares en Rioja Alavesa - UAGA\" \/>\n<meta property=\"og:description\" content=\"El Ministerio de Agricultura ha publicado la Orden APA\/468\/2021 de 5 de mayo por la que se reconocen determinados parajes vit\u00edcolas identificados dentro de la DO RIOJA, entre ellos dos alaveses, los vi\u00f1edos La pileta de Tobelos, en Labastida, de Bodegas Tobelos, y El Guardi\u00e1n de la Vi\u00f1a, en Elciego, de la bodega Pago de [&hellip;]\" \/>\n<meta property=\"og:url\" content=\"https:\/\/www.uaga.eus\/el-ministerio-de-agricultura-reconoce-dos-nuevos-vinedos-singulares-en-rioja-alavesa\/\" \/>\n<meta property=\"og:site_name\" content=\"UAGA\" \/>\n<meta property=\"article:published_time\" content=\"2021-05-21T10:03:38+00:00\" \/>\n<meta property=\"og:image\" content=\"https:\/\/www.uaga.eus\/wp-content\/uploads\/2020\/05\/piqsels.com-id-ssyqx-e1590757731693.jpg\" \/>\n\t<meta property=\"og:image:width\" content=\"700\" \/>\n\t<meta property=\"og:image:height\" content=\"394\" \/>\n\t<meta property=\"og:image:type\" content=\"image\/jpeg\" \/>\n<meta name=\"author\" content=\"Blanca S\u00e1nchez\" \/>\n<meta name=\"twitter:card\" content=\"summary_large_image\" \/>\n<meta name=\"twitter:label1\" content=\"Written by\" \/>\n\t<meta name=\"twitter:data1\" content=\"Blanca S\u00e1nchez\" \/>\n\t<meta name=\"twitter:label2\" content=\"Est. reading time\" \/>\n\t<meta name=\"twitter:data2\" content=\"1 minutua\" \/>\n<script type=\"application\/ld+json\" class=\"yoast-schema-graph\">{\"@context\":\"https:\/\/schema.org\",\"@graph\":[{\"@type\":\"WebPage\",\"@id\":\"https:\/\/www.uaga.eus\/el-ministerio-de-agricultura-reconoce-dos-nuevos-vinedos-singulares-en-rioja-alavesa\/\",\"url\":\"https:\/\/www.uaga.eus\/el-ministerio-de-agricultura-reconoce-dos-nuevos-vinedos-singulares-en-rioja-alavesa\/\",\"name\":\"El Ministerio de Agricultura reconoce dos nuevos Vi\u00f1edos Singulares en Rioja Alavesa - UAGA\",\"isPartOf\":{\"@id\":\"https:\/\/www.uaga.eus\/#website\"},\"datePublished\":\"2021-05-21T10:03:38+00:00\",\"dateModified\":\"2021-05-21T10:03:38+00:00\",\"author\":{\"@id\":\"https:\/\/www.uaga.eus\/#\/schema\/person\/48c3cbf0f33d1b788226dbb6518689cf\"},\"breadcrumb\":{\"@id\":\"https:\/\/www.uaga.eus\/el-ministerio-de-agricultura-reconoce-dos-nuevos-vinedos-singulares-en-rioja-alavesa\/#breadcrumb\"},\"inLanguage\":\"eu\",\"potentialAction\":[{\"@type\":\"ReadAction\",\"target\":[\"https:\/\/www.uaga.eus\/el-ministerio-de-agricultura-reconoce-dos-nuevos-vinedos-singulares-en-rioja-alavesa\/\"]}]},{\"@type\":\"BreadcrumbList\",\"@id\":\"https:\/\/www.uaga.eus\/el-ministerio-de-agricultura-reconoce-dos-nuevos-vinedos-singulares-en-rioja-alavesa\/#breadcrumb\",\"itemListElement\":[{\"@type\":\"ListItem\",\"position\":1,\"name\":\"Inicio\",\"item\":\"https:\/\/www.uaga.eus\/\"},{\"@type\":\"ListItem\",\"position\":2,\"name\":\"El Ministerio de Agricultura reconoce dos nuevos Vi\u00f1edos Singulares en Rioja Alavesa\"}]},{\"@type\":\"WebSite\",\"@id\":\"https:\/\/www.uaga.eus\/#website\",\"url\":\"https:\/\/www.uaga.eus\/\",\"name\":\"UAGA\",\"description\":\"Uni\u00f3n Agroganadera de \u00c1lava - Araba Nekazarien Elkartea\",\"potentialAction\":[{\"@type\":\"SearchAction\",\"target\":{\"@type\":\"EntryPoint\",\"urlTemplate\":\"https:\/\/www.uaga.eus\/?s={search_term_string}\"},\"query-input\":\"required name=search_term_string\"}],\"inLanguage\":\"eu\"},{\"@type\":\"Person\",\"@id\":\"https:\/\/www.uaga.eus\/#\/schema\/person\/48c3cbf0f33d1b788226dbb6518689cf\",\"name\":\"Blanca S\u00e1nchez\",\"image\":{\"@type\":\"ImageObject\",\"inLanguage\":\"eu\",\"@id\":\"https:\/\/www.uaga.eus\/#\/schema\/person\/image\/\",\"url\":\"https:\/\/secure.gravatar.com\/avatar\/0dc91c20648254b1ce84877283f6751b?s=96&d=mm&r=g\",\"contentUrl\":\"https:\/\/secure.gravatar.com\/avatar\/0dc91c20648254b1ce84877283f6751b?s=96&d=mm&r=g\",\"caption\":\"Blanca S\u00e1nchez\"},\"url\":\"https:\/\/www.uaga.eus\/eu\/author\/bsanchez\/\"}]}<\/script>\n<!-- \/ Yoast SEO plugin. -->","yoast_head_json":{"title":"El Ministerio de Agricultura reconoce dos nuevos Vi\u00f1edos Singulares en Rioja Alavesa - UAGA","robots":{"index":"index","follow":"follow","max-snippet":"max-snippet:-1","max-image-preview":"max-image-preview:large","max-video-preview":"max-video-preview:-1"},"canonical":"https:\/\/www.uaga.eus\/el-ministerio-de-agricultura-reconoce-dos-nuevos-vinedos-singulares-en-rioja-alavesa\/","og_locale":"en_US","og_type":"article","og_title":"El Ministerio de Agricultura reconoce dos nuevos Vi\u00f1edos Singulares en Rioja Alavesa - UAGA","og_description":"El Ministerio de Agricultura ha publicado la Orden APA\/468\/2021 de 5 de mayo por la que se reconocen determinados parajes vit\u00edcolas identificados dentro de la DO RIOJA, entre ellos dos alaveses, los vi\u00f1edos La pileta de Tobelos, en Labastida, de Bodegas Tobelos, y El Guardi\u00e1n de la Vi\u00f1a, en Elciego, de la bodega Pago de [&hellip;]","og_url":"https:\/\/www.uaga.eus\/el-ministerio-de-agricultura-reconoce-dos-nuevos-vinedos-singulares-en-rioja-alavesa\/","og_site_name":"UAGA","article_published_time":"2021-05-21T10:03:38+00:00","og_image":[{"width":700,"height":394,"url":"https:\/\/www.uaga.eus\/wp-content\/uploads\/2020\/05\/piqsels.com-id-ssyqx-e1590757731693.jpg","type":"image\/jpeg"}],"author":"Blanca S\u00e1nchez","twitter_card":"summary_large_image","twitter_misc":{"Written by":"Blanca S\u00e1nchez","Est. reading time":"1 minutua"},"schema":{"@context":"https:\/\/schema.org","@graph":[{"@type":"WebPage","@id":"https:\/\/www.uaga.eus\/el-ministerio-de-agricultura-reconoce-dos-nuevos-vinedos-singulares-en-rioja-alavesa\/","url":"https:\/\/www.uaga.eus\/el-ministerio-de-agricultura-reconoce-dos-nuevos-vinedos-singulares-en-rioja-alavesa\/","name":"El Ministerio de Agricultura reconoce dos nuevos Vi\u00f1edos Singulares en Rioja Alavesa - UAGA","isPartOf":{"@id":"https:\/\/www.uaga.eus\/#website"},"datePublished":"2021-05-21T10:03:38+00:00","dateModified":"2021-05-21T10:03:38+00:00","author":{"@id":"https:\/\/www.uaga.eus\/#\/schema\/person\/48c3cbf0f33d1b788226dbb6518689cf"},"breadcrumb":{"@id":"https:\/\/www.uaga.eus\/el-ministerio-de-agricultura-reconoce-dos-nuevos-vinedos-singulares-en-rioja-alavesa\/#breadcrumb"},"inLanguage":"eu","potentialAction":[{"@type":"ReadAction","target":["https:\/\/www.uaga.eus\/el-ministerio-de-agricultura-reconoce-dos-nuevos-vinedos-singulares-en-rioja-alavesa\/"]}]},{"@type":"BreadcrumbList","@id":"https:\/\/www.uaga.eus\/el-ministerio-de-agricultura-reconoce-dos-nuevos-vinedos-singulares-en-rioja-alavesa\/#breadcrumb","itemListElement":[{"@type":"ListItem","position":1,"name":"Inicio","item":"https:\/\/www.uaga.eus\/"},{"@type":"ListItem","position":2,"name":"El Ministerio de Agricultura reconoce dos nuevos Vi\u00f1edos Singulares en Rioja Alavesa"}]},{"@type":"WebSite","@id":"https:\/\/www.uaga.eus\/#website","url":"https:\/\/www.uaga.eus\/","name":"UAGA","description":"Uni\u00f3n Agroganadera de \u00c1lava - Araba Nekazarien Elkartea","potentialAction":[{"@type":"SearchAction","target":{"@type":"EntryPoint","urlTemplate":"https:\/\/www.uaga.eus\/?s={search_term_string}"},"query-input":"required name=search_term_string"}],"inLanguage":"eu"},{"@type":"Person","@id":"https:\/\/www.uaga.eus\/#\/schema\/person\/48c3cbf0f33d1b788226dbb6518689cf","name":"Blanca S\u00e1nchez","image":{"@type":"ImageObject","inLanguage":"eu","@id":"https:\/\/www.uaga.eus\/#\/schema\/person\/image\/","url":"https:\/\/secure.gravatar.com\/avatar\/0dc91c20648254b1ce84877283f6751b?s=96&d=mm&r=g","contentUrl":"https:\/\/secure.gravatar.com\/avatar\/0dc91c20648254b1ce84877283f6751b?s=96&d=mm&r=g","caption":"Blanca S\u00e1nchez"},"url":"https:\/\/www.uaga.eus\/eu\/author\/bsanchez\/"}]}},"_links":{"self":[{"href":"https:\/\/www.uaga.eus\/eu\/wp-json\/wp\/v2\/posts\/8950"}],"collection":[{"href":"https:\/\/www.uaga.eus\/eu\/wp-json\/wp\/v2\/posts"}],"about":[{"href":"https:\/\/www.uaga.eus\/eu\/wp-json\/wp\/v2\/types\/post"}],"author":[{"embeddable":true,"href":"https:\/\/www.uaga.eus\/eu\/wp-json\/wp\/v2\/users\/4"}],"replies":[{"embeddable":true,"href":"https:\/\/www.uaga.eus\/eu\/wp-json\/wp\/v2\/comments?post=8950"}],"version-history":[{"count":1,"href":"https:\/\/www.uaga.eus\/eu\/wp-json\/wp\/v2\/posts\/8950\/revisions"}],"predecessor-version":[{"id":8951,"href":"https:\/\/www.uaga.eus\/eu\/wp-json\/wp\/v2\/posts\/8950\/revisions\/8951"}],"wp:featuredmedia":[{"embeddable":true,"href":"https:\/\/www.uaga.eus\/eu\/wp-json\/wp\/v2\/media\/7572"}],"wp:attachment":[{"href":"https:\/\/www.uaga.eus\/eu\/wp-json\/wp\/v2\/media?parent=8950"}],"wp:term":[{"taxonomy":"category","embeddable":true,"href":"https:\/\/www.uaga.eus\/eu\/wp-json\/wp\/v2\/categories?post=8950"},{"taxonomy":"post_tag","embeddable":true,"href":"https:\/\/www.uaga.eus\/eu\/wp-json\/wp\/v2\/tags?post=8950"}],"curies":[{"name":"wp","href":"https:\/\/api.w.org\/{rel}","templated":true}]}}