{"id":8924,"date":"2021-05-14T11:41:43","date_gmt":"2021-05-14T11:41:43","guid":{"rendered":"https:\/\/www.uaga.eus\/?p=8924"},"modified":"2021-05-14T11:41:43","modified_gmt":"2021-05-14T11:41:43","slug":"las-organizaciones-agrarias-hemos-logrado-el-compromiso-del-ministerio-para-negociar-desde-el-inicio-un-nuevo-plan-de-gestion-y-control-del-lobo","status":"publish","type":"post","link":"https:\/\/www.uaga.eus\/eu\/las-organizaciones-agrarias-hemos-logrado-el-compromiso-del-ministerio-para-negociar-desde-el-inicio-un-nuevo-plan-de-gestion-y-control-del-lobo\/","title":{"rendered":"Las organizaciones agrarias hemos logrado el compromiso del Ministerio para negociar desde el inicio un nuevo plan de gesti\u00f3n y control del lobo"},"content":{"rendered":"<p>COAG, de la que forma parte UAGA, UPA y ASAJA valoran positivamente la reuni\u00f3n mantenida esta semana con el Ministerio de Transici\u00f3n Ecol\u00f3gica, en la que se ha acordado iniciar un proceso de di\u00e1logo y negociaci\u00f3n para un nuevo Plan de Gesti\u00f3n y Control del Lobo que garantice su coexistencia con la ganader\u00eda extensiva.<\/p>\n<p>El Ministerio se ha comprometido a vincular la entrada en vigor de la Orden que incorpora al lobo en el Listado de Especies Silvestres en R\u00e9gimen de Protecci\u00f3n Especial (LESPRE) a la elaboraci\u00f3n previa de la nueva estrategia nacional de gesti\u00f3n del lobo, que deber\u00e1 ser aprobada por unanimidad.<\/p>\n<p>Puedes consultar <a href=\"https:\/\/mcusercontent.com\/498b950ccfc4b8d0e600d7e48\/files\/75a02c1c-55f2-4718-fb16-16976ff14a6d\/210513_MITECO_hara_nuevo_PG_Lobo.pdf\" target=\"_blank\" rel=\"noopener\" data-cke-saved-href=\"https:\/\/mcusercontent.com\/498b950ccfc4b8d0e600d7e48\/files\/75a02c1c-55f2-4718-fb16-16976ff14a6d\/210513_MITECO_hara_nuevo_PG_Lobo.pdf\">aqu\u00ed<\/a> la nota de prensa de COAG.<\/p>\n<div>+info GUSTAVO:\u00a0635 704\u00a0865<\/div>\n","protected":false},"excerpt":{"rendered":"<p>COAG, de la que forma parte UAGA, UPA y ASAJA valoran positivamente la reuni\u00f3n mantenida esta semana con el Ministerio de Transici\u00f3n Ecol\u00f3gica, en la que se ha acordado iniciar un proceso de di\u00e1logo y negociaci\u00f3n para un nuevo Plan de Gesti\u00f3n y Control del Lobo que garantice su coexistencia con la ganader\u00eda extensiva. El [&hellip;]<\/p>\n","protected":false},"author":4,"featured_media":8920,"comment_status":"closed","ping_status":"closed","sticky":false,"template":"","format":"standard","meta":{"footnotes":""},"categories":[8,11,3],"tags":[],"yoast_head":"<!-- This site is optimized with the Yoast SEO plugin v21.5 - https:\/\/yoast.com\/wordpress\/plugins\/seo\/ -->\n<title>Las organizaciones agrarias hemos logrado el compromiso del Ministerio para negociar desde el inicio un nuevo plan de gesti\u00f3n y control del lobo - UAGA<\/title>\n<meta name=\"robots\" content=\"index, follow, max-snippet:-1, max-image-preview:large, max-video-preview:-1\" \/>\n<link rel=\"canonical\" href=\"https:\/\/www.uaga.eus\/las-organizaciones-agrarias-hemos-logrado-el-compromiso-del-ministerio-para-negociar-desde-el-inicio-un-nuevo-plan-de-gestion-y-control-del-lobo\/\" \/>\n<meta property=\"og:locale\" content=\"en_US\" \/>\n<meta property=\"og:type\" content=\"article\" \/>\n<meta property=\"og:title\" content=\"Las organizaciones agrarias hemos logrado el compromiso del Ministerio para negociar desde el inicio un nuevo plan de gesti\u00f3n y control del lobo - UAGA\" \/>\n<meta property=\"og:description\" content=\"COAG, de la que forma parte UAGA, UPA y ASAJA valoran positivamente la reuni\u00f3n mantenida esta semana con el Ministerio de Transici\u00f3n Ecol\u00f3gica, en la que se ha acordado iniciar un proceso de di\u00e1logo y negociaci\u00f3n para un nuevo Plan de Gesti\u00f3n y Control del Lobo que garantice su coexistencia con la ganader\u00eda extensiva. El [&hellip;]\" \/>\n<meta property=\"og:url\" content=\"https:\/\/www.uaga.eus\/las-organizaciones-agrarias-hemos-logrado-el-compromiso-del-ministerio-para-negociar-desde-el-inicio-un-nuevo-plan-de-gestion-y-control-del-lobo\/\" \/>\n<meta property=\"og:site_name\" content=\"UAGA\" \/>\n<meta property=\"article:published_time\" content=\"2021-05-14T11:41:43+00:00\" \/>\n<meta property=\"og:image\" content=\"https:\/\/www.uaga.eus\/wp-content\/uploads\/2021\/05\/lobo-iberico--e1620992477499.jpg\" \/>\n\t<meta property=\"og:image:width\" content=\"650\" \/>\n\t<meta property=\"og:image:height\" content=\"366\" \/>\n\t<meta property=\"og:image:type\" content=\"image\/jpeg\" \/>\n<meta name=\"author\" content=\"Blanca S\u00e1nchez\" \/>\n<meta name=\"twitter:card\" content=\"summary_large_image\" \/>\n<meta name=\"twitter:label1\" content=\"Written by\" \/>\n\t<meta name=\"twitter:data1\" content=\"Blanca S\u00e1nchez\" \/>\n\t<meta name=\"twitter:label2\" content=\"Est. reading time\" \/>\n\t<meta name=\"twitter:data2\" content=\"1 minutua\" \/>\n<script type=\"application\/ld+json\" class=\"yoast-schema-graph\">{\"@context\":\"https:\/\/schema.org\",\"@graph\":[{\"@type\":\"WebPage\",\"@id\":\"https:\/\/www.uaga.eus\/las-organizaciones-agrarias-hemos-logrado-el-compromiso-del-ministerio-para-negociar-desde-el-inicio-un-nuevo-plan-de-gestion-y-control-del-lobo\/\",\"url\":\"https:\/\/www.uaga.eus\/las-organizaciones-agrarias-hemos-logrado-el-compromiso-del-ministerio-para-negociar-desde-el-inicio-un-nuevo-plan-de-gestion-y-control-del-lobo\/\",\"name\":\"Las organizaciones agrarias hemos logrado el compromiso del Ministerio para negociar desde el inicio un nuevo plan de gesti\u00f3n y control del lobo - UAGA\",\"isPartOf\":{\"@id\":\"https:\/\/www.uaga.eus\/#website\"},\"datePublished\":\"2021-05-14T11:41:43+00:00\",\"dateModified\":\"2021-05-14T11:41:43+00:00\",\"author\":{\"@id\":\"https:\/\/www.uaga.eus\/#\/schema\/person\/48c3cbf0f33d1b788226dbb6518689cf\"},\"breadcrumb\":{\"@id\":\"https:\/\/www.uaga.eus\/las-organizaciones-agrarias-hemos-logrado-el-compromiso-del-ministerio-para-negociar-desde-el-inicio-un-nuevo-plan-de-gestion-y-control-del-lobo\/#breadcrumb\"},\"inLanguage\":\"eu\",\"potentialAction\":[{\"@type\":\"ReadAction\",\"target\":[\"https:\/\/www.uaga.eus\/las-organizaciones-agrarias-hemos-logrado-el-compromiso-del-ministerio-para-negociar-desde-el-inicio-un-nuevo-plan-de-gestion-y-control-del-lobo\/\"]}]},{\"@type\":\"BreadcrumbList\",\"@id\":\"https:\/\/www.uaga.eus\/las-organizaciones-agrarias-hemos-logrado-el-compromiso-del-ministerio-para-negociar-desde-el-inicio-un-nuevo-plan-de-gestion-y-control-del-lobo\/#breadcrumb\",\"itemListElement\":[{\"@type\":\"ListItem\",\"position\":1,\"name\":\"Inicio\",\"item\":\"https:\/\/www.uaga.eus\/\"},{\"@type\":\"ListItem\",\"position\":2,\"name\":\"Las organizaciones agrarias hemos logrado el compromiso del Ministerio para negociar desde el inicio un nuevo plan de gesti\u00f3n y control del lobo\"}]},{\"@type\":\"WebSite\",\"@id\":\"https:\/\/www.uaga.eus\/#website\",\"url\":\"https:\/\/www.uaga.eus\/\",\"name\":\"UAGA\",\"description\":\"Uni\u00f3n Agroganadera de \u00c1lava - Araba Nekazarien Elkartea\",\"potentialAction\":[{\"@type\":\"SearchAction\",\"target\":{\"@type\":\"EntryPoint\",\"urlTemplate\":\"https:\/\/www.uaga.eus\/?s={search_term_string}\"},\"query-input\":\"required name=search_term_string\"}],\"inLanguage\":\"eu\"},{\"@type\":\"Person\",\"@id\":\"https:\/\/www.uaga.eus\/#\/schema\/person\/48c3cbf0f33d1b788226dbb6518689cf\",\"name\":\"Blanca S\u00e1nchez\",\"image\":{\"@type\":\"ImageObject\",\"inLanguage\":\"eu\",\"@id\":\"https:\/\/www.uaga.eus\/#\/schema\/person\/image\/\",\"url\":\"https:\/\/secure.gravatar.com\/avatar\/0dc91c20648254b1ce84877283f6751b?s=96&d=mm&r=g\",\"contentUrl\":\"https:\/\/secure.gravatar.com\/avatar\/0dc91c20648254b1ce84877283f6751b?s=96&d=mm&r=g\",\"caption\":\"Blanca S\u00e1nchez\"},\"url\":\"https:\/\/www.uaga.eus\/eu\/author\/bsanchez\/\"}]}<\/script>\n<!-- \/ Yoast SEO plugin. -->","yoast_head_json":{"title":"Las organizaciones agrarias hemos logrado el compromiso del Ministerio para negociar desde el inicio un nuevo plan de gesti\u00f3n y control del lobo - UAGA","robots":{"index":"index","follow":"follow","max-snippet":"max-snippet:-1","max-image-preview":"max-image-preview:large","max-video-preview":"max-video-preview:-1"},"canonical":"https:\/\/www.uaga.eus\/las-organizaciones-agrarias-hemos-logrado-el-compromiso-del-ministerio-para-negociar-desde-el-inicio-un-nuevo-plan-de-gestion-y-control-del-lobo\/","og_locale":"en_US","og_type":"article","og_title":"Las organizaciones agrarias hemos logrado el compromiso del Ministerio para negociar desde el inicio un nuevo plan de gesti\u00f3n y control del lobo - UAGA","og_description":"COAG, de la que forma parte UAGA, UPA y ASAJA valoran positivamente la reuni\u00f3n mantenida esta semana con el Ministerio de Transici\u00f3n Ecol\u00f3gica, en la que se ha acordado iniciar un proceso de di\u00e1logo y negociaci\u00f3n para un nuevo Plan de Gesti\u00f3n y Control del Lobo que garantice su coexistencia con la ganader\u00eda extensiva. El [&hellip;]","og_url":"https:\/\/www.uaga.eus\/las-organizaciones-agrarias-hemos-logrado-el-compromiso-del-ministerio-para-negociar-desde-el-inicio-un-nuevo-plan-de-gestion-y-control-del-lobo\/","og_site_name":"UAGA","article_published_time":"2021-05-14T11:41:43+00:00","og_image":[{"width":650,"height":366,"url":"https:\/\/www.uaga.eus\/wp-content\/uploads\/2021\/05\/lobo-iberico--e1620992477499.jpg","type":"image\/jpeg"}],"author":"Blanca S\u00e1nchez","twitter_card":"summary_large_image","twitter_misc":{"Written by":"Blanca S\u00e1nchez","Est. reading time":"1 minutua"},"schema":{"@context":"https:\/\/schema.org","@graph":[{"@type":"WebPage","@id":"https:\/\/www.uaga.eus\/las-organizaciones-agrarias-hemos-logrado-el-compromiso-del-ministerio-para-negociar-desde-el-inicio-un-nuevo-plan-de-gestion-y-control-del-lobo\/","url":"https:\/\/www.uaga.eus\/las-organizaciones-agrarias-hemos-logrado-el-compromiso-del-ministerio-para-negociar-desde-el-inicio-un-nuevo-plan-de-gestion-y-control-del-lobo\/","name":"Las organizaciones agrarias hemos logrado el compromiso del Ministerio para negociar desde el inicio un nuevo plan de gesti\u00f3n y control del lobo - UAGA","isPartOf":{"@id":"https:\/\/www.uaga.eus\/#website"},"datePublished":"2021-05-14T11:41:43+00:00","dateModified":"2021-05-14T11:41:43+00:00","author":{"@id":"https:\/\/www.uaga.eus\/#\/schema\/person\/48c3cbf0f33d1b788226dbb6518689cf"},"breadcrumb":{"@id":"https:\/\/www.uaga.eus\/las-organizaciones-agrarias-hemos-logrado-el-compromiso-del-ministerio-para-negociar-desde-el-inicio-un-nuevo-plan-de-gestion-y-control-del-lobo\/#breadcrumb"},"inLanguage":"eu","potentialAction":[{"@type":"ReadAction","target":["https:\/\/www.uaga.eus\/las-organizaciones-agrarias-hemos-logrado-el-compromiso-del-ministerio-para-negociar-desde-el-inicio-un-nuevo-plan-de-gestion-y-control-del-lobo\/"]}]},{"@type":"BreadcrumbList","@id":"https:\/\/www.uaga.eus\/las-organizaciones-agrarias-hemos-logrado-el-compromiso-del-ministerio-para-negociar-desde-el-inicio-un-nuevo-plan-de-gestion-y-control-del-lobo\/#breadcrumb","itemListElement":[{"@type":"ListItem","position":1,"name":"Inicio","item":"https:\/\/www.uaga.eus\/"},{"@type":"ListItem","position":2,"name":"Las organizaciones agrarias hemos logrado el compromiso del Ministerio para negociar desde el inicio un nuevo plan de gesti\u00f3n y control del lobo"}]},{"@type":"WebSite","@id":"https:\/\/www.uaga.eus\/#website","url":"https:\/\/www.uaga.eus\/","name":"UAGA","description":"Uni\u00f3n Agroganadera de \u00c1lava - Araba Nekazarien Elkartea","potentialAction":[{"@type":"SearchAction","target":{"@type":"EntryPoint","urlTemplate":"https:\/\/www.uaga.eus\/?s={search_term_string}"},"query-input":"required name=search_term_string"}],"inLanguage":"eu"},{"@type":"Person","@id":"https:\/\/www.uaga.eus\/#\/schema\/person\/48c3cbf0f33d1b788226dbb6518689cf","name":"Blanca S\u00e1nchez","image":{"@type":"ImageObject","inLanguage":"eu","@id":"https:\/\/www.uaga.eus\/#\/schema\/person\/image\/","url":"https:\/\/secure.gravatar.com\/avatar\/0dc91c20648254b1ce84877283f6751b?s=96&d=mm&r=g","contentUrl":"https:\/\/secure.gravatar.com\/avatar\/0dc91c20648254b1ce84877283f6751b?s=96&d=mm&r=g","caption":"Blanca S\u00e1nchez"},"url":"https:\/\/www.uaga.eus\/eu\/author\/bsanchez\/"}]}},"_links":{"self":[{"href":"https:\/\/www.uaga.eus\/eu\/wp-json\/wp\/v2\/posts\/8924"}],"collection":[{"href":"https:\/\/www.uaga.eus\/eu\/wp-json\/wp\/v2\/posts"}],"about":[{"href":"https:\/\/www.uaga.eus\/eu\/wp-json\/wp\/v2\/types\/post"}],"author":[{"embeddable":true,"href":"https:\/\/www.uaga.eus\/eu\/wp-json\/wp\/v2\/users\/4"}],"replies":[{"embeddable":true,"href":"https:\/\/www.uaga.eus\/eu\/wp-json\/wp\/v2\/comments?post=8924"}],"version-history":[{"count":1,"href":"https:\/\/www.uaga.eus\/eu\/wp-json\/wp\/v2\/posts\/8924\/revisions"}],"predecessor-version":[{"id":8925,"href":"https:\/\/www.uaga.eus\/eu\/wp-json\/wp\/v2\/posts\/8924\/revisions\/8925"}],"wp:featuredmedia":[{"embeddable":true,"href":"https:\/\/www.uaga.eus\/eu\/wp-json\/wp\/v2\/media\/8920"}],"wp:attachment":[{"href":"https:\/\/www.uaga.eus\/eu\/wp-json\/wp\/v2\/media?parent=8924"}],"wp:term":[{"taxonomy":"category","embeddable":true,"href":"https:\/\/www.uaga.eus\/eu\/wp-json\/wp\/v2\/categories?post=8924"},{"taxonomy":"post_tag","embeddable":true,"href":"https:\/\/www.uaga.eus\/eu\/wp-json\/wp\/v2\/tags?post=8924"}],"curies":[{"name":"wp","href":"https:\/\/api.w.org\/{rel}","templated":true}]}}