{"id":8922,"date":"2021-05-14T11:40:11","date_gmt":"2021-05-14T11:40:11","guid":{"rendered":"https:\/\/www.uaga.eus\/?p=8922"},"modified":"2021-05-14T11:40:11","modified_gmt":"2021-05-14T11:40:11","slug":"coag-apuesta-por-la-cosecha-en-verde-para-abordar-la-crisis-del-sector-vitivinicola","status":"publish","type":"post","link":"https:\/\/www.uaga.eus\/eu\/coag-apuesta-por-la-cosecha-en-verde-para-abordar-la-crisis-del-sector-vitivinicola\/","title":{"rendered":"COAG apuesta por la cosecha en verde para abordar la crisis del sector vitivin\u00edcola"},"content":{"rendered":"<p>COAG, organizaci\u00f3n agraria a nivel nacional a la que pertenece UAGA, ha trasladado al Ministerio de Agricultura que la cosecha en verde es la mejor medida contra el exceso de vino, ya que es la \u00fanica actuaci\u00f3n que elimina materia prima del mercado antes incluso de su transformaci\u00f3n a vino.<\/p>\n<p>El a\u00f1o pasado fue la primera ocasi\u00f3n en la que se habilitaron ayudas para la vendimia en verde. Este a\u00f1o de nuevo se plantea la posibilidad de detraer fondos del Plan de Apoyo al Sector Vitivin\u00edcola (PASVE) para ayudar al sector ante la grave crisis derivada de las restricciones por la pandemia de la Covid-19.<\/p>\n<p>Para que esta medida sea eficaz y se consiga un reequilibrio entre oferta y demanda antes de la vendimia, deber\u00eda aplicarse en todo el territorio nacional y dotarse de un presupuesto extraordinario de al menos 40 millones de euros (aportados por UE, ministerio de Agricultura y Comunidades Aut\u00f3nomas), al margen del Plan de Apoyo al Sector Vitivin\u00edcola (PASVE), para no hipotecar por un problema ajeno al sector el presupuesto de las medidas ordinarias.<\/p>\n<p>Puedes consultar <a href=\"https:\/\/mcusercontent.com\/498b950ccfc4b8d0e600d7e48\/files\/570de510-7700-c800-0630-0b47e924ee59\/210510_cosecha_en_verde.pdf\" target=\"_blank\" rel=\"noopener\" data-cke-saved-href=\"https:\/\/mcusercontent.com\/498b950ccfc4b8d0e600d7e48\/files\/570de510-7700-c800-0630-0b47e924ee59\/210510_cosecha_en_verde.pdf\">aqu\u00ed<\/a> la nota de prensa de COAG.<\/p>\n<div>+info NURIA:\u00a0661 595 811<\/div>\n","protected":false},"excerpt":{"rendered":"<p>COAG, organizaci\u00f3n agraria a nivel nacional a la que pertenece UAGA, ha trasladado al Ministerio de Agricultura que la cosecha en verde es la mejor medida contra el exceso de vino, ya que es la \u00fanica actuaci\u00f3n que elimina materia prima del mercado antes incluso de su transformaci\u00f3n a vino. El a\u00f1o pasado fue la [&hellip;]<\/p>\n","protected":false},"author":4,"featured_media":7856,"comment_status":"closed","ping_status":"closed","sticky":false,"template":"","format":"standard","meta":{"footnotes":""},"categories":[7,5],"tags":[],"yoast_head":"<!-- This site is optimized with the Yoast SEO plugin v21.5 - https:\/\/yoast.com\/wordpress\/plugins\/seo\/ -->\n<title>COAG apuesta por la cosecha en verde para abordar la crisis del sector vitivin\u00edcola - UAGA<\/title>\n<meta name=\"robots\" content=\"index, follow, max-snippet:-1, max-image-preview:large, max-video-preview:-1\" \/>\n<link rel=\"canonical\" href=\"https:\/\/www.uaga.eus\/coag-apuesta-por-la-cosecha-en-verde-para-abordar-la-crisis-del-sector-vitivinicola\/\" \/>\n<meta property=\"og:locale\" content=\"en_US\" \/>\n<meta property=\"og:type\" content=\"article\" \/>\n<meta property=\"og:title\" content=\"COAG apuesta por la cosecha en verde para abordar la crisis del sector vitivin\u00edcola - UAGA\" \/>\n<meta property=\"og:description\" content=\"COAG, organizaci\u00f3n agraria a nivel nacional a la que pertenece UAGA, ha trasladado al Ministerio de Agricultura que la cosecha en verde es la mejor medida contra el exceso de vino, ya que es la \u00fanica actuaci\u00f3n que elimina materia prima del mercado antes incluso de su transformaci\u00f3n a vino. El a\u00f1o pasado fue la [&hellip;]\" \/>\n<meta property=\"og:url\" content=\"https:\/\/www.uaga.eus\/coag-apuesta-por-la-cosecha-en-verde-para-abordar-la-crisis-del-sector-vitivinicola\/\" \/>\n<meta property=\"og:site_name\" content=\"UAGA\" \/>\n<meta property=\"article:published_time\" content=\"2021-05-14T11:40:11+00:00\" \/>\n<meta property=\"og:image\" content=\"https:\/\/www.uaga.eus\/wp-content\/uploads\/2020\/07\/uva-verde.jpg\" \/>\n\t<meta property=\"og:image:width\" content=\"799\" \/>\n\t<meta property=\"og:image:height\" content=\"449\" \/>\n\t<meta property=\"og:image:type\" content=\"image\/jpeg\" \/>\n<meta name=\"author\" content=\"Blanca S\u00e1nchez\" \/>\n<meta name=\"twitter:card\" content=\"summary_large_image\" \/>\n<meta name=\"twitter:label1\" content=\"Written by\" \/>\n\t<meta name=\"twitter:data1\" content=\"Blanca S\u00e1nchez\" \/>\n\t<meta name=\"twitter:label2\" content=\"Est. reading time\" \/>\n\t<meta name=\"twitter:data2\" content=\"1 minutua\" \/>\n<script type=\"application\/ld+json\" class=\"yoast-schema-graph\">{\"@context\":\"https:\/\/schema.org\",\"@graph\":[{\"@type\":\"WebPage\",\"@id\":\"https:\/\/www.uaga.eus\/coag-apuesta-por-la-cosecha-en-verde-para-abordar-la-crisis-del-sector-vitivinicola\/\",\"url\":\"https:\/\/www.uaga.eus\/coag-apuesta-por-la-cosecha-en-verde-para-abordar-la-crisis-del-sector-vitivinicola\/\",\"name\":\"COAG apuesta por la cosecha en verde para abordar la crisis del sector vitivin\u00edcola - UAGA\",\"isPartOf\":{\"@id\":\"https:\/\/www.uaga.eus\/#website\"},\"datePublished\":\"2021-05-14T11:40:11+00:00\",\"dateModified\":\"2021-05-14T11:40:11+00:00\",\"author\":{\"@id\":\"https:\/\/www.uaga.eus\/#\/schema\/person\/48c3cbf0f33d1b788226dbb6518689cf\"},\"breadcrumb\":{\"@id\":\"https:\/\/www.uaga.eus\/coag-apuesta-por-la-cosecha-en-verde-para-abordar-la-crisis-del-sector-vitivinicola\/#breadcrumb\"},\"inLanguage\":\"eu\",\"potentialAction\":[{\"@type\":\"ReadAction\",\"target\":[\"https:\/\/www.uaga.eus\/coag-apuesta-por-la-cosecha-en-verde-para-abordar-la-crisis-del-sector-vitivinicola\/\"]}]},{\"@type\":\"BreadcrumbList\",\"@id\":\"https:\/\/www.uaga.eus\/coag-apuesta-por-la-cosecha-en-verde-para-abordar-la-crisis-del-sector-vitivinicola\/#breadcrumb\",\"itemListElement\":[{\"@type\":\"ListItem\",\"position\":1,\"name\":\"Inicio\",\"item\":\"https:\/\/www.uaga.eus\/\"},{\"@type\":\"ListItem\",\"position\":2,\"name\":\"COAG apuesta por la cosecha en verde para abordar la crisis del sector vitivin\u00edcola\"}]},{\"@type\":\"WebSite\",\"@id\":\"https:\/\/www.uaga.eus\/#website\",\"url\":\"https:\/\/www.uaga.eus\/\",\"name\":\"UAGA\",\"description\":\"Uni\u00f3n Agroganadera de \u00c1lava - Araba Nekazarien Elkartea\",\"potentialAction\":[{\"@type\":\"SearchAction\",\"target\":{\"@type\":\"EntryPoint\",\"urlTemplate\":\"https:\/\/www.uaga.eus\/?s={search_term_string}\"},\"query-input\":\"required name=search_term_string\"}],\"inLanguage\":\"eu\"},{\"@type\":\"Person\",\"@id\":\"https:\/\/www.uaga.eus\/#\/schema\/person\/48c3cbf0f33d1b788226dbb6518689cf\",\"name\":\"Blanca S\u00e1nchez\",\"image\":{\"@type\":\"ImageObject\",\"inLanguage\":\"eu\",\"@id\":\"https:\/\/www.uaga.eus\/#\/schema\/person\/image\/\",\"url\":\"https:\/\/secure.gravatar.com\/avatar\/0dc91c20648254b1ce84877283f6751b?s=96&d=mm&r=g\",\"contentUrl\":\"https:\/\/secure.gravatar.com\/avatar\/0dc91c20648254b1ce84877283f6751b?s=96&d=mm&r=g\",\"caption\":\"Blanca S\u00e1nchez\"},\"url\":\"https:\/\/www.uaga.eus\/eu\/author\/bsanchez\/\"}]}<\/script>\n<!-- \/ Yoast SEO plugin. -->","yoast_head_json":{"title":"COAG apuesta por la cosecha en verde para abordar la crisis del sector vitivin\u00edcola - UAGA","robots":{"index":"index","follow":"follow","max-snippet":"max-snippet:-1","max-image-preview":"max-image-preview:large","max-video-preview":"max-video-preview:-1"},"canonical":"https:\/\/www.uaga.eus\/coag-apuesta-por-la-cosecha-en-verde-para-abordar-la-crisis-del-sector-vitivinicola\/","og_locale":"en_US","og_type":"article","og_title":"COAG apuesta por la cosecha en verde para abordar la crisis del sector vitivin\u00edcola - UAGA","og_description":"COAG, organizaci\u00f3n agraria a nivel nacional a la que pertenece UAGA, ha trasladado al Ministerio de Agricultura que la cosecha en verde es la mejor medida contra el exceso de vino, ya que es la \u00fanica actuaci\u00f3n que elimina materia prima del mercado antes incluso de su transformaci\u00f3n a vino. El a\u00f1o pasado fue la [&hellip;]","og_url":"https:\/\/www.uaga.eus\/coag-apuesta-por-la-cosecha-en-verde-para-abordar-la-crisis-del-sector-vitivinicola\/","og_site_name":"UAGA","article_published_time":"2021-05-14T11:40:11+00:00","og_image":[{"width":799,"height":449,"url":"https:\/\/www.uaga.eus\/wp-content\/uploads\/2020\/07\/uva-verde.jpg","type":"image\/jpeg"}],"author":"Blanca S\u00e1nchez","twitter_card":"summary_large_image","twitter_misc":{"Written by":"Blanca S\u00e1nchez","Est. reading time":"1 minutua"},"schema":{"@context":"https:\/\/schema.org","@graph":[{"@type":"WebPage","@id":"https:\/\/www.uaga.eus\/coag-apuesta-por-la-cosecha-en-verde-para-abordar-la-crisis-del-sector-vitivinicola\/","url":"https:\/\/www.uaga.eus\/coag-apuesta-por-la-cosecha-en-verde-para-abordar-la-crisis-del-sector-vitivinicola\/","name":"COAG apuesta por la cosecha en verde para abordar la crisis del sector vitivin\u00edcola - UAGA","isPartOf":{"@id":"https:\/\/www.uaga.eus\/#website"},"datePublished":"2021-05-14T11:40:11+00:00","dateModified":"2021-05-14T11:40:11+00:00","author":{"@id":"https:\/\/www.uaga.eus\/#\/schema\/person\/48c3cbf0f33d1b788226dbb6518689cf"},"breadcrumb":{"@id":"https:\/\/www.uaga.eus\/coag-apuesta-por-la-cosecha-en-verde-para-abordar-la-crisis-del-sector-vitivinicola\/#breadcrumb"},"inLanguage":"eu","potentialAction":[{"@type":"ReadAction","target":["https:\/\/www.uaga.eus\/coag-apuesta-por-la-cosecha-en-verde-para-abordar-la-crisis-del-sector-vitivinicola\/"]}]},{"@type":"BreadcrumbList","@id":"https:\/\/www.uaga.eus\/coag-apuesta-por-la-cosecha-en-verde-para-abordar-la-crisis-del-sector-vitivinicola\/#breadcrumb","itemListElement":[{"@type":"ListItem","position":1,"name":"Inicio","item":"https:\/\/www.uaga.eus\/"},{"@type":"ListItem","position":2,"name":"COAG apuesta por la cosecha en verde para abordar la crisis del sector vitivin\u00edcola"}]},{"@type":"WebSite","@id":"https:\/\/www.uaga.eus\/#website","url":"https:\/\/www.uaga.eus\/","name":"UAGA","description":"Uni\u00f3n Agroganadera de \u00c1lava - Araba Nekazarien Elkartea","potentialAction":[{"@type":"SearchAction","target":{"@type":"EntryPoint","urlTemplate":"https:\/\/www.uaga.eus\/?s={search_term_string}"},"query-input":"required name=search_term_string"}],"inLanguage":"eu"},{"@type":"Person","@id":"https:\/\/www.uaga.eus\/#\/schema\/person\/48c3cbf0f33d1b788226dbb6518689cf","name":"Blanca S\u00e1nchez","image":{"@type":"ImageObject","inLanguage":"eu","@id":"https:\/\/www.uaga.eus\/#\/schema\/person\/image\/","url":"https:\/\/secure.gravatar.com\/avatar\/0dc91c20648254b1ce84877283f6751b?s=96&d=mm&r=g","contentUrl":"https:\/\/secure.gravatar.com\/avatar\/0dc91c20648254b1ce84877283f6751b?s=96&d=mm&r=g","caption":"Blanca S\u00e1nchez"},"url":"https:\/\/www.uaga.eus\/eu\/author\/bsanchez\/"}]}},"_links":{"self":[{"href":"https:\/\/www.uaga.eus\/eu\/wp-json\/wp\/v2\/posts\/8922"}],"collection":[{"href":"https:\/\/www.uaga.eus\/eu\/wp-json\/wp\/v2\/posts"}],"about":[{"href":"https:\/\/www.uaga.eus\/eu\/wp-json\/wp\/v2\/types\/post"}],"author":[{"embeddable":true,"href":"https:\/\/www.uaga.eus\/eu\/wp-json\/wp\/v2\/users\/4"}],"replies":[{"embeddable":true,"href":"https:\/\/www.uaga.eus\/eu\/wp-json\/wp\/v2\/comments?post=8922"}],"version-history":[{"count":1,"href":"https:\/\/www.uaga.eus\/eu\/wp-json\/wp\/v2\/posts\/8922\/revisions"}],"predecessor-version":[{"id":8923,"href":"https:\/\/www.uaga.eus\/eu\/wp-json\/wp\/v2\/posts\/8922\/revisions\/8923"}],"wp:featuredmedia":[{"embeddable":true,"href":"https:\/\/www.uaga.eus\/eu\/wp-json\/wp\/v2\/media\/7856"}],"wp:attachment":[{"href":"https:\/\/www.uaga.eus\/eu\/wp-json\/wp\/v2\/media?parent=8922"}],"wp:term":[{"taxonomy":"category","embeddable":true,"href":"https:\/\/www.uaga.eus\/eu\/wp-json\/wp\/v2\/categories?post=8922"},{"taxonomy":"post_tag","embeddable":true,"href":"https:\/\/www.uaga.eus\/eu\/wp-json\/wp\/v2\/tags?post=8922"}],"curies":[{"name":"wp","href":"https:\/\/api.w.org\/{rel}","templated":true}]}}