{"id":8913,"date":"2021-05-07T10:09:51","date_gmt":"2021-05-07T10:09:51","guid":{"rendered":"https:\/\/www.uaga.eus\/?p=8913"},"modified":"2021-05-07T10:37:23","modified_gmt":"2021-05-07T10:37:23","slug":"uaga-agradece-el-apoyo-recibido-por-los-viticultores-para-representarles-en-la-interprofesional-y-el-consejo-regulador-del-vino-rioja","status":"publish","type":"post","link":"https:\/\/www.uaga.eus\/eu\/uaga-agradece-el-apoyo-recibido-por-los-viticultores-para-representarles-en-la-interprofesional-y-el-consejo-regulador-del-vino-rioja\/","title":{"rendered":"UAGA agradece el apoyo recibido por los viticultores para representarles en la Interprofesional y el Consejo Regulador del vino Rioja\u00a0"},"content":{"rendered":"<p>El viernes pasado entregamos las adhesiones recibidas en UAGA para la renovaci\u00f3n de la representaci\u00f3n en la Interprofesional y en el Consejo Regulador de la DOCa Rioja.<\/p>\n<p>En una primera lectura, el n\u00famero de acreditaciones sin incidencias es muy semejante al de las pasadas elecciones, estando a la espera del procesamiento inform\u00e1tico de las acreditaciones por parte del Consejo Regulador, que al finalizar nos dar\u00e1 los resultados de las hect\u00e1reas totales acreditadas por UAGA y el resto de organizaciones.<\/p>\n<p>UAGA agradece el apoyo de todos los viticultores que nos han dado su acreditaci\u00f3n y confianza para defender la uva y vino de Rioja Alavesa en la DOC Rioja y, por supuesto, seguiremos defendiendo en estos organismos al sector vit\u00edcola para garantizar su estabilidad, evitando los vaivenes del precio de la uva y el vino, equilibrando la oferta y la demanda y garantizando la rentabilidad de todos los agentes del sector.<\/p>\n<p>+INFO NURIA: 661 595 811<\/p>\n","protected":false},"excerpt":{"rendered":"<p>El viernes pasado entregamos las adhesiones recibidas en UAGA para la renovaci\u00f3n de la representaci\u00f3n en la Interprofesional y en el Consejo Regulador de la DOCa Rioja. En una primera lectura, el n\u00famero de acreditaciones sin incidencias es muy semejante al de las pasadas elecciones, estando a la espera del procesamiento inform\u00e1tico de las acreditaciones [&hellip;]<\/p>\n","protected":false},"author":4,"featured_media":8788,"comment_status":"closed","ping_status":"closed","sticky":false,"template":"","format":"standard","meta":{"footnotes":""},"categories":[7,3],"tags":[],"yoast_head":"<!-- This site is optimized with the Yoast SEO plugin v21.5 - https:\/\/yoast.com\/wordpress\/plugins\/seo\/ -->\n<title>UAGA agradece el apoyo recibido por los viticultores para representarles en la Interprofesional y el Consejo Regulador del vino Rioja\u00a0 - UAGA<\/title>\n<meta name=\"robots\" content=\"index, follow, max-snippet:-1, max-image-preview:large, max-video-preview:-1\" \/>\n<link rel=\"canonical\" href=\"https:\/\/www.uaga.eus\/eu\/uaga-agradece-el-apoyo-recibido-por-los-viticultores-para-representarles-en-la-interprofesional-y-el-consejo-regulador-del-vino-rioja\/\" \/>\n<meta property=\"og:locale\" content=\"en_US\" \/>\n<meta property=\"og:type\" content=\"article\" \/>\n<meta property=\"og:title\" content=\"UAGA agradece el apoyo recibido por los viticultores para representarles en la Interprofesional y el Consejo Regulador del vino Rioja\u00a0 - UAGA\" \/>\n<meta property=\"og:description\" content=\"El viernes pasado entregamos las adhesiones recibidas en UAGA para la renovaci\u00f3n de la representaci\u00f3n en la Interprofesional y en el Consejo Regulador de la DOCa Rioja. En una primera lectura, el n\u00famero de acreditaciones sin incidencias es muy semejante al de las pasadas elecciones, estando a la espera del procesamiento inform\u00e1tico de las acreditaciones [&hellip;]\" \/>\n<meta property=\"og:url\" content=\"https:\/\/www.uaga.eus\/eu\/uaga-agradece-el-apoyo-recibido-por-los-viticultores-para-representarles-en-la-interprofesional-y-el-consejo-regulador-del-vino-rioja\/\" \/>\n<meta property=\"og:site_name\" content=\"UAGA\" \/>\n<meta property=\"article:published_time\" content=\"2021-05-07T10:09:51+00:00\" \/>\n<meta property=\"article:modified_time\" content=\"2021-05-07T10:37:23+00:00\" \/>\n<meta property=\"og:image\" content=\"https:\/\/www.uaga.eus\/wp-content\/uploads\/2021\/03\/elecciones.jpg\" \/>\n\t<meta property=\"og:image:width\" content=\"650\" \/>\n\t<meta property=\"og:image:height\" content=\"378\" \/>\n\t<meta property=\"og:image:type\" content=\"image\/jpeg\" \/>\n<meta name=\"author\" content=\"Blanca S\u00e1nchez\" \/>\n<meta name=\"twitter:card\" content=\"summary_large_image\" \/>\n<meta name=\"twitter:label1\" content=\"Written by\" \/>\n\t<meta name=\"twitter:data1\" content=\"Blanca S\u00e1nchez\" \/>\n\t<meta name=\"twitter:label2\" content=\"Est. reading time\" \/>\n\t<meta name=\"twitter:data2\" content=\"1 minutua\" \/>\n<script type=\"application\/ld+json\" class=\"yoast-schema-graph\">{\"@context\":\"https:\/\/schema.org\",\"@graph\":[{\"@type\":\"WebPage\",\"@id\":\"https:\/\/www.uaga.eus\/eu\/uaga-agradece-el-apoyo-recibido-por-los-viticultores-para-representarles-en-la-interprofesional-y-el-consejo-regulador-del-vino-rioja\/\",\"url\":\"https:\/\/www.uaga.eus\/eu\/uaga-agradece-el-apoyo-recibido-por-los-viticultores-para-representarles-en-la-interprofesional-y-el-consejo-regulador-del-vino-rioja\/\",\"name\":\"UAGA agradece el apoyo recibido por los viticultores para representarles en la Interprofesional y el Consejo Regulador del vino Rioja\u00a0 - UAGA\",\"isPartOf\":{\"@id\":\"https:\/\/www.uaga.eus\/#website\"},\"datePublished\":\"2021-05-07T10:09:51+00:00\",\"dateModified\":\"2021-05-07T10:37:23+00:00\",\"author\":{\"@id\":\"https:\/\/www.uaga.eus\/#\/schema\/person\/48c3cbf0f33d1b788226dbb6518689cf\"},\"breadcrumb\":{\"@id\":\"https:\/\/www.uaga.eus\/eu\/uaga-agradece-el-apoyo-recibido-por-los-viticultores-para-representarles-en-la-interprofesional-y-el-consejo-regulador-del-vino-rioja\/#breadcrumb\"},\"inLanguage\":\"eu\",\"potentialAction\":[{\"@type\":\"ReadAction\",\"target\":[\"https:\/\/www.uaga.eus\/eu\/uaga-agradece-el-apoyo-recibido-por-los-viticultores-para-representarles-en-la-interprofesional-y-el-consejo-regulador-del-vino-rioja\/\"]}]},{\"@type\":\"BreadcrumbList\",\"@id\":\"https:\/\/www.uaga.eus\/eu\/uaga-agradece-el-apoyo-recibido-por-los-viticultores-para-representarles-en-la-interprofesional-y-el-consejo-regulador-del-vino-rioja\/#breadcrumb\",\"itemListElement\":[{\"@type\":\"ListItem\",\"position\":1,\"name\":\"Inicio\",\"item\":\"https:\/\/www.uaga.eus\/\"},{\"@type\":\"ListItem\",\"position\":2,\"name\":\"UAGA agradece el apoyo recibido por los viticultores para representarles en la Interprofesional y el Consejo Regulador del vino Rioja\u00a0\"}]},{\"@type\":\"WebSite\",\"@id\":\"https:\/\/www.uaga.eus\/#website\",\"url\":\"https:\/\/www.uaga.eus\/\",\"name\":\"UAGA\",\"description\":\"Uni\u00f3n Agroganadera de \u00c1lava - Araba Nekazarien Elkartea\",\"potentialAction\":[{\"@type\":\"SearchAction\",\"target\":{\"@type\":\"EntryPoint\",\"urlTemplate\":\"https:\/\/www.uaga.eus\/?s={search_term_string}\"},\"query-input\":\"required name=search_term_string\"}],\"inLanguage\":\"eu\"},{\"@type\":\"Person\",\"@id\":\"https:\/\/www.uaga.eus\/#\/schema\/person\/48c3cbf0f33d1b788226dbb6518689cf\",\"name\":\"Blanca S\u00e1nchez\",\"image\":{\"@type\":\"ImageObject\",\"inLanguage\":\"eu\",\"@id\":\"https:\/\/www.uaga.eus\/#\/schema\/person\/image\/\",\"url\":\"https:\/\/secure.gravatar.com\/avatar\/0dc91c20648254b1ce84877283f6751b?s=96&d=mm&r=g\",\"contentUrl\":\"https:\/\/secure.gravatar.com\/avatar\/0dc91c20648254b1ce84877283f6751b?s=96&d=mm&r=g\",\"caption\":\"Blanca S\u00e1nchez\"},\"url\":\"https:\/\/www.uaga.eus\/eu\/author\/bsanchez\/\"}]}<\/script>\n<!-- \/ Yoast SEO plugin. -->","yoast_head_json":{"title":"UAGA agradece el apoyo recibido por los viticultores para representarles en la Interprofesional y el Consejo Regulador del vino Rioja\u00a0 - UAGA","robots":{"index":"index","follow":"follow","max-snippet":"max-snippet:-1","max-image-preview":"max-image-preview:large","max-video-preview":"max-video-preview:-1"},"canonical":"https:\/\/www.uaga.eus\/eu\/uaga-agradece-el-apoyo-recibido-por-los-viticultores-para-representarles-en-la-interprofesional-y-el-consejo-regulador-del-vino-rioja\/","og_locale":"en_US","og_type":"article","og_title":"UAGA agradece el apoyo recibido por los viticultores para representarles en la Interprofesional y el Consejo Regulador del vino Rioja\u00a0 - UAGA","og_description":"El viernes pasado entregamos las adhesiones recibidas en UAGA para la renovaci\u00f3n de la representaci\u00f3n en la Interprofesional y en el Consejo Regulador de la DOCa Rioja. En una primera lectura, el n\u00famero de acreditaciones sin incidencias es muy semejante al de las pasadas elecciones, estando a la espera del procesamiento inform\u00e1tico de las acreditaciones [&hellip;]","og_url":"https:\/\/www.uaga.eus\/eu\/uaga-agradece-el-apoyo-recibido-por-los-viticultores-para-representarles-en-la-interprofesional-y-el-consejo-regulador-del-vino-rioja\/","og_site_name":"UAGA","article_published_time":"2021-05-07T10:09:51+00:00","article_modified_time":"2021-05-07T10:37:23+00:00","og_image":[{"width":650,"height":378,"url":"https:\/\/www.uaga.eus\/wp-content\/uploads\/2021\/03\/elecciones.jpg","type":"image\/jpeg"}],"author":"Blanca S\u00e1nchez","twitter_card":"summary_large_image","twitter_misc":{"Written by":"Blanca S\u00e1nchez","Est. reading time":"1 minutua"},"schema":{"@context":"https:\/\/schema.org","@graph":[{"@type":"WebPage","@id":"https:\/\/www.uaga.eus\/eu\/uaga-agradece-el-apoyo-recibido-por-los-viticultores-para-representarles-en-la-interprofesional-y-el-consejo-regulador-del-vino-rioja\/","url":"https:\/\/www.uaga.eus\/eu\/uaga-agradece-el-apoyo-recibido-por-los-viticultores-para-representarles-en-la-interprofesional-y-el-consejo-regulador-del-vino-rioja\/","name":"UAGA agradece el apoyo recibido por los viticultores para representarles en la Interprofesional y el Consejo Regulador del vino Rioja\u00a0 - UAGA","isPartOf":{"@id":"https:\/\/www.uaga.eus\/#website"},"datePublished":"2021-05-07T10:09:51+00:00","dateModified":"2021-05-07T10:37:23+00:00","author":{"@id":"https:\/\/www.uaga.eus\/#\/schema\/person\/48c3cbf0f33d1b788226dbb6518689cf"},"breadcrumb":{"@id":"https:\/\/www.uaga.eus\/eu\/uaga-agradece-el-apoyo-recibido-por-los-viticultores-para-representarles-en-la-interprofesional-y-el-consejo-regulador-del-vino-rioja\/#breadcrumb"},"inLanguage":"eu","potentialAction":[{"@type":"ReadAction","target":["https:\/\/www.uaga.eus\/eu\/uaga-agradece-el-apoyo-recibido-por-los-viticultores-para-representarles-en-la-interprofesional-y-el-consejo-regulador-del-vino-rioja\/"]}]},{"@type":"BreadcrumbList","@id":"https:\/\/www.uaga.eus\/eu\/uaga-agradece-el-apoyo-recibido-por-los-viticultores-para-representarles-en-la-interprofesional-y-el-consejo-regulador-del-vino-rioja\/#breadcrumb","itemListElement":[{"@type":"ListItem","position":1,"name":"Inicio","item":"https:\/\/www.uaga.eus\/"},{"@type":"ListItem","position":2,"name":"UAGA agradece el apoyo recibido por los viticultores para representarles en la Interprofesional y el Consejo Regulador del vino Rioja\u00a0"}]},{"@type":"WebSite","@id":"https:\/\/www.uaga.eus\/#website","url":"https:\/\/www.uaga.eus\/","name":"UAGA","description":"Uni\u00f3n Agroganadera de \u00c1lava - Araba Nekazarien Elkartea","potentialAction":[{"@type":"SearchAction","target":{"@type":"EntryPoint","urlTemplate":"https:\/\/www.uaga.eus\/?s={search_term_string}"},"query-input":"required name=search_term_string"}],"inLanguage":"eu"},{"@type":"Person","@id":"https:\/\/www.uaga.eus\/#\/schema\/person\/48c3cbf0f33d1b788226dbb6518689cf","name":"Blanca S\u00e1nchez","image":{"@type":"ImageObject","inLanguage":"eu","@id":"https:\/\/www.uaga.eus\/#\/schema\/person\/image\/","url":"https:\/\/secure.gravatar.com\/avatar\/0dc91c20648254b1ce84877283f6751b?s=96&d=mm&r=g","contentUrl":"https:\/\/secure.gravatar.com\/avatar\/0dc91c20648254b1ce84877283f6751b?s=96&d=mm&r=g","caption":"Blanca S\u00e1nchez"},"url":"https:\/\/www.uaga.eus\/eu\/author\/bsanchez\/"}]}},"_links":{"self":[{"href":"https:\/\/www.uaga.eus\/eu\/wp-json\/wp\/v2\/posts\/8913"}],"collection":[{"href":"https:\/\/www.uaga.eus\/eu\/wp-json\/wp\/v2\/posts"}],"about":[{"href":"https:\/\/www.uaga.eus\/eu\/wp-json\/wp\/v2\/types\/post"}],"author":[{"embeddable":true,"href":"https:\/\/www.uaga.eus\/eu\/wp-json\/wp\/v2\/users\/4"}],"replies":[{"embeddable":true,"href":"https:\/\/www.uaga.eus\/eu\/wp-json\/wp\/v2\/comments?post=8913"}],"version-history":[{"count":1,"href":"https:\/\/www.uaga.eus\/eu\/wp-json\/wp\/v2\/posts\/8913\/revisions"}],"predecessor-version":[{"id":8914,"href":"https:\/\/www.uaga.eus\/eu\/wp-json\/wp\/v2\/posts\/8913\/revisions\/8914"}],"wp:featuredmedia":[{"embeddable":true,"href":"https:\/\/www.uaga.eus\/eu\/wp-json\/wp\/v2\/media\/8788"}],"wp:attachment":[{"href":"https:\/\/www.uaga.eus\/eu\/wp-json\/wp\/v2\/media?parent=8913"}],"wp:term":[{"taxonomy":"category","embeddable":true,"href":"https:\/\/www.uaga.eus\/eu\/wp-json\/wp\/v2\/categories?post=8913"},{"taxonomy":"post_tag","embeddable":true,"href":"https:\/\/www.uaga.eus\/eu\/wp-json\/wp\/v2\/tags?post=8913"}],"curies":[{"name":"wp","href":"https:\/\/api.w.org\/{rel}","templated":true}]}}