{"id":8901,"date":"2021-05-07T10:01:00","date_gmt":"2021-05-07T10:01:00","guid":{"rendered":"https:\/\/www.uaga.eus\/?p=8901"},"modified":"2021-05-07T10:01:00","modified_gmt":"2021-05-07T10:01:00","slug":"las-organizaciones-agrarias-nos-unimos-en-el-rechazo-a-la-proteccion-del-lobo","status":"publish","type":"post","link":"https:\/\/www.uaga.eus\/eu\/las-organizaciones-agrarias-nos-unimos-en-el-rechazo-a-la-proteccion-del-lobo\/","title":{"rendered":"Las organizaciones agrarias nos unimos en el rechazo a la protecci\u00f3n del lobo\u00a0\u00a0"},"content":{"rendered":"<p>UPA, ASAJA y COAG, en la que se integra UAGA, hemos mantenido una reuni\u00f3n con el Ministerio de Transici\u00f3n Ecol\u00f3gica y Reto Demogr\u00e1fico para reiterar nuestro rechazo al la protecci\u00f3n del lobo.<\/p>\n<p>Aunque valoramos positivamente la apertura de este nuevo marco de di\u00e1logo con el Ministerio, consideramos que debe reiniciarse el proceso de debate para definir un plan global de gesti\u00f3n y control del lobo que garantice su coexistencia con la ganader\u00eda extensiva.<\/p>\n<p>Puedes consultar la <a href=\"https:\/\/mcusercontent.com\/498b950ccfc4b8d0e600d7e48\/files\/b9559ee2-202b-f1ac-f091-7792ae314492\/210429_opas_lobo.pdf\" target=\"_blank\" rel=\"noopener\" data-cke-saved-href=\"https:\/\/mcusercontent.com\/498b950ccfc4b8d0e600d7e48\/files\/b9559ee2-202b-f1ac-f091-7792ae314492\/210429_opas_lobo.pdf\">nota de prensa<\/a> de COAG al respecto.<\/p>\n<p>+INFO GUSTAVO: 635 704\u00a0865<\/p>\n","protected":false},"excerpt":{"rendered":"<p>UPA, ASAJA y COAG, en la que se integra UAGA, hemos mantenido una reuni\u00f3n con el Ministerio de Transici\u00f3n Ecol\u00f3gica y Reto Demogr\u00e1fico para reiterar nuestro rechazo al la protecci\u00f3n del lobo. Aunque valoramos positivamente la apertura de este nuevo marco de di\u00e1logo con el Ministerio, consideramos que debe reiniciarse el proceso de debate para [&hellip;]<\/p>\n","protected":false},"author":4,"featured_media":8882,"comment_status":"closed","ping_status":"closed","sticky":false,"template":"","format":"standard","meta":{"footnotes":""},"categories":[11],"tags":[],"yoast_head":"<!-- This site is optimized with the Yoast SEO plugin v21.5 - https:\/\/yoast.com\/wordpress\/plugins\/seo\/ -->\n<title>Las organizaciones agrarias nos unimos en el rechazo a la protecci\u00f3n del lobo\u00a0\u00a0 - UAGA<\/title>\n<meta name=\"robots\" content=\"index, follow, max-snippet:-1, max-image-preview:large, max-video-preview:-1\" \/>\n<link rel=\"canonical\" href=\"https:\/\/www.uaga.eus\/las-organizaciones-agrarias-nos-unimos-en-el-rechazo-a-la-proteccion-del-lobo\/\" \/>\n<meta property=\"og:locale\" content=\"en_US\" \/>\n<meta property=\"og:type\" content=\"article\" \/>\n<meta property=\"og:title\" content=\"Las organizaciones agrarias nos unimos en el rechazo a la protecci\u00f3n del lobo\u00a0\u00a0 - UAGA\" \/>\n<meta property=\"og:description\" content=\"UPA, ASAJA y COAG, en la que se integra UAGA, hemos mantenido una reuni\u00f3n con el Ministerio de Transici\u00f3n Ecol\u00f3gica y Reto Demogr\u00e1fico para reiterar nuestro rechazo al la protecci\u00f3n del lobo. Aunque valoramos positivamente la apertura de este nuevo marco de di\u00e1logo con el Ministerio, consideramos que debe reiniciarse el proceso de debate para [&hellip;]\" \/>\n<meta property=\"og:url\" content=\"https:\/\/www.uaga.eus\/las-organizaciones-agrarias-nos-unimos-en-el-rechazo-a-la-proteccion-del-lobo\/\" \/>\n<meta property=\"og:site_name\" content=\"UAGA\" \/>\n<meta property=\"article:published_time\" content=\"2021-05-07T10:01:00+00:00\" \/>\n<meta property=\"og:image\" content=\"https:\/\/www.uaga.eus\/wp-content\/uploads\/2021\/05\/lobo-iberico-e1620381641328.jpg\" \/>\n\t<meta property=\"og:image:width\" content=\"700\" \/>\n\t<meta property=\"og:image:height\" content=\"400\" \/>\n\t<meta property=\"og:image:type\" content=\"image\/jpeg\" \/>\n<meta name=\"author\" content=\"Blanca S\u00e1nchez\" \/>\n<meta name=\"twitter:card\" content=\"summary_large_image\" \/>\n<meta name=\"twitter:label1\" content=\"Written by\" \/>\n\t<meta name=\"twitter:data1\" content=\"Blanca S\u00e1nchez\" \/>\n<script type=\"application\/ld+json\" class=\"yoast-schema-graph\">{\"@context\":\"https:\/\/schema.org\",\"@graph\":[{\"@type\":\"WebPage\",\"@id\":\"https:\/\/www.uaga.eus\/las-organizaciones-agrarias-nos-unimos-en-el-rechazo-a-la-proteccion-del-lobo\/\",\"url\":\"https:\/\/www.uaga.eus\/las-organizaciones-agrarias-nos-unimos-en-el-rechazo-a-la-proteccion-del-lobo\/\",\"name\":\"Las organizaciones agrarias nos unimos en el rechazo a la protecci\u00f3n del lobo\u00a0\u00a0 - UAGA\",\"isPartOf\":{\"@id\":\"https:\/\/www.uaga.eus\/#website\"},\"datePublished\":\"2021-05-07T10:01:00+00:00\",\"dateModified\":\"2021-05-07T10:01:00+00:00\",\"author\":{\"@id\":\"https:\/\/www.uaga.eus\/#\/schema\/person\/48c3cbf0f33d1b788226dbb6518689cf\"},\"breadcrumb\":{\"@id\":\"https:\/\/www.uaga.eus\/las-organizaciones-agrarias-nos-unimos-en-el-rechazo-a-la-proteccion-del-lobo\/#breadcrumb\"},\"inLanguage\":\"eu\",\"potentialAction\":[{\"@type\":\"ReadAction\",\"target\":[\"https:\/\/www.uaga.eus\/las-organizaciones-agrarias-nos-unimos-en-el-rechazo-a-la-proteccion-del-lobo\/\"]}]},{\"@type\":\"BreadcrumbList\",\"@id\":\"https:\/\/www.uaga.eus\/las-organizaciones-agrarias-nos-unimos-en-el-rechazo-a-la-proteccion-del-lobo\/#breadcrumb\",\"itemListElement\":[{\"@type\":\"ListItem\",\"position\":1,\"name\":\"Inicio\",\"item\":\"https:\/\/www.uaga.eus\/\"},{\"@type\":\"ListItem\",\"position\":2,\"name\":\"Las organizaciones agrarias nos unimos en el rechazo a la protecci\u00f3n del lobo\u00a0\u00a0\"}]},{\"@type\":\"WebSite\",\"@id\":\"https:\/\/www.uaga.eus\/#website\",\"url\":\"https:\/\/www.uaga.eus\/\",\"name\":\"UAGA\",\"description\":\"Uni\u00f3n Agroganadera de \u00c1lava - Araba Nekazarien Elkartea\",\"potentialAction\":[{\"@type\":\"SearchAction\",\"target\":{\"@type\":\"EntryPoint\",\"urlTemplate\":\"https:\/\/www.uaga.eus\/?s={search_term_string}\"},\"query-input\":\"required name=search_term_string\"}],\"inLanguage\":\"eu\"},{\"@type\":\"Person\",\"@id\":\"https:\/\/www.uaga.eus\/#\/schema\/person\/48c3cbf0f33d1b788226dbb6518689cf\",\"name\":\"Blanca S\u00e1nchez\",\"image\":{\"@type\":\"ImageObject\",\"inLanguage\":\"eu\",\"@id\":\"https:\/\/www.uaga.eus\/#\/schema\/person\/image\/\",\"url\":\"https:\/\/secure.gravatar.com\/avatar\/0dc91c20648254b1ce84877283f6751b?s=96&d=mm&r=g\",\"contentUrl\":\"https:\/\/secure.gravatar.com\/avatar\/0dc91c20648254b1ce84877283f6751b?s=96&d=mm&r=g\",\"caption\":\"Blanca S\u00e1nchez\"},\"url\":\"https:\/\/www.uaga.eus\/eu\/author\/bsanchez\/\"}]}<\/script>\n<!-- \/ Yoast SEO plugin. -->","yoast_head_json":{"title":"Las organizaciones agrarias nos unimos en el rechazo a la protecci\u00f3n del lobo\u00a0\u00a0 - UAGA","robots":{"index":"index","follow":"follow","max-snippet":"max-snippet:-1","max-image-preview":"max-image-preview:large","max-video-preview":"max-video-preview:-1"},"canonical":"https:\/\/www.uaga.eus\/las-organizaciones-agrarias-nos-unimos-en-el-rechazo-a-la-proteccion-del-lobo\/","og_locale":"en_US","og_type":"article","og_title":"Las organizaciones agrarias nos unimos en el rechazo a la protecci\u00f3n del lobo\u00a0\u00a0 - UAGA","og_description":"UPA, ASAJA y COAG, en la que se integra UAGA, hemos mantenido una reuni\u00f3n con el Ministerio de Transici\u00f3n Ecol\u00f3gica y Reto Demogr\u00e1fico para reiterar nuestro rechazo al la protecci\u00f3n del lobo. Aunque valoramos positivamente la apertura de este nuevo marco de di\u00e1logo con el Ministerio, consideramos que debe reiniciarse el proceso de debate para [&hellip;]","og_url":"https:\/\/www.uaga.eus\/las-organizaciones-agrarias-nos-unimos-en-el-rechazo-a-la-proteccion-del-lobo\/","og_site_name":"UAGA","article_published_time":"2021-05-07T10:01:00+00:00","og_image":[{"width":700,"height":400,"url":"https:\/\/www.uaga.eus\/wp-content\/uploads\/2021\/05\/lobo-iberico-e1620381641328.jpg","type":"image\/jpeg"}],"author":"Blanca S\u00e1nchez","twitter_card":"summary_large_image","twitter_misc":{"Written by":"Blanca S\u00e1nchez"},"schema":{"@context":"https:\/\/schema.org","@graph":[{"@type":"WebPage","@id":"https:\/\/www.uaga.eus\/las-organizaciones-agrarias-nos-unimos-en-el-rechazo-a-la-proteccion-del-lobo\/","url":"https:\/\/www.uaga.eus\/las-organizaciones-agrarias-nos-unimos-en-el-rechazo-a-la-proteccion-del-lobo\/","name":"Las organizaciones agrarias nos unimos en el rechazo a la protecci\u00f3n del lobo\u00a0\u00a0 - UAGA","isPartOf":{"@id":"https:\/\/www.uaga.eus\/#website"},"datePublished":"2021-05-07T10:01:00+00:00","dateModified":"2021-05-07T10:01:00+00:00","author":{"@id":"https:\/\/www.uaga.eus\/#\/schema\/person\/48c3cbf0f33d1b788226dbb6518689cf"},"breadcrumb":{"@id":"https:\/\/www.uaga.eus\/las-organizaciones-agrarias-nos-unimos-en-el-rechazo-a-la-proteccion-del-lobo\/#breadcrumb"},"inLanguage":"eu","potentialAction":[{"@type":"ReadAction","target":["https:\/\/www.uaga.eus\/las-organizaciones-agrarias-nos-unimos-en-el-rechazo-a-la-proteccion-del-lobo\/"]}]},{"@type":"BreadcrumbList","@id":"https:\/\/www.uaga.eus\/las-organizaciones-agrarias-nos-unimos-en-el-rechazo-a-la-proteccion-del-lobo\/#breadcrumb","itemListElement":[{"@type":"ListItem","position":1,"name":"Inicio","item":"https:\/\/www.uaga.eus\/"},{"@type":"ListItem","position":2,"name":"Las organizaciones agrarias nos unimos en el rechazo a la protecci\u00f3n del lobo\u00a0\u00a0"}]},{"@type":"WebSite","@id":"https:\/\/www.uaga.eus\/#website","url":"https:\/\/www.uaga.eus\/","name":"UAGA","description":"Uni\u00f3n Agroganadera de \u00c1lava - Araba Nekazarien Elkartea","potentialAction":[{"@type":"SearchAction","target":{"@type":"EntryPoint","urlTemplate":"https:\/\/www.uaga.eus\/?s={search_term_string}"},"query-input":"required name=search_term_string"}],"inLanguage":"eu"},{"@type":"Person","@id":"https:\/\/www.uaga.eus\/#\/schema\/person\/48c3cbf0f33d1b788226dbb6518689cf","name":"Blanca S\u00e1nchez","image":{"@type":"ImageObject","inLanguage":"eu","@id":"https:\/\/www.uaga.eus\/#\/schema\/person\/image\/","url":"https:\/\/secure.gravatar.com\/avatar\/0dc91c20648254b1ce84877283f6751b?s=96&d=mm&r=g","contentUrl":"https:\/\/secure.gravatar.com\/avatar\/0dc91c20648254b1ce84877283f6751b?s=96&d=mm&r=g","caption":"Blanca S\u00e1nchez"},"url":"https:\/\/www.uaga.eus\/eu\/author\/bsanchez\/"}]}},"_links":{"self":[{"href":"https:\/\/www.uaga.eus\/eu\/wp-json\/wp\/v2\/posts\/8901"}],"collection":[{"href":"https:\/\/www.uaga.eus\/eu\/wp-json\/wp\/v2\/posts"}],"about":[{"href":"https:\/\/www.uaga.eus\/eu\/wp-json\/wp\/v2\/types\/post"}],"author":[{"embeddable":true,"href":"https:\/\/www.uaga.eus\/eu\/wp-json\/wp\/v2\/users\/4"}],"replies":[{"embeddable":true,"href":"https:\/\/www.uaga.eus\/eu\/wp-json\/wp\/v2\/comments?post=8901"}],"version-history":[{"count":1,"href":"https:\/\/www.uaga.eus\/eu\/wp-json\/wp\/v2\/posts\/8901\/revisions"}],"predecessor-version":[{"id":8902,"href":"https:\/\/www.uaga.eus\/eu\/wp-json\/wp\/v2\/posts\/8901\/revisions\/8902"}],"wp:featuredmedia":[{"embeddable":true,"href":"https:\/\/www.uaga.eus\/eu\/wp-json\/wp\/v2\/media\/8882"}],"wp:attachment":[{"href":"https:\/\/www.uaga.eus\/eu\/wp-json\/wp\/v2\/media?parent=8901"}],"wp:term":[{"taxonomy":"category","embeddable":true,"href":"https:\/\/www.uaga.eus\/eu\/wp-json\/wp\/v2\/categories?post=8901"},{"taxonomy":"post_tag","embeddable":true,"href":"https:\/\/www.uaga.eus\/eu\/wp-json\/wp\/v2\/tags?post=8901"}],"curies":[{"name":"wp","href":"https:\/\/api.w.org\/{rel}","templated":true}]}}