{"id":8855,"date":"2021-04-23T10:25:24","date_gmt":"2021-04-23T10:25:24","guid":{"rendered":"https:\/\/www.uaga.eus\/?p=8855"},"modified":"2021-04-23T10:25:24","modified_gmt":"2021-04-23T10:25:24","slug":"uaga-abre-el-proceso-de-seleccion-para-la-contratacion-de-un-a-tecnico-a-agricola","status":"publish","type":"post","link":"https:\/\/www.uaga.eus\/eu\/uaga-abre-el-proceso-de-seleccion-para-la-contratacion-de-un-a-tecnico-a-agricola\/","title":{"rendered":"UAGA abre el proceso de selecci\u00f3n para la contrataci\u00f3n de un\/a T\u00e9cnico\/a Agr\u00edcola"},"content":{"rendered":"<p>UAGA abre un proceso de selecci\u00f3n para la contrataci\u00f3n de una persona para cubrir el puesto de T\u00e9cnico Agr\u00edcola que ha quedado vacante recientemente.<\/p>\n<p>Sus principales funciones ser\u00e1n el asesoramiento al sector en asuntos relacionados con agricultura, ganader\u00eda, temporerismo, gesti\u00f3n del agua, montes, medio ambiente, agroecolog\u00eda, seguros y subvenciones, innovaci\u00f3n, infraestructuras, ordenaci\u00f3n del territorio, etc.<\/p>\n<p>Pensamos en una persona con titulaci\u00f3n superior en el \u00e1mbito agrario, Grado de Ingenier\u00eda Agr\u00edcola o bien otra titulaci\u00f3n siempre que se aporte conocimiento del sector y experiencia en funciones similares a las descritas.<\/p>\n<p>Buscamos una persona con visi\u00f3n global del sector agrario, con capacidad para desarrollar su trabajo transversalmente, con iniciativa, dinamismo y buenas dotes comunicativas.<\/p>\n<p>La selecci\u00f3n se llevar\u00e1 a cabo a trav\u00e9s de la empresa Selecci\u00f3n y Formaci\u00f3n, que ha publicado el anuncio tanto en su <a href=\"https:\/\/www.seleccionformacion.com\/ofertas\/oferta.aspx?IdReg=2559\" target=\"_blank\" rel=\"noopener\" data-cke-saved-href=\"https:\/\/www.seleccionformacion.com\/ofertas\/oferta.aspx?IdReg=2559\">web<\/a> como en infojobs, portal de internet de oferta y demanda de empleo.<\/p>\n","protected":false},"excerpt":{"rendered":"<p>UAGA abre un proceso de selecci\u00f3n para la contrataci\u00f3n de una persona para cubrir el puesto de T\u00e9cnico Agr\u00edcola que ha quedado vacante recientemente. Sus principales funciones ser\u00e1n el asesoramiento al sector en asuntos relacionados con agricultura, ganader\u00eda, temporerismo, gesti\u00f3n del agua, montes, medio ambiente, agroecolog\u00eda, seguros y subvenciones, innovaci\u00f3n, infraestructuras, ordenaci\u00f3n del territorio, etc. [&hellip;]<\/p>\n","protected":false},"author":4,"featured_media":4226,"comment_status":"closed","ping_status":"closed","sticky":false,"template":"","format":"standard","meta":{"footnotes":""},"categories":[3],"tags":[],"yoast_head":"<!-- This site is optimized with the Yoast SEO plugin v21.5 - https:\/\/yoast.com\/wordpress\/plugins\/seo\/ -->\n<title>UAGA abre el proceso de selecci\u00f3n para la contrataci\u00f3n de un\/a T\u00e9cnico\/a Agr\u00edcola - UAGA<\/title>\n<meta name=\"robots\" content=\"index, follow, max-snippet:-1, max-image-preview:large, max-video-preview:-1\" \/>\n<link rel=\"canonical\" href=\"https:\/\/www.uaga.eus\/uaga-abre-el-proceso-de-seleccion-para-la-contratacion-de-un-a-tecnico-a-agricola\/\" \/>\n<meta property=\"og:locale\" content=\"en_US\" \/>\n<meta property=\"og:type\" content=\"article\" \/>\n<meta property=\"og:title\" content=\"UAGA abre el proceso de selecci\u00f3n para la contrataci\u00f3n de un\/a T\u00e9cnico\/a Agr\u00edcola - UAGA\" \/>\n<meta property=\"og:description\" content=\"UAGA abre un proceso de selecci\u00f3n para la contrataci\u00f3n de una persona para cubrir el puesto de T\u00e9cnico Agr\u00edcola que ha quedado vacante recientemente. Sus principales funciones ser\u00e1n el asesoramiento al sector en asuntos relacionados con agricultura, ganader\u00eda, temporerismo, gesti\u00f3n del agua, montes, medio ambiente, agroecolog\u00eda, seguros y subvenciones, innovaci\u00f3n, infraestructuras, ordenaci\u00f3n del territorio, etc. [&hellip;]\" \/>\n<meta property=\"og:url\" content=\"https:\/\/www.uaga.eus\/uaga-abre-el-proceso-de-seleccion-para-la-contratacion-de-un-a-tecnico-a-agricola\/\" \/>\n<meta property=\"og:site_name\" content=\"UAGA\" \/>\n<meta property=\"article:published_time\" content=\"2021-04-23T10:25:24+00:00\" \/>\n<meta property=\"og:image\" content=\"https:\/\/www.uaga.eus\/wp-content\/uploads\/2018\/09\/etiq-clara-AR-e1536315461651.jpg\" \/>\n\t<meta property=\"og:image:width\" content=\"350\" \/>\n\t<meta property=\"og:image:height\" content=\"258\" \/>\n\t<meta property=\"og:image:type\" content=\"image\/jpeg\" \/>\n<meta name=\"author\" content=\"Blanca S\u00e1nchez\" \/>\n<meta name=\"twitter:card\" content=\"summary_large_image\" \/>\n<meta name=\"twitter:label1\" content=\"Written by\" \/>\n\t<meta name=\"twitter:data1\" content=\"Blanca S\u00e1nchez\" \/>\n\t<meta name=\"twitter:label2\" content=\"Est. reading time\" \/>\n\t<meta name=\"twitter:data2\" content=\"1 minutua\" \/>\n<script type=\"application\/ld+json\" class=\"yoast-schema-graph\">{\"@context\":\"https:\/\/schema.org\",\"@graph\":[{\"@type\":\"WebPage\",\"@id\":\"https:\/\/www.uaga.eus\/uaga-abre-el-proceso-de-seleccion-para-la-contratacion-de-un-a-tecnico-a-agricola\/\",\"url\":\"https:\/\/www.uaga.eus\/uaga-abre-el-proceso-de-seleccion-para-la-contratacion-de-un-a-tecnico-a-agricola\/\",\"name\":\"UAGA abre el proceso de selecci\u00f3n para la contrataci\u00f3n de un\/a T\u00e9cnico\/a Agr\u00edcola - UAGA\",\"isPartOf\":{\"@id\":\"https:\/\/www.uaga.eus\/#website\"},\"datePublished\":\"2021-04-23T10:25:24+00:00\",\"dateModified\":\"2021-04-23T10:25:24+00:00\",\"author\":{\"@id\":\"https:\/\/www.uaga.eus\/#\/schema\/person\/48c3cbf0f33d1b788226dbb6518689cf\"},\"breadcrumb\":{\"@id\":\"https:\/\/www.uaga.eus\/uaga-abre-el-proceso-de-seleccion-para-la-contratacion-de-un-a-tecnico-a-agricola\/#breadcrumb\"},\"inLanguage\":\"eu\",\"potentialAction\":[{\"@type\":\"ReadAction\",\"target\":[\"https:\/\/www.uaga.eus\/uaga-abre-el-proceso-de-seleccion-para-la-contratacion-de-un-a-tecnico-a-agricola\/\"]}]},{\"@type\":\"BreadcrumbList\",\"@id\":\"https:\/\/www.uaga.eus\/uaga-abre-el-proceso-de-seleccion-para-la-contratacion-de-un-a-tecnico-a-agricola\/#breadcrumb\",\"itemListElement\":[{\"@type\":\"ListItem\",\"position\":1,\"name\":\"Inicio\",\"item\":\"https:\/\/www.uaga.eus\/\"},{\"@type\":\"ListItem\",\"position\":2,\"name\":\"UAGA abre el proceso de selecci\u00f3n para la contrataci\u00f3n de un\/a T\u00e9cnico\/a Agr\u00edcola\"}]},{\"@type\":\"WebSite\",\"@id\":\"https:\/\/www.uaga.eus\/#website\",\"url\":\"https:\/\/www.uaga.eus\/\",\"name\":\"UAGA\",\"description\":\"Uni\u00f3n Agroganadera de \u00c1lava - Araba Nekazarien Elkartea\",\"potentialAction\":[{\"@type\":\"SearchAction\",\"target\":{\"@type\":\"EntryPoint\",\"urlTemplate\":\"https:\/\/www.uaga.eus\/?s={search_term_string}\"},\"query-input\":\"required name=search_term_string\"}],\"inLanguage\":\"eu\"},{\"@type\":\"Person\",\"@id\":\"https:\/\/www.uaga.eus\/#\/schema\/person\/48c3cbf0f33d1b788226dbb6518689cf\",\"name\":\"Blanca S\u00e1nchez\",\"image\":{\"@type\":\"ImageObject\",\"inLanguage\":\"eu\",\"@id\":\"https:\/\/www.uaga.eus\/#\/schema\/person\/image\/\",\"url\":\"https:\/\/secure.gravatar.com\/avatar\/0dc91c20648254b1ce84877283f6751b?s=96&d=mm&r=g\",\"contentUrl\":\"https:\/\/secure.gravatar.com\/avatar\/0dc91c20648254b1ce84877283f6751b?s=96&d=mm&r=g\",\"caption\":\"Blanca S\u00e1nchez\"},\"url\":\"https:\/\/www.uaga.eus\/eu\/author\/bsanchez\/\"}]}<\/script>\n<!-- \/ Yoast SEO plugin. -->","yoast_head_json":{"title":"UAGA abre el proceso de selecci\u00f3n para la contrataci\u00f3n de un\/a T\u00e9cnico\/a Agr\u00edcola - UAGA","robots":{"index":"index","follow":"follow","max-snippet":"max-snippet:-1","max-image-preview":"max-image-preview:large","max-video-preview":"max-video-preview:-1"},"canonical":"https:\/\/www.uaga.eus\/uaga-abre-el-proceso-de-seleccion-para-la-contratacion-de-un-a-tecnico-a-agricola\/","og_locale":"en_US","og_type":"article","og_title":"UAGA abre el proceso de selecci\u00f3n para la contrataci\u00f3n de un\/a T\u00e9cnico\/a Agr\u00edcola - UAGA","og_description":"UAGA abre un proceso de selecci\u00f3n para la contrataci\u00f3n de una persona para cubrir el puesto de T\u00e9cnico Agr\u00edcola que ha quedado vacante recientemente. Sus principales funciones ser\u00e1n el asesoramiento al sector en asuntos relacionados con agricultura, ganader\u00eda, temporerismo, gesti\u00f3n del agua, montes, medio ambiente, agroecolog\u00eda, seguros y subvenciones, innovaci\u00f3n, infraestructuras, ordenaci\u00f3n del territorio, etc. [&hellip;]","og_url":"https:\/\/www.uaga.eus\/uaga-abre-el-proceso-de-seleccion-para-la-contratacion-de-un-a-tecnico-a-agricola\/","og_site_name":"UAGA","article_published_time":"2021-04-23T10:25:24+00:00","og_image":[{"width":350,"height":258,"url":"https:\/\/www.uaga.eus\/wp-content\/uploads\/2018\/09\/etiq-clara-AR-e1536315461651.jpg","type":"image\/jpeg"}],"author":"Blanca S\u00e1nchez","twitter_card":"summary_large_image","twitter_misc":{"Written by":"Blanca S\u00e1nchez","Est. reading time":"1 minutua"},"schema":{"@context":"https:\/\/schema.org","@graph":[{"@type":"WebPage","@id":"https:\/\/www.uaga.eus\/uaga-abre-el-proceso-de-seleccion-para-la-contratacion-de-un-a-tecnico-a-agricola\/","url":"https:\/\/www.uaga.eus\/uaga-abre-el-proceso-de-seleccion-para-la-contratacion-de-un-a-tecnico-a-agricola\/","name":"UAGA abre el proceso de selecci\u00f3n para la contrataci\u00f3n de un\/a T\u00e9cnico\/a Agr\u00edcola - UAGA","isPartOf":{"@id":"https:\/\/www.uaga.eus\/#website"},"datePublished":"2021-04-23T10:25:24+00:00","dateModified":"2021-04-23T10:25:24+00:00","author":{"@id":"https:\/\/www.uaga.eus\/#\/schema\/person\/48c3cbf0f33d1b788226dbb6518689cf"},"breadcrumb":{"@id":"https:\/\/www.uaga.eus\/uaga-abre-el-proceso-de-seleccion-para-la-contratacion-de-un-a-tecnico-a-agricola\/#breadcrumb"},"inLanguage":"eu","potentialAction":[{"@type":"ReadAction","target":["https:\/\/www.uaga.eus\/uaga-abre-el-proceso-de-seleccion-para-la-contratacion-de-un-a-tecnico-a-agricola\/"]}]},{"@type":"BreadcrumbList","@id":"https:\/\/www.uaga.eus\/uaga-abre-el-proceso-de-seleccion-para-la-contratacion-de-un-a-tecnico-a-agricola\/#breadcrumb","itemListElement":[{"@type":"ListItem","position":1,"name":"Inicio","item":"https:\/\/www.uaga.eus\/"},{"@type":"ListItem","position":2,"name":"UAGA abre el proceso de selecci\u00f3n para la contrataci\u00f3n de un\/a T\u00e9cnico\/a Agr\u00edcola"}]},{"@type":"WebSite","@id":"https:\/\/www.uaga.eus\/#website","url":"https:\/\/www.uaga.eus\/","name":"UAGA","description":"Uni\u00f3n Agroganadera de \u00c1lava - Araba Nekazarien Elkartea","potentialAction":[{"@type":"SearchAction","target":{"@type":"EntryPoint","urlTemplate":"https:\/\/www.uaga.eus\/?s={search_term_string}"},"query-input":"required name=search_term_string"}],"inLanguage":"eu"},{"@type":"Person","@id":"https:\/\/www.uaga.eus\/#\/schema\/person\/48c3cbf0f33d1b788226dbb6518689cf","name":"Blanca S\u00e1nchez","image":{"@type":"ImageObject","inLanguage":"eu","@id":"https:\/\/www.uaga.eus\/#\/schema\/person\/image\/","url":"https:\/\/secure.gravatar.com\/avatar\/0dc91c20648254b1ce84877283f6751b?s=96&d=mm&r=g","contentUrl":"https:\/\/secure.gravatar.com\/avatar\/0dc91c20648254b1ce84877283f6751b?s=96&d=mm&r=g","caption":"Blanca S\u00e1nchez"},"url":"https:\/\/www.uaga.eus\/eu\/author\/bsanchez\/"}]}},"_links":{"self":[{"href":"https:\/\/www.uaga.eus\/eu\/wp-json\/wp\/v2\/posts\/8855"}],"collection":[{"href":"https:\/\/www.uaga.eus\/eu\/wp-json\/wp\/v2\/posts"}],"about":[{"href":"https:\/\/www.uaga.eus\/eu\/wp-json\/wp\/v2\/types\/post"}],"author":[{"embeddable":true,"href":"https:\/\/www.uaga.eus\/eu\/wp-json\/wp\/v2\/users\/4"}],"replies":[{"embeddable":true,"href":"https:\/\/www.uaga.eus\/eu\/wp-json\/wp\/v2\/comments?post=8855"}],"version-history":[{"count":1,"href":"https:\/\/www.uaga.eus\/eu\/wp-json\/wp\/v2\/posts\/8855\/revisions"}],"predecessor-version":[{"id":8856,"href":"https:\/\/www.uaga.eus\/eu\/wp-json\/wp\/v2\/posts\/8855\/revisions\/8856"}],"wp:featuredmedia":[{"embeddable":true,"href":"https:\/\/www.uaga.eus\/eu\/wp-json\/wp\/v2\/media\/4226"}],"wp:attachment":[{"href":"https:\/\/www.uaga.eus\/eu\/wp-json\/wp\/v2\/media?parent=8855"}],"wp:term":[{"taxonomy":"category","embeddable":true,"href":"https:\/\/www.uaga.eus\/eu\/wp-json\/wp\/v2\/categories?post=8855"},{"taxonomy":"post_tag","embeddable":true,"href":"https:\/\/www.uaga.eus\/eu\/wp-json\/wp\/v2\/tags?post=8855"}],"curies":[{"name":"wp","href":"https:\/\/api.w.org\/{rel}","templated":true}]}}