{"id":8830,"date":"2021-04-16T10:44:20","date_gmt":"2021-04-16T10:44:20","guid":{"rendered":"https:\/\/www.uaga.eus\/?p=8830"},"modified":"2021-04-16T10:49:11","modified_gmt":"2021-04-16T10:49:11","slug":"se-presentan-los-resultados-del-proyecto-de-cooperacion-remolachinn-que-ha-liderado-uaga","status":"publish","type":"post","link":"https:\/\/www.uaga.eus\/eu\/se-presentan-los-resultados-del-proyecto-de-cooperacion-remolachinn-que-ha-liderado-uaga\/","title":{"rendered":"Se presentan los resultados del proyecto de cooperaci\u00f3n RemolachINN que ha liderado UAGA\u00a0"},"content":{"rendered":"<p>Durante la campa\u00f1a de 2020 se han realizado las tareas de campo del proyecto RemolachINN que ha liderado UAGA en cooperaci\u00f3n con NEIKER, AIRA, AGA S.Coop y varios agricultores.<\/p>\n<p>Por un lado, se han instalado trampas en parcelas de remolacha para realizar el seguimiento y monitorizaci\u00f3n de insectos, principalmente de pulgones, para conocer el momento \u00f3ptimo para realizar los tratamientos de control de plagas. Los principales da\u00f1os por enfermedades transmitidas por pulgones se producen durante los primeros meses de desarrollo de las remolachas, hasta que las plantas tienen 12 hojas. Por lo tanto, se deben controlar las plagas de insectos durante las primeras 12 semanas de implantaci\u00f3n del cultivo.<\/p>\n<p>Sobre estas cuestiones se han llevado a cabo jornadas de formaci\u00f3n y difusi\u00f3n para t\u00e9cnicos y agricultores, con el prop\u00f3sito de dar a conocer las t\u00e9cnicas de seguimiento y monitorizaci\u00f3n de los insectos que sirvan para ajustar los tratamientos al momento \u00f3ptimo de aplicaci\u00f3n.<\/p>\n<p><strong>Se han puesto a disposici\u00f3n de los agricultores trampas crom\u00e1ticas y durante esta campa\u00f1a se continuar\u00e1 realizando jornadas formativas pr\u00e1cticas de identificaci\u00f3n de insectos.<\/strong><\/p>\n<p>Por otro lado, se han realizado ensayos con productos bioestimulantes como alternativa y complemento a los tratamientos fitosanitarios convencionales. Los resultados preliminares han mostrado que el uso de estos productos puede suponer una menor incidencia de enfermedades foliares sin generar un mayor gasto de insumos. Durante la pr\u00f3xima campa\u00f1a se seguir\u00e1n probando distintos productos para demostrar su eficacia.<\/p>\n<p>Puedes ampliar informaci\u00f3n y consultar el informe t\u00e9cnico del proyecto en el siguiente <a href=\"https:\/\/www.uaga.eus\/proyecto\/remolachinn-nuevo-sistema-de-manejo-en-remolacha-y-patata-sin-el-uso-de-neonicotinoides-2019-2021\/\" target=\"_blank\" rel=\"noopener\" data-cke-saved-href=\"https:\/\/www.uaga.eus\/proyecto\/remolachinn-nuevo-sistema-de-manejo-en-remolacha-y-patata-sin-el-uso-de-neonicotinoides-2019-2021\/\">enlace<\/a>.<\/p>\n<p>+ INFO SUGOI: 675 707 696<\/p>\n","protected":false},"excerpt":{"rendered":"<p>Durante la campa\u00f1a de 2020 se han realizado las tareas de campo del proyecto RemolachINN que ha liderado UAGA en cooperaci\u00f3n con NEIKER, AIRA, AGA S.Coop y varios agricultores. Por un lado, se han instalado trampas en parcelas de remolacha para realizar el seguimiento y monitorizaci\u00f3n de insectos, principalmente de pulgones, para conocer el momento [&hellip;]<\/p>\n","protected":false},"author":4,"featured_media":8469,"comment_status":"closed","ping_status":"closed","sticky":false,"template":"","format":"standard","meta":{"footnotes":""},"categories":[7,31],"tags":[],"yoast_head":"<!-- This site is optimized with the Yoast SEO plugin v21.5 - https:\/\/yoast.com\/wordpress\/plugins\/seo\/ -->\n<title>Se presentan los resultados del proyecto de cooperaci\u00f3n RemolachINN que ha liderado UAGA\u00a0 - UAGA<\/title>\n<meta name=\"robots\" content=\"index, follow, max-snippet:-1, max-image-preview:large, max-video-preview:-1\" \/>\n<link rel=\"canonical\" href=\"https:\/\/www.uaga.eus\/eu\/se-presentan-los-resultados-del-proyecto-de-cooperacion-remolachinn-que-ha-liderado-uaga\/\" \/>\n<meta property=\"og:locale\" content=\"en_US\" \/>\n<meta property=\"og:type\" content=\"article\" \/>\n<meta property=\"og:title\" content=\"Se presentan los resultados del proyecto de cooperaci\u00f3n RemolachINN que ha liderado UAGA\u00a0 - UAGA\" \/>\n<meta property=\"og:description\" content=\"Durante la campa\u00f1a de 2020 se han realizado las tareas de campo del proyecto RemolachINN que ha liderado UAGA en cooperaci\u00f3n con NEIKER, AIRA, AGA S.Coop y varios agricultores. Por un lado, se han instalado trampas en parcelas de remolacha para realizar el seguimiento y monitorizaci\u00f3n de insectos, principalmente de pulgones, para conocer el momento [&hellip;]\" \/>\n<meta property=\"og:url\" content=\"https:\/\/www.uaga.eus\/eu\/se-presentan-los-resultados-del-proyecto-de-cooperacion-remolachinn-que-ha-liderado-uaga\/\" \/>\n<meta property=\"og:site_name\" content=\"UAGA\" \/>\n<meta property=\"article:published_time\" content=\"2021-04-16T10:44:20+00:00\" \/>\n<meta property=\"article:modified_time\" content=\"2021-04-16T10:49:11+00:00\" \/>\n<meta property=\"og:image\" content=\"https:\/\/www.uaga.eus\/wp-content\/uploads\/2021\/01\/remolacha-.jpg\" \/>\n\t<meta property=\"og:image:width\" content=\"688\" \/>\n\t<meta property=\"og:image:height\" content=\"366\" \/>\n\t<meta property=\"og:image:type\" content=\"image\/jpeg\" \/>\n<meta name=\"author\" content=\"Blanca S\u00e1nchez\" \/>\n<meta name=\"twitter:card\" content=\"summary_large_image\" \/>\n<meta name=\"twitter:label1\" content=\"Written by\" \/>\n\t<meta name=\"twitter:data1\" content=\"Blanca S\u00e1nchez\" \/>\n\t<meta name=\"twitter:label2\" content=\"Est. reading time\" \/>\n\t<meta name=\"twitter:data2\" content=\"1 minutua\" \/>\n<script type=\"application\/ld+json\" class=\"yoast-schema-graph\">{\"@context\":\"https:\/\/schema.org\",\"@graph\":[{\"@type\":\"WebPage\",\"@id\":\"https:\/\/www.uaga.eus\/eu\/se-presentan-los-resultados-del-proyecto-de-cooperacion-remolachinn-que-ha-liderado-uaga\/\",\"url\":\"https:\/\/www.uaga.eus\/eu\/se-presentan-los-resultados-del-proyecto-de-cooperacion-remolachinn-que-ha-liderado-uaga\/\",\"name\":\"Se presentan los resultados del proyecto de cooperaci\u00f3n RemolachINN que ha liderado UAGA\u00a0 - UAGA\",\"isPartOf\":{\"@id\":\"https:\/\/www.uaga.eus\/#website\"},\"datePublished\":\"2021-04-16T10:44:20+00:00\",\"dateModified\":\"2021-04-16T10:49:11+00:00\",\"author\":{\"@id\":\"https:\/\/www.uaga.eus\/#\/schema\/person\/48c3cbf0f33d1b788226dbb6518689cf\"},\"breadcrumb\":{\"@id\":\"https:\/\/www.uaga.eus\/eu\/se-presentan-los-resultados-del-proyecto-de-cooperacion-remolachinn-que-ha-liderado-uaga\/#breadcrumb\"},\"inLanguage\":\"eu\",\"potentialAction\":[{\"@type\":\"ReadAction\",\"target\":[\"https:\/\/www.uaga.eus\/eu\/se-presentan-los-resultados-del-proyecto-de-cooperacion-remolachinn-que-ha-liderado-uaga\/\"]}]},{\"@type\":\"BreadcrumbList\",\"@id\":\"https:\/\/www.uaga.eus\/eu\/se-presentan-los-resultados-del-proyecto-de-cooperacion-remolachinn-que-ha-liderado-uaga\/#breadcrumb\",\"itemListElement\":[{\"@type\":\"ListItem\",\"position\":1,\"name\":\"Inicio\",\"item\":\"https:\/\/www.uaga.eus\/\"},{\"@type\":\"ListItem\",\"position\":2,\"name\":\"Se presentan los resultados del proyecto de cooperaci\u00f3n RemolachINN que ha liderado UAGA\u00a0\"}]},{\"@type\":\"WebSite\",\"@id\":\"https:\/\/www.uaga.eus\/#website\",\"url\":\"https:\/\/www.uaga.eus\/\",\"name\":\"UAGA\",\"description\":\"Uni\u00f3n Agroganadera de \u00c1lava - Araba Nekazarien Elkartea\",\"potentialAction\":[{\"@type\":\"SearchAction\",\"target\":{\"@type\":\"EntryPoint\",\"urlTemplate\":\"https:\/\/www.uaga.eus\/?s={search_term_string}\"},\"query-input\":\"required name=search_term_string\"}],\"inLanguage\":\"eu\"},{\"@type\":\"Person\",\"@id\":\"https:\/\/www.uaga.eus\/#\/schema\/person\/48c3cbf0f33d1b788226dbb6518689cf\",\"name\":\"Blanca S\u00e1nchez\",\"image\":{\"@type\":\"ImageObject\",\"inLanguage\":\"eu\",\"@id\":\"https:\/\/www.uaga.eus\/#\/schema\/person\/image\/\",\"url\":\"https:\/\/secure.gravatar.com\/avatar\/0dc91c20648254b1ce84877283f6751b?s=96&d=mm&r=g\",\"contentUrl\":\"https:\/\/secure.gravatar.com\/avatar\/0dc91c20648254b1ce84877283f6751b?s=96&d=mm&r=g\",\"caption\":\"Blanca S\u00e1nchez\"},\"url\":\"https:\/\/www.uaga.eus\/eu\/author\/bsanchez\/\"}]}<\/script>\n<!-- \/ Yoast SEO plugin. -->","yoast_head_json":{"title":"Se presentan los resultados del proyecto de cooperaci\u00f3n RemolachINN que ha liderado UAGA\u00a0 - UAGA","robots":{"index":"index","follow":"follow","max-snippet":"max-snippet:-1","max-image-preview":"max-image-preview:large","max-video-preview":"max-video-preview:-1"},"canonical":"https:\/\/www.uaga.eus\/eu\/se-presentan-los-resultados-del-proyecto-de-cooperacion-remolachinn-que-ha-liderado-uaga\/","og_locale":"en_US","og_type":"article","og_title":"Se presentan los resultados del proyecto de cooperaci\u00f3n RemolachINN que ha liderado UAGA\u00a0 - UAGA","og_description":"Durante la campa\u00f1a de 2020 se han realizado las tareas de campo del proyecto RemolachINN que ha liderado UAGA en cooperaci\u00f3n con NEIKER, AIRA, AGA S.Coop y varios agricultores. Por un lado, se han instalado trampas en parcelas de remolacha para realizar el seguimiento y monitorizaci\u00f3n de insectos, principalmente de pulgones, para conocer el momento [&hellip;]","og_url":"https:\/\/www.uaga.eus\/eu\/se-presentan-los-resultados-del-proyecto-de-cooperacion-remolachinn-que-ha-liderado-uaga\/","og_site_name":"UAGA","article_published_time":"2021-04-16T10:44:20+00:00","article_modified_time":"2021-04-16T10:49:11+00:00","og_image":[{"width":688,"height":366,"url":"https:\/\/www.uaga.eus\/wp-content\/uploads\/2021\/01\/remolacha-.jpg","type":"image\/jpeg"}],"author":"Blanca S\u00e1nchez","twitter_card":"summary_large_image","twitter_misc":{"Written by":"Blanca S\u00e1nchez","Est. reading time":"1 minutua"},"schema":{"@context":"https:\/\/schema.org","@graph":[{"@type":"WebPage","@id":"https:\/\/www.uaga.eus\/eu\/se-presentan-los-resultados-del-proyecto-de-cooperacion-remolachinn-que-ha-liderado-uaga\/","url":"https:\/\/www.uaga.eus\/eu\/se-presentan-los-resultados-del-proyecto-de-cooperacion-remolachinn-que-ha-liderado-uaga\/","name":"Se presentan los resultados del proyecto de cooperaci\u00f3n RemolachINN que ha liderado UAGA\u00a0 - UAGA","isPartOf":{"@id":"https:\/\/www.uaga.eus\/#website"},"datePublished":"2021-04-16T10:44:20+00:00","dateModified":"2021-04-16T10:49:11+00:00","author":{"@id":"https:\/\/www.uaga.eus\/#\/schema\/person\/48c3cbf0f33d1b788226dbb6518689cf"},"breadcrumb":{"@id":"https:\/\/www.uaga.eus\/eu\/se-presentan-los-resultados-del-proyecto-de-cooperacion-remolachinn-que-ha-liderado-uaga\/#breadcrumb"},"inLanguage":"eu","potentialAction":[{"@type":"ReadAction","target":["https:\/\/www.uaga.eus\/eu\/se-presentan-los-resultados-del-proyecto-de-cooperacion-remolachinn-que-ha-liderado-uaga\/"]}]},{"@type":"BreadcrumbList","@id":"https:\/\/www.uaga.eus\/eu\/se-presentan-los-resultados-del-proyecto-de-cooperacion-remolachinn-que-ha-liderado-uaga\/#breadcrumb","itemListElement":[{"@type":"ListItem","position":1,"name":"Inicio","item":"https:\/\/www.uaga.eus\/"},{"@type":"ListItem","position":2,"name":"Se presentan los resultados del proyecto de cooperaci\u00f3n RemolachINN que ha liderado UAGA\u00a0"}]},{"@type":"WebSite","@id":"https:\/\/www.uaga.eus\/#website","url":"https:\/\/www.uaga.eus\/","name":"UAGA","description":"Uni\u00f3n Agroganadera de \u00c1lava - Araba Nekazarien Elkartea","potentialAction":[{"@type":"SearchAction","target":{"@type":"EntryPoint","urlTemplate":"https:\/\/www.uaga.eus\/?s={search_term_string}"},"query-input":"required name=search_term_string"}],"inLanguage":"eu"},{"@type":"Person","@id":"https:\/\/www.uaga.eus\/#\/schema\/person\/48c3cbf0f33d1b788226dbb6518689cf","name":"Blanca S\u00e1nchez","image":{"@type":"ImageObject","inLanguage":"eu","@id":"https:\/\/www.uaga.eus\/#\/schema\/person\/image\/","url":"https:\/\/secure.gravatar.com\/avatar\/0dc91c20648254b1ce84877283f6751b?s=96&d=mm&r=g","contentUrl":"https:\/\/secure.gravatar.com\/avatar\/0dc91c20648254b1ce84877283f6751b?s=96&d=mm&r=g","caption":"Blanca S\u00e1nchez"},"url":"https:\/\/www.uaga.eus\/eu\/author\/bsanchez\/"}]}},"_links":{"self":[{"href":"https:\/\/www.uaga.eus\/eu\/wp-json\/wp\/v2\/posts\/8830"}],"collection":[{"href":"https:\/\/www.uaga.eus\/eu\/wp-json\/wp\/v2\/posts"}],"about":[{"href":"https:\/\/www.uaga.eus\/eu\/wp-json\/wp\/v2\/types\/post"}],"author":[{"embeddable":true,"href":"https:\/\/www.uaga.eus\/eu\/wp-json\/wp\/v2\/users\/4"}],"replies":[{"embeddable":true,"href":"https:\/\/www.uaga.eus\/eu\/wp-json\/wp\/v2\/comments?post=8830"}],"version-history":[{"count":1,"href":"https:\/\/www.uaga.eus\/eu\/wp-json\/wp\/v2\/posts\/8830\/revisions"}],"predecessor-version":[{"id":8831,"href":"https:\/\/www.uaga.eus\/eu\/wp-json\/wp\/v2\/posts\/8830\/revisions\/8831"}],"wp:featuredmedia":[{"embeddable":true,"href":"https:\/\/www.uaga.eus\/eu\/wp-json\/wp\/v2\/media\/8469"}],"wp:attachment":[{"href":"https:\/\/www.uaga.eus\/eu\/wp-json\/wp\/v2\/media?parent=8830"}],"wp:term":[{"taxonomy":"category","embeddable":true,"href":"https:\/\/www.uaga.eus\/eu\/wp-json\/wp\/v2\/categories?post=8830"},{"taxonomy":"post_tag","embeddable":true,"href":"https:\/\/www.uaga.eus\/eu\/wp-json\/wp\/v2\/tags?post=8830"}],"curies":[{"name":"wp","href":"https:\/\/api.w.org\/{rel}","templated":true}]}}