{"id":8828,"date":"2021-04-16T10:43:08","date_gmt":"2021-04-16T10:43:08","guid":{"rendered":"https:\/\/www.uaga.eus\/?p=8828"},"modified":"2021-04-16T10:43:08","modified_gmt":"2021-04-16T10:43:08","slug":"la-doc-rioja-presenta-su-plan-estrategico-para-el-periodo-2021-2025","status":"publish","type":"post","link":"https:\/\/www.uaga.eus\/eu\/la-doc-rioja-presenta-su-plan-estrategico-para-el-periodo-2021-2025\/","title":{"rendered":"La DOC Rioja presenta su Plan estrat\u00e9gico para el per\u00edodo 2021-2025"},"content":{"rendered":"<p>La DOC Rioja acaba de presentar su Plan Estrat\u00e9gico para los pr\u00f3ximos cinco a\u00f1os, 2021-2025, centrado en la revalorizaci\u00f3n de su marca, acelerar su crecimiento internacional y posicionarse como una de las regiones vitivin\u00edcolas m\u00e1s reconocidas del mundo.<\/p>\n<p>El plan ha sido elaborado a partir de un <strong>proceso de an\u00e1lisis y reflexi\u00f3n durante 2020 en el que ha participado UAGA<\/strong> as\u00ed como los grupos de inter\u00e9s representantes de toda la cadena de valor y\u00a0 los agentes y expertos de la industria en sus 12 principales mercados internacionales.<\/p>\n<p>Establece como nueva visi\u00f3n para la DOC RIOJA <strong>posicionarse como una de las regiones vitivin\u00edcolas mundiales m\u00e1s reconocidas por su calidad, singularidad y sostenibilidad<\/strong>, que logre seducir a los consumidores nacionales e internacionales.<\/p>\n<p>Los <strong>ejes de actuaci\u00f3n<\/strong> del plan son los siguientes:<\/p>\n<ul>\n<li>revalorizar la marca y el producto<\/li>\n<li>liderar en sostenibilidad<\/li>\n<li>potenciar el enoturismo<\/li>\n<li>impulsar la digitalizaci\u00f3n, la innovaci\u00f3n, la colaboraci\u00f3n y el conocimiento<\/li>\n<li>procurar el equilibrio rentable e incentivar la calidad<\/li>\n<li>establecer mecanismos de mitigaci\u00f3n de riesgos<\/li>\n<\/ul>\n<p>La\u00a0<a href=\"https:\/\/www.riojawine.com\/\" data-cke-saved-href=\"https:\/\/www.riojawine.com\/\">D.O.Ca. Rioja<\/a> ante el auge de los <strong>canales digitales<\/strong>, tiene como objetivo\u00a0cuadriplicar en los pr\u00f3ximos cinco a\u00f1os el peso del canal online en sus ventas, centrando sus esfuerzos a trav\u00e9s de programas de formaci\u00f3n espec\u00edficos para mejorar la gesti\u00f3n de esta canal por parte de las bodegas, y en buscar alianzas con plataformas que faciliten el acceso de las bodegas de Rioja a los canales online, especialmente en los mercados de exportaci\u00f3n.<\/p>\n<p>Puedes consultar <a href=\"https:\/\/www.riojawine.com\/wp-content\/uploads\/2021\/03\/Plan-Estrate%CC%81gico-DOCa-Rioja_Presentacion_2021.03.29.pdf\" target=\"_blank\" rel=\"noopener\" data-cke-saved-href=\"https:\/\/www.riojawine.com\/wp-content\/uploads\/2021\/03\/Plan-Estrate%CC%81gico-DOCa-Rioja_Presentacion_2021.03.29.pdf\">aqu\u00ed<\/a> el Plan Estrat\u00e9gico.<br \/>\n+info NURIA: 661 595 811<\/p>\n","protected":false},"excerpt":{"rendered":"<p>La DOC Rioja acaba de presentar su Plan Estrat\u00e9gico para los pr\u00f3ximos cinco a\u00f1os, 2021-2025, centrado en la revalorizaci\u00f3n de su marca, acelerar su crecimiento internacional y posicionarse como una de las regiones vitivin\u00edcolas m\u00e1s reconocidas del mundo. El plan ha sido elaborado a partir de un proceso de an\u00e1lisis y reflexi\u00f3n durante 2020 en [&hellip;]<\/p>\n","protected":false},"author":4,"featured_media":4461,"comment_status":"closed","ping_status":"closed","sticky":false,"template":"","format":"standard","meta":{"footnotes":""},"categories":[7,12],"tags":[],"yoast_head":"<!-- This site is optimized with the Yoast SEO plugin v21.5 - https:\/\/yoast.com\/wordpress\/plugins\/seo\/ -->\n<title>La DOC Rioja presenta su Plan estrat\u00e9gico para el per\u00edodo 2021-2025 - UAGA<\/title>\n<meta name=\"robots\" content=\"index, follow, max-snippet:-1, max-image-preview:large, max-video-preview:-1\" \/>\n<link rel=\"canonical\" href=\"https:\/\/www.uaga.eus\/la-doc-rioja-presenta-su-plan-estrategico-para-el-periodo-2021-2025\/\" \/>\n<meta property=\"og:locale\" content=\"en_US\" \/>\n<meta property=\"og:type\" content=\"article\" \/>\n<meta property=\"og:title\" content=\"La DOC Rioja presenta su Plan estrat\u00e9gico para el per\u00edodo 2021-2025 - UAGA\" \/>\n<meta property=\"og:description\" content=\"La DOC Rioja acaba de presentar su Plan Estrat\u00e9gico para los pr\u00f3ximos cinco a\u00f1os, 2021-2025, centrado en la revalorizaci\u00f3n de su marca, acelerar su crecimiento internacional y posicionarse como una de las regiones vitivin\u00edcolas m\u00e1s reconocidas del mundo. El plan ha sido elaborado a partir de un proceso de an\u00e1lisis y reflexi\u00f3n durante 2020 en [&hellip;]\" \/>\n<meta property=\"og:url\" content=\"https:\/\/www.uaga.eus\/la-doc-rioja-presenta-su-plan-estrategico-para-el-periodo-2021-2025\/\" \/>\n<meta property=\"og:site_name\" content=\"UAGA\" \/>\n<meta property=\"article:published_time\" content=\"2021-04-16T10:43:08+00:00\" \/>\n<meta property=\"og:image\" content=\"https:\/\/www.uaga.eus\/wp-content\/uploads\/2018\/09\/800px-Etiqueta_Rioja_DOCa-e1537526956758.jpg\" \/>\n\t<meta property=\"og:image:width\" content=\"700\" \/>\n\t<meta property=\"og:image:height\" content=\"285\" \/>\n\t<meta property=\"og:image:type\" content=\"image\/jpeg\" \/>\n<meta name=\"author\" content=\"Blanca S\u00e1nchez\" \/>\n<meta name=\"twitter:card\" content=\"summary_large_image\" \/>\n<meta name=\"twitter:label1\" content=\"Written by\" \/>\n\t<meta name=\"twitter:data1\" content=\"Blanca S\u00e1nchez\" \/>\n\t<meta name=\"twitter:label2\" content=\"Est. reading time\" \/>\n\t<meta name=\"twitter:data2\" content=\"1 minutua\" \/>\n<script type=\"application\/ld+json\" class=\"yoast-schema-graph\">{\"@context\":\"https:\/\/schema.org\",\"@graph\":[{\"@type\":\"WebPage\",\"@id\":\"https:\/\/www.uaga.eus\/la-doc-rioja-presenta-su-plan-estrategico-para-el-periodo-2021-2025\/\",\"url\":\"https:\/\/www.uaga.eus\/la-doc-rioja-presenta-su-plan-estrategico-para-el-periodo-2021-2025\/\",\"name\":\"La DOC Rioja presenta su Plan estrat\u00e9gico para el per\u00edodo 2021-2025 - UAGA\",\"isPartOf\":{\"@id\":\"https:\/\/www.uaga.eus\/#website\"},\"datePublished\":\"2021-04-16T10:43:08+00:00\",\"dateModified\":\"2021-04-16T10:43:08+00:00\",\"author\":{\"@id\":\"https:\/\/www.uaga.eus\/#\/schema\/person\/48c3cbf0f33d1b788226dbb6518689cf\"},\"breadcrumb\":{\"@id\":\"https:\/\/www.uaga.eus\/la-doc-rioja-presenta-su-plan-estrategico-para-el-periodo-2021-2025\/#breadcrumb\"},\"inLanguage\":\"eu\",\"potentialAction\":[{\"@type\":\"ReadAction\",\"target\":[\"https:\/\/www.uaga.eus\/la-doc-rioja-presenta-su-plan-estrategico-para-el-periodo-2021-2025\/\"]}]},{\"@type\":\"BreadcrumbList\",\"@id\":\"https:\/\/www.uaga.eus\/la-doc-rioja-presenta-su-plan-estrategico-para-el-periodo-2021-2025\/#breadcrumb\",\"itemListElement\":[{\"@type\":\"ListItem\",\"position\":1,\"name\":\"Inicio\",\"item\":\"https:\/\/www.uaga.eus\/\"},{\"@type\":\"ListItem\",\"position\":2,\"name\":\"La DOC Rioja presenta su Plan estrat\u00e9gico para el per\u00edodo 2021-2025\"}]},{\"@type\":\"WebSite\",\"@id\":\"https:\/\/www.uaga.eus\/#website\",\"url\":\"https:\/\/www.uaga.eus\/\",\"name\":\"UAGA\",\"description\":\"Uni\u00f3n Agroganadera de \u00c1lava - Araba Nekazarien Elkartea\",\"potentialAction\":[{\"@type\":\"SearchAction\",\"target\":{\"@type\":\"EntryPoint\",\"urlTemplate\":\"https:\/\/www.uaga.eus\/?s={search_term_string}\"},\"query-input\":\"required name=search_term_string\"}],\"inLanguage\":\"eu\"},{\"@type\":\"Person\",\"@id\":\"https:\/\/www.uaga.eus\/#\/schema\/person\/48c3cbf0f33d1b788226dbb6518689cf\",\"name\":\"Blanca S\u00e1nchez\",\"image\":{\"@type\":\"ImageObject\",\"inLanguage\":\"eu\",\"@id\":\"https:\/\/www.uaga.eus\/#\/schema\/person\/image\/\",\"url\":\"https:\/\/secure.gravatar.com\/avatar\/0dc91c20648254b1ce84877283f6751b?s=96&d=mm&r=g\",\"contentUrl\":\"https:\/\/secure.gravatar.com\/avatar\/0dc91c20648254b1ce84877283f6751b?s=96&d=mm&r=g\",\"caption\":\"Blanca S\u00e1nchez\"},\"url\":\"https:\/\/www.uaga.eus\/eu\/author\/bsanchez\/\"}]}<\/script>\n<!-- \/ Yoast SEO plugin. -->","yoast_head_json":{"title":"La DOC Rioja presenta su Plan estrat\u00e9gico para el per\u00edodo 2021-2025 - UAGA","robots":{"index":"index","follow":"follow","max-snippet":"max-snippet:-1","max-image-preview":"max-image-preview:large","max-video-preview":"max-video-preview:-1"},"canonical":"https:\/\/www.uaga.eus\/la-doc-rioja-presenta-su-plan-estrategico-para-el-periodo-2021-2025\/","og_locale":"en_US","og_type":"article","og_title":"La DOC Rioja presenta su Plan estrat\u00e9gico para el per\u00edodo 2021-2025 - UAGA","og_description":"La DOC Rioja acaba de presentar su Plan Estrat\u00e9gico para los pr\u00f3ximos cinco a\u00f1os, 2021-2025, centrado en la revalorizaci\u00f3n de su marca, acelerar su crecimiento internacional y posicionarse como una de las regiones vitivin\u00edcolas m\u00e1s reconocidas del mundo. El plan ha sido elaborado a partir de un proceso de an\u00e1lisis y reflexi\u00f3n durante 2020 en [&hellip;]","og_url":"https:\/\/www.uaga.eus\/la-doc-rioja-presenta-su-plan-estrategico-para-el-periodo-2021-2025\/","og_site_name":"UAGA","article_published_time":"2021-04-16T10:43:08+00:00","og_image":[{"width":700,"height":285,"url":"https:\/\/www.uaga.eus\/wp-content\/uploads\/2018\/09\/800px-Etiqueta_Rioja_DOCa-e1537526956758.jpg","type":"image\/jpeg"}],"author":"Blanca S\u00e1nchez","twitter_card":"summary_large_image","twitter_misc":{"Written by":"Blanca S\u00e1nchez","Est. reading time":"1 minutua"},"schema":{"@context":"https:\/\/schema.org","@graph":[{"@type":"WebPage","@id":"https:\/\/www.uaga.eus\/la-doc-rioja-presenta-su-plan-estrategico-para-el-periodo-2021-2025\/","url":"https:\/\/www.uaga.eus\/la-doc-rioja-presenta-su-plan-estrategico-para-el-periodo-2021-2025\/","name":"La DOC Rioja presenta su Plan estrat\u00e9gico para el per\u00edodo 2021-2025 - UAGA","isPartOf":{"@id":"https:\/\/www.uaga.eus\/#website"},"datePublished":"2021-04-16T10:43:08+00:00","dateModified":"2021-04-16T10:43:08+00:00","author":{"@id":"https:\/\/www.uaga.eus\/#\/schema\/person\/48c3cbf0f33d1b788226dbb6518689cf"},"breadcrumb":{"@id":"https:\/\/www.uaga.eus\/la-doc-rioja-presenta-su-plan-estrategico-para-el-periodo-2021-2025\/#breadcrumb"},"inLanguage":"eu","potentialAction":[{"@type":"ReadAction","target":["https:\/\/www.uaga.eus\/la-doc-rioja-presenta-su-plan-estrategico-para-el-periodo-2021-2025\/"]}]},{"@type":"BreadcrumbList","@id":"https:\/\/www.uaga.eus\/la-doc-rioja-presenta-su-plan-estrategico-para-el-periodo-2021-2025\/#breadcrumb","itemListElement":[{"@type":"ListItem","position":1,"name":"Inicio","item":"https:\/\/www.uaga.eus\/"},{"@type":"ListItem","position":2,"name":"La DOC Rioja presenta su Plan estrat\u00e9gico para el per\u00edodo 2021-2025"}]},{"@type":"WebSite","@id":"https:\/\/www.uaga.eus\/#website","url":"https:\/\/www.uaga.eus\/","name":"UAGA","description":"Uni\u00f3n Agroganadera de \u00c1lava - Araba Nekazarien Elkartea","potentialAction":[{"@type":"SearchAction","target":{"@type":"EntryPoint","urlTemplate":"https:\/\/www.uaga.eus\/?s={search_term_string}"},"query-input":"required name=search_term_string"}],"inLanguage":"eu"},{"@type":"Person","@id":"https:\/\/www.uaga.eus\/#\/schema\/person\/48c3cbf0f33d1b788226dbb6518689cf","name":"Blanca S\u00e1nchez","image":{"@type":"ImageObject","inLanguage":"eu","@id":"https:\/\/www.uaga.eus\/#\/schema\/person\/image\/","url":"https:\/\/secure.gravatar.com\/avatar\/0dc91c20648254b1ce84877283f6751b?s=96&d=mm&r=g","contentUrl":"https:\/\/secure.gravatar.com\/avatar\/0dc91c20648254b1ce84877283f6751b?s=96&d=mm&r=g","caption":"Blanca S\u00e1nchez"},"url":"https:\/\/www.uaga.eus\/eu\/author\/bsanchez\/"}]}},"_links":{"self":[{"href":"https:\/\/www.uaga.eus\/eu\/wp-json\/wp\/v2\/posts\/8828"}],"collection":[{"href":"https:\/\/www.uaga.eus\/eu\/wp-json\/wp\/v2\/posts"}],"about":[{"href":"https:\/\/www.uaga.eus\/eu\/wp-json\/wp\/v2\/types\/post"}],"author":[{"embeddable":true,"href":"https:\/\/www.uaga.eus\/eu\/wp-json\/wp\/v2\/users\/4"}],"replies":[{"embeddable":true,"href":"https:\/\/www.uaga.eus\/eu\/wp-json\/wp\/v2\/comments?post=8828"}],"version-history":[{"count":1,"href":"https:\/\/www.uaga.eus\/eu\/wp-json\/wp\/v2\/posts\/8828\/revisions"}],"predecessor-version":[{"id":8829,"href":"https:\/\/www.uaga.eus\/eu\/wp-json\/wp\/v2\/posts\/8828\/revisions\/8829"}],"wp:featuredmedia":[{"embeddable":true,"href":"https:\/\/www.uaga.eus\/eu\/wp-json\/wp\/v2\/media\/4461"}],"wp:attachment":[{"href":"https:\/\/www.uaga.eus\/eu\/wp-json\/wp\/v2\/media?parent=8828"}],"wp:term":[{"taxonomy":"category","embeddable":true,"href":"https:\/\/www.uaga.eus\/eu\/wp-json\/wp\/v2\/categories?post=8828"},{"taxonomy":"post_tag","embeddable":true,"href":"https:\/\/www.uaga.eus\/eu\/wp-json\/wp\/v2\/tags?post=8828"}],"curies":[{"name":"wp","href":"https:\/\/api.w.org\/{rel}","templated":true}]}}