{"id":8824,"date":"2021-04-16T10:36:47","date_gmt":"2021-04-16T10:36:47","guid":{"rendered":"https:\/\/www.uaga.eus\/?p=8824"},"modified":"2021-04-16T10:40:23","modified_gmt":"2021-04-16T10:40:23","slug":"abierto-el-plazo-de-presentacion-de-ayudas-para-la-gestion-de-recursos-hidricos-hasta-el-13-de-mayo-destinadas-a-las-comunidades-de-regantes","status":"publish","type":"post","link":"https:\/\/www.uaga.eus\/eu\/abierto-el-plazo-de-presentacion-de-ayudas-para-la-gestion-de-recursos-hidricos-hasta-el-13-de-mayo-destinadas-a-las-comunidades-de-regantes\/","title":{"rendered":"Abierto el plazo de presentaci\u00f3n de ayudas para la gesti\u00f3n de recursos h\u00eddricos hasta el 13 de mayo, destinadas a las Comunidades de Regantes"},"content":{"rendered":"<p>La Diputaci\u00f3n Foral de \u00c1lava ha publicado esta semana convocatoria de\u00a0ayudas destinadas a la gesti\u00f3n de recursos h\u00eddricos agr\u00edcolas en el marco del Programa de\u00a0Desarrollo Rural del Pa\u00eds Vasco 2015-2020.<\/p>\n<p>Estas ayudas, destinadas a las Comunidades de Regantes, se regulan en el Decreto Foral\u00a0<a href=\"https:\/\/www.araba.eus\/BOTHA\/Boletines\/2016\/083\/2016_083_02654_C.pdf\" target=\"_blank\" rel=\"noopener\" data-cke-saved-href=\"https:\/\/www.araba.eus\/BOTHA\/Boletines\/2016\/083\/2016_083_02654_C.pdf\">51\/2016<\/a>\u00a0y en una modificaci\u00f3n posterior, el Decreto Foral\u00a0<a href=\"https:\/\/www.araba.eus\/botha\/Boletines\/2018\/060\/2018_060_01895_C.pdf\" target=\"_blank\" rel=\"noopener\" data-cke-saved-href=\"https:\/\/www.araba.eus\/botha\/Boletines\/2018\/060\/2018_060_01895_C.pdf\">22\/2018<\/a>.<\/p>\n<p>Cada\u00a0comunidad de regantes podr\u00e1\u00a0presentar solicitud de ayuda como\u00a0m\u00e1ximo para dos actuaciones, entendiendo que la solicitada en primer lugar es la que considera\u00a0prioritaria.<\/p>\n<p>El plazo de\u00a0presentaci\u00f3n de\u00a0solicitudes finaliza el 13 de mayo.<\/p>\n<p>Puedes consultar la convocatoria en este <a href=\"https:\/\/www.araba.eus\/botha\/Boletines\/2021\/039\/2021_039_01040_C.pdf\" target=\"_blank\" rel=\"noopener\" data-cke-saved-href=\"https:\/\/www.araba.eus\/botha\/Boletines\/2021\/039\/2021_039_01040_C.pdf\">enlace<\/a>.<\/p>\n<p>+ INFO SUGOI: 675 707 696<\/p>\n","protected":false},"excerpt":{"rendered":"<p>La Diputaci\u00f3n Foral de \u00c1lava ha publicado esta semana convocatoria de\u00a0ayudas destinadas a la gesti\u00f3n de recursos h\u00eddricos agr\u00edcolas en el marco del Programa de\u00a0Desarrollo Rural del Pa\u00eds Vasco 2015-2020. Estas ayudas, destinadas a las Comunidades de Regantes, se regulan en el Decreto Foral\u00a051\/2016\u00a0y en una modificaci\u00f3n posterior, el Decreto Foral\u00a022\/2018. Cada\u00a0comunidad de regantes podr\u00e1\u00a0presentar [&hellip;]<\/p>\n","protected":false},"author":4,"featured_media":7791,"comment_status":"closed","ping_status":"closed","sticky":false,"template":"","format":"standard","meta":{"footnotes":""},"categories":[5],"tags":[],"yoast_head":"<!-- This site is optimized with the Yoast SEO plugin v21.5 - https:\/\/yoast.com\/wordpress\/plugins\/seo\/ -->\n<title>Abierto el plazo de presentaci\u00f3n de ayudas para la gesti\u00f3n de recursos h\u00eddricos hasta el 13 de mayo, destinadas a las Comunidades de Regantes - UAGA<\/title>\n<meta name=\"robots\" content=\"index, follow, max-snippet:-1, max-image-preview:large, max-video-preview:-1\" \/>\n<link rel=\"canonical\" href=\"https:\/\/www.uaga.eus\/abierto-el-plazo-de-presentacion-de-ayudas-para-la-gestion-de-recursos-hidricos-hasta-el-13-de-mayo-destinadas-a-las-comunidades-de-regantes\/\" \/>\n<meta property=\"og:locale\" content=\"en_US\" \/>\n<meta property=\"og:type\" content=\"article\" \/>\n<meta property=\"og:title\" content=\"Abierto el plazo de presentaci\u00f3n de ayudas para la gesti\u00f3n de recursos h\u00eddricos hasta el 13 de mayo, destinadas a las Comunidades de Regantes - UAGA\" \/>\n<meta property=\"og:description\" content=\"La Diputaci\u00f3n Foral de \u00c1lava ha publicado esta semana convocatoria de\u00a0ayudas destinadas a la gesti\u00f3n de recursos h\u00eddricos agr\u00edcolas en el marco del Programa de\u00a0Desarrollo Rural del Pa\u00eds Vasco 2015-2020. Estas ayudas, destinadas a las Comunidades de Regantes, se regulan en el Decreto Foral\u00a051\/2016\u00a0y en una modificaci\u00f3n posterior, el Decreto Foral\u00a022\/2018. Cada\u00a0comunidad de regantes podr\u00e1\u00a0presentar [&hellip;]\" \/>\n<meta property=\"og:url\" content=\"https:\/\/www.uaga.eus\/abierto-el-plazo-de-presentacion-de-ayudas-para-la-gestion-de-recursos-hidricos-hasta-el-13-de-mayo-destinadas-a-las-comunidades-de-regantes\/\" \/>\n<meta property=\"og:site_name\" content=\"UAGA\" \/>\n<meta property=\"article:published_time\" content=\"2021-04-16T10:36:47+00:00\" \/>\n<meta property=\"article:modified_time\" content=\"2021-04-16T10:40:23+00:00\" \/>\n<meta property=\"og:image\" content=\"https:\/\/www.uaga.eus\/wp-content\/uploads\/2020\/07\/balsa-riego-valles-alaveses2-1.jpg\" \/>\n\t<meta property=\"og:image:width\" content=\"650\" \/>\n\t<meta property=\"og:image:height\" content=\"347\" \/>\n\t<meta property=\"og:image:type\" content=\"image\/jpeg\" \/>\n<meta name=\"author\" content=\"Blanca S\u00e1nchez\" \/>\n<meta name=\"twitter:card\" content=\"summary_large_image\" \/>\n<meta name=\"twitter:label1\" content=\"Written by\" \/>\n\t<meta name=\"twitter:data1\" content=\"Blanca S\u00e1nchez\" \/>\n\t<meta name=\"twitter:label2\" content=\"Est. reading time\" \/>\n\t<meta name=\"twitter:data2\" content=\"1 minutua\" \/>\n<script type=\"application\/ld+json\" class=\"yoast-schema-graph\">{\"@context\":\"https:\/\/schema.org\",\"@graph\":[{\"@type\":\"WebPage\",\"@id\":\"https:\/\/www.uaga.eus\/abierto-el-plazo-de-presentacion-de-ayudas-para-la-gestion-de-recursos-hidricos-hasta-el-13-de-mayo-destinadas-a-las-comunidades-de-regantes\/\",\"url\":\"https:\/\/www.uaga.eus\/abierto-el-plazo-de-presentacion-de-ayudas-para-la-gestion-de-recursos-hidricos-hasta-el-13-de-mayo-destinadas-a-las-comunidades-de-regantes\/\",\"name\":\"Abierto el plazo de presentaci\u00f3n de ayudas para la gesti\u00f3n de recursos h\u00eddricos hasta el 13 de mayo, destinadas a las Comunidades de Regantes - UAGA\",\"isPartOf\":{\"@id\":\"https:\/\/www.uaga.eus\/#website\"},\"datePublished\":\"2021-04-16T10:36:47+00:00\",\"dateModified\":\"2021-04-16T10:40:23+00:00\",\"author\":{\"@id\":\"https:\/\/www.uaga.eus\/#\/schema\/person\/48c3cbf0f33d1b788226dbb6518689cf\"},\"breadcrumb\":{\"@id\":\"https:\/\/www.uaga.eus\/abierto-el-plazo-de-presentacion-de-ayudas-para-la-gestion-de-recursos-hidricos-hasta-el-13-de-mayo-destinadas-a-las-comunidades-de-regantes\/#breadcrumb\"},\"inLanguage\":\"eu\",\"potentialAction\":[{\"@type\":\"ReadAction\",\"target\":[\"https:\/\/www.uaga.eus\/abierto-el-plazo-de-presentacion-de-ayudas-para-la-gestion-de-recursos-hidricos-hasta-el-13-de-mayo-destinadas-a-las-comunidades-de-regantes\/\"]}]},{\"@type\":\"BreadcrumbList\",\"@id\":\"https:\/\/www.uaga.eus\/abierto-el-plazo-de-presentacion-de-ayudas-para-la-gestion-de-recursos-hidricos-hasta-el-13-de-mayo-destinadas-a-las-comunidades-de-regantes\/#breadcrumb\",\"itemListElement\":[{\"@type\":\"ListItem\",\"position\":1,\"name\":\"Inicio\",\"item\":\"https:\/\/www.uaga.eus\/\"},{\"@type\":\"ListItem\",\"position\":2,\"name\":\"Abierto el plazo de presentaci\u00f3n de ayudas para la gesti\u00f3n de recursos h\u00eddricos hasta el 13 de mayo, destinadas a las Comunidades de Regantes\"}]},{\"@type\":\"WebSite\",\"@id\":\"https:\/\/www.uaga.eus\/#website\",\"url\":\"https:\/\/www.uaga.eus\/\",\"name\":\"UAGA\",\"description\":\"Uni\u00f3n Agroganadera de \u00c1lava - Araba Nekazarien Elkartea\",\"potentialAction\":[{\"@type\":\"SearchAction\",\"target\":{\"@type\":\"EntryPoint\",\"urlTemplate\":\"https:\/\/www.uaga.eus\/?s={search_term_string}\"},\"query-input\":\"required name=search_term_string\"}],\"inLanguage\":\"eu\"},{\"@type\":\"Person\",\"@id\":\"https:\/\/www.uaga.eus\/#\/schema\/person\/48c3cbf0f33d1b788226dbb6518689cf\",\"name\":\"Blanca S\u00e1nchez\",\"image\":{\"@type\":\"ImageObject\",\"inLanguage\":\"eu\",\"@id\":\"https:\/\/www.uaga.eus\/#\/schema\/person\/image\/\",\"url\":\"https:\/\/secure.gravatar.com\/avatar\/0dc91c20648254b1ce84877283f6751b?s=96&d=mm&r=g\",\"contentUrl\":\"https:\/\/secure.gravatar.com\/avatar\/0dc91c20648254b1ce84877283f6751b?s=96&d=mm&r=g\",\"caption\":\"Blanca S\u00e1nchez\"},\"url\":\"https:\/\/www.uaga.eus\/eu\/author\/bsanchez\/\"}]}<\/script>\n<!-- \/ Yoast SEO plugin. -->","yoast_head_json":{"title":"Abierto el plazo de presentaci\u00f3n de ayudas para la gesti\u00f3n de recursos h\u00eddricos hasta el 13 de mayo, destinadas a las Comunidades de Regantes - UAGA","robots":{"index":"index","follow":"follow","max-snippet":"max-snippet:-1","max-image-preview":"max-image-preview:large","max-video-preview":"max-video-preview:-1"},"canonical":"https:\/\/www.uaga.eus\/abierto-el-plazo-de-presentacion-de-ayudas-para-la-gestion-de-recursos-hidricos-hasta-el-13-de-mayo-destinadas-a-las-comunidades-de-regantes\/","og_locale":"en_US","og_type":"article","og_title":"Abierto el plazo de presentaci\u00f3n de ayudas para la gesti\u00f3n de recursos h\u00eddricos hasta el 13 de mayo, destinadas a las Comunidades de Regantes - UAGA","og_description":"La Diputaci\u00f3n Foral de \u00c1lava ha publicado esta semana convocatoria de\u00a0ayudas destinadas a la gesti\u00f3n de recursos h\u00eddricos agr\u00edcolas en el marco del Programa de\u00a0Desarrollo Rural del Pa\u00eds Vasco 2015-2020. Estas ayudas, destinadas a las Comunidades de Regantes, se regulan en el Decreto Foral\u00a051\/2016\u00a0y en una modificaci\u00f3n posterior, el Decreto Foral\u00a022\/2018. Cada\u00a0comunidad de regantes podr\u00e1\u00a0presentar [&hellip;]","og_url":"https:\/\/www.uaga.eus\/abierto-el-plazo-de-presentacion-de-ayudas-para-la-gestion-de-recursos-hidricos-hasta-el-13-de-mayo-destinadas-a-las-comunidades-de-regantes\/","og_site_name":"UAGA","article_published_time":"2021-04-16T10:36:47+00:00","article_modified_time":"2021-04-16T10:40:23+00:00","og_image":[{"width":650,"height":347,"url":"https:\/\/www.uaga.eus\/wp-content\/uploads\/2020\/07\/balsa-riego-valles-alaveses2-1.jpg","type":"image\/jpeg"}],"author":"Blanca S\u00e1nchez","twitter_card":"summary_large_image","twitter_misc":{"Written by":"Blanca S\u00e1nchez","Est. reading time":"1 minutua"},"schema":{"@context":"https:\/\/schema.org","@graph":[{"@type":"WebPage","@id":"https:\/\/www.uaga.eus\/abierto-el-plazo-de-presentacion-de-ayudas-para-la-gestion-de-recursos-hidricos-hasta-el-13-de-mayo-destinadas-a-las-comunidades-de-regantes\/","url":"https:\/\/www.uaga.eus\/abierto-el-plazo-de-presentacion-de-ayudas-para-la-gestion-de-recursos-hidricos-hasta-el-13-de-mayo-destinadas-a-las-comunidades-de-regantes\/","name":"Abierto el plazo de presentaci\u00f3n de ayudas para la gesti\u00f3n de recursos h\u00eddricos hasta el 13 de mayo, destinadas a las Comunidades de Regantes - UAGA","isPartOf":{"@id":"https:\/\/www.uaga.eus\/#website"},"datePublished":"2021-04-16T10:36:47+00:00","dateModified":"2021-04-16T10:40:23+00:00","author":{"@id":"https:\/\/www.uaga.eus\/#\/schema\/person\/48c3cbf0f33d1b788226dbb6518689cf"},"breadcrumb":{"@id":"https:\/\/www.uaga.eus\/abierto-el-plazo-de-presentacion-de-ayudas-para-la-gestion-de-recursos-hidricos-hasta-el-13-de-mayo-destinadas-a-las-comunidades-de-regantes\/#breadcrumb"},"inLanguage":"eu","potentialAction":[{"@type":"ReadAction","target":["https:\/\/www.uaga.eus\/abierto-el-plazo-de-presentacion-de-ayudas-para-la-gestion-de-recursos-hidricos-hasta-el-13-de-mayo-destinadas-a-las-comunidades-de-regantes\/"]}]},{"@type":"BreadcrumbList","@id":"https:\/\/www.uaga.eus\/abierto-el-plazo-de-presentacion-de-ayudas-para-la-gestion-de-recursos-hidricos-hasta-el-13-de-mayo-destinadas-a-las-comunidades-de-regantes\/#breadcrumb","itemListElement":[{"@type":"ListItem","position":1,"name":"Inicio","item":"https:\/\/www.uaga.eus\/"},{"@type":"ListItem","position":2,"name":"Abierto el plazo de presentaci\u00f3n de ayudas para la gesti\u00f3n de recursos h\u00eddricos hasta el 13 de mayo, destinadas a las Comunidades de Regantes"}]},{"@type":"WebSite","@id":"https:\/\/www.uaga.eus\/#website","url":"https:\/\/www.uaga.eus\/","name":"UAGA","description":"Uni\u00f3n Agroganadera de \u00c1lava - Araba Nekazarien Elkartea","potentialAction":[{"@type":"SearchAction","target":{"@type":"EntryPoint","urlTemplate":"https:\/\/www.uaga.eus\/?s={search_term_string}"},"query-input":"required name=search_term_string"}],"inLanguage":"eu"},{"@type":"Person","@id":"https:\/\/www.uaga.eus\/#\/schema\/person\/48c3cbf0f33d1b788226dbb6518689cf","name":"Blanca S\u00e1nchez","image":{"@type":"ImageObject","inLanguage":"eu","@id":"https:\/\/www.uaga.eus\/#\/schema\/person\/image\/","url":"https:\/\/secure.gravatar.com\/avatar\/0dc91c20648254b1ce84877283f6751b?s=96&d=mm&r=g","contentUrl":"https:\/\/secure.gravatar.com\/avatar\/0dc91c20648254b1ce84877283f6751b?s=96&d=mm&r=g","caption":"Blanca S\u00e1nchez"},"url":"https:\/\/www.uaga.eus\/eu\/author\/bsanchez\/"}]}},"_links":{"self":[{"href":"https:\/\/www.uaga.eus\/eu\/wp-json\/wp\/v2\/posts\/8824"}],"collection":[{"href":"https:\/\/www.uaga.eus\/eu\/wp-json\/wp\/v2\/posts"}],"about":[{"href":"https:\/\/www.uaga.eus\/eu\/wp-json\/wp\/v2\/types\/post"}],"author":[{"embeddable":true,"href":"https:\/\/www.uaga.eus\/eu\/wp-json\/wp\/v2\/users\/4"}],"replies":[{"embeddable":true,"href":"https:\/\/www.uaga.eus\/eu\/wp-json\/wp\/v2\/comments?post=8824"}],"version-history":[{"count":1,"href":"https:\/\/www.uaga.eus\/eu\/wp-json\/wp\/v2\/posts\/8824\/revisions"}],"predecessor-version":[{"id":8825,"href":"https:\/\/www.uaga.eus\/eu\/wp-json\/wp\/v2\/posts\/8824\/revisions\/8825"}],"wp:featuredmedia":[{"embeddable":true,"href":"https:\/\/www.uaga.eus\/eu\/wp-json\/wp\/v2\/media\/7791"}],"wp:attachment":[{"href":"https:\/\/www.uaga.eus\/eu\/wp-json\/wp\/v2\/media?parent=8824"}],"wp:term":[{"taxonomy":"category","embeddable":true,"href":"https:\/\/www.uaga.eus\/eu\/wp-json\/wp\/v2\/categories?post=8824"},{"taxonomy":"post_tag","embeddable":true,"href":"https:\/\/www.uaga.eus\/eu\/wp-json\/wp\/v2\/tags?post=8824"}],"curies":[{"name":"wp","href":"https:\/\/api.w.org\/{rel}","templated":true}]}}