{"id":8780,"date":"2021-03-31T09:57:39","date_gmt":"2021-03-31T09:57:39","guid":{"rendered":"https:\/\/www.uaga.eus\/?p=8780"},"modified":"2021-03-31T09:58:02","modified_gmt":"2021-03-31T09:58:02","slug":"la-comision-europea-presenta-el-plan-de-accion-para-el-desarrollo-de-la-produccion-ecologica","status":"publish","type":"post","link":"https:\/\/www.uaga.eus\/eu\/la-comision-europea-presenta-el-plan-de-accion-para-el-desarrollo-de-la-produccion-ecologica\/","title":{"rendered":"La Comisi\u00f3n Europea presenta el Plan de Acci\u00f3n para el desarrollo de la producci\u00f3n ecol\u00f3gica\u00a0"},"content":{"rendered":"<p>La Comisi\u00f3n Europea ha presentado el Plan de Acci\u00f3n para el desarrollo de la producci\u00f3n ecol\u00f3gica con el objetivo de impulsar la producci\u00f3n y el consumo de productos ecol\u00f3gicos, alcanzar el 25 % de las tierras agr\u00edcolas dedicadas a la agricultura ecol\u00f3gica para 2030 y aumentar la acuicultura ecol\u00f3gica.<\/p>\n<p>A partir del Plan de la UE, los Estados miembros deber\u00e1n realizar sus planes de acci\u00f3n ecol\u00f3gicos nacionales, complementando a los planes estrat\u00e9gicos nacionales de la PAC.<\/p>\n<p>El Plan presenta 23 acciones estructuradas en torno al impulso del consumo, aumento de la producci\u00f3n y mejora de la sostenibilidad del sector.<\/p>\n<div>+INFO SUGOI: 675 707 696<\/div>\n","protected":false},"excerpt":{"rendered":"<p>La Comisi\u00f3n Europea ha presentado el Plan de Acci\u00f3n para el desarrollo de la producci\u00f3n ecol\u00f3gica con el objetivo de impulsar la producci\u00f3n y el consumo de productos ecol\u00f3gicos, alcanzar el 25 % de las tierras agr\u00edcolas dedicadas a la agricultura ecol\u00f3gica para 2030 y aumentar la acuicultura ecol\u00f3gica. A partir del Plan de la [&hellip;]<\/p>\n","protected":false},"author":4,"featured_media":8545,"comment_status":"closed","ping_status":"closed","sticky":false,"template":"","format":"standard","meta":{"footnotes":""},"categories":[10,4],"tags":[],"yoast_head":"<!-- This site is optimized with the Yoast SEO plugin v21.5 - https:\/\/yoast.com\/wordpress\/plugins\/seo\/ -->\n<title>La Comisi\u00f3n Europea presenta el Plan de Acci\u00f3n para el desarrollo de la producci\u00f3n ecol\u00f3gica\u00a0 - UAGA<\/title>\n<meta name=\"robots\" content=\"index, follow, max-snippet:-1, max-image-preview:large, max-video-preview:-1\" \/>\n<link rel=\"canonical\" href=\"https:\/\/www.uaga.eus\/la-comision-europea-presenta-el-plan-de-accion-para-el-desarrollo-de-la-produccion-ecologica\/\" \/>\n<meta property=\"og:locale\" content=\"en_US\" \/>\n<meta property=\"og:type\" content=\"article\" \/>\n<meta property=\"og:title\" content=\"La Comisi\u00f3n Europea presenta el Plan de Acci\u00f3n para el desarrollo de la producci\u00f3n ecol\u00f3gica\u00a0 - UAGA\" \/>\n<meta property=\"og:description\" content=\"La Comisi\u00f3n Europea ha presentado el Plan de Acci\u00f3n para el desarrollo de la producci\u00f3n ecol\u00f3gica con el objetivo de impulsar la producci\u00f3n y el consumo de productos ecol\u00f3gicos, alcanzar el 25 % de las tierras agr\u00edcolas dedicadas a la agricultura ecol\u00f3gica para 2030 y aumentar la acuicultura ecol\u00f3gica. A partir del Plan de la [&hellip;]\" \/>\n<meta property=\"og:url\" content=\"https:\/\/www.uaga.eus\/la-comision-europea-presenta-el-plan-de-accion-para-el-desarrollo-de-la-produccion-ecologica\/\" \/>\n<meta property=\"og:site_name\" content=\"UAGA\" \/>\n<meta property=\"article:published_time\" content=\"2021-03-31T09:57:39+00:00\" \/>\n<meta property=\"article:modified_time\" content=\"2021-03-31T09:58:02+00:00\" \/>\n<meta property=\"og:image\" content=\"https:\/\/www.uaga.eus\/wp-content\/uploads\/2021\/02\/cartel-agricultura-ecologica.jpg\" \/>\n\t<meta property=\"og:image:width\" content=\"650\" \/>\n\t<meta property=\"og:image:height\" content=\"330\" \/>\n\t<meta property=\"og:image:type\" content=\"image\/jpeg\" \/>\n<meta name=\"author\" content=\"Blanca S\u00e1nchez\" \/>\n<meta name=\"twitter:card\" content=\"summary_large_image\" \/>\n<meta name=\"twitter:label1\" content=\"Written by\" \/>\n\t<meta name=\"twitter:data1\" content=\"Blanca S\u00e1nchez\" \/>\n\t<meta name=\"twitter:label2\" content=\"Est. reading time\" \/>\n\t<meta name=\"twitter:data2\" content=\"1 minutua\" \/>\n<script type=\"application\/ld+json\" class=\"yoast-schema-graph\">{\"@context\":\"https:\/\/schema.org\",\"@graph\":[{\"@type\":\"WebPage\",\"@id\":\"https:\/\/www.uaga.eus\/la-comision-europea-presenta-el-plan-de-accion-para-el-desarrollo-de-la-produccion-ecologica\/\",\"url\":\"https:\/\/www.uaga.eus\/la-comision-europea-presenta-el-plan-de-accion-para-el-desarrollo-de-la-produccion-ecologica\/\",\"name\":\"La Comisi\u00f3n Europea presenta el Plan de Acci\u00f3n para el desarrollo de la producci\u00f3n ecol\u00f3gica\u00a0 - UAGA\",\"isPartOf\":{\"@id\":\"https:\/\/www.uaga.eus\/#website\"},\"datePublished\":\"2021-03-31T09:57:39+00:00\",\"dateModified\":\"2021-03-31T09:58:02+00:00\",\"author\":{\"@id\":\"https:\/\/www.uaga.eus\/#\/schema\/person\/48c3cbf0f33d1b788226dbb6518689cf\"},\"breadcrumb\":{\"@id\":\"https:\/\/www.uaga.eus\/la-comision-europea-presenta-el-plan-de-accion-para-el-desarrollo-de-la-produccion-ecologica\/#breadcrumb\"},\"inLanguage\":\"eu\",\"potentialAction\":[{\"@type\":\"ReadAction\",\"target\":[\"https:\/\/www.uaga.eus\/la-comision-europea-presenta-el-plan-de-accion-para-el-desarrollo-de-la-produccion-ecologica\/\"]}]},{\"@type\":\"BreadcrumbList\",\"@id\":\"https:\/\/www.uaga.eus\/la-comision-europea-presenta-el-plan-de-accion-para-el-desarrollo-de-la-produccion-ecologica\/#breadcrumb\",\"itemListElement\":[{\"@type\":\"ListItem\",\"position\":1,\"name\":\"Inicio\",\"item\":\"https:\/\/www.uaga.eus\/\"},{\"@type\":\"ListItem\",\"position\":2,\"name\":\"La Comisi\u00f3n Europea presenta el Plan de Acci\u00f3n para el desarrollo de la producci\u00f3n ecol\u00f3gica\u00a0\"}]},{\"@type\":\"WebSite\",\"@id\":\"https:\/\/www.uaga.eus\/#website\",\"url\":\"https:\/\/www.uaga.eus\/\",\"name\":\"UAGA\",\"description\":\"Uni\u00f3n Agroganadera de \u00c1lava - Araba Nekazarien Elkartea\",\"potentialAction\":[{\"@type\":\"SearchAction\",\"target\":{\"@type\":\"EntryPoint\",\"urlTemplate\":\"https:\/\/www.uaga.eus\/?s={search_term_string}\"},\"query-input\":\"required name=search_term_string\"}],\"inLanguage\":\"eu\"},{\"@type\":\"Person\",\"@id\":\"https:\/\/www.uaga.eus\/#\/schema\/person\/48c3cbf0f33d1b788226dbb6518689cf\",\"name\":\"Blanca S\u00e1nchez\",\"image\":{\"@type\":\"ImageObject\",\"inLanguage\":\"eu\",\"@id\":\"https:\/\/www.uaga.eus\/#\/schema\/person\/image\/\",\"url\":\"https:\/\/secure.gravatar.com\/avatar\/0dc91c20648254b1ce84877283f6751b?s=96&d=mm&r=g\",\"contentUrl\":\"https:\/\/secure.gravatar.com\/avatar\/0dc91c20648254b1ce84877283f6751b?s=96&d=mm&r=g\",\"caption\":\"Blanca S\u00e1nchez\"},\"url\":\"https:\/\/www.uaga.eus\/eu\/author\/bsanchez\/\"}]}<\/script>\n<!-- \/ Yoast SEO plugin. -->","yoast_head_json":{"title":"La Comisi\u00f3n Europea presenta el Plan de Acci\u00f3n para el desarrollo de la producci\u00f3n ecol\u00f3gica\u00a0 - UAGA","robots":{"index":"index","follow":"follow","max-snippet":"max-snippet:-1","max-image-preview":"max-image-preview:large","max-video-preview":"max-video-preview:-1"},"canonical":"https:\/\/www.uaga.eus\/la-comision-europea-presenta-el-plan-de-accion-para-el-desarrollo-de-la-produccion-ecologica\/","og_locale":"en_US","og_type":"article","og_title":"La Comisi\u00f3n Europea presenta el Plan de Acci\u00f3n para el desarrollo de la producci\u00f3n ecol\u00f3gica\u00a0 - UAGA","og_description":"La Comisi\u00f3n Europea ha presentado el Plan de Acci\u00f3n para el desarrollo de la producci\u00f3n ecol\u00f3gica con el objetivo de impulsar la producci\u00f3n y el consumo de productos ecol\u00f3gicos, alcanzar el 25 % de las tierras agr\u00edcolas dedicadas a la agricultura ecol\u00f3gica para 2030 y aumentar la acuicultura ecol\u00f3gica. A partir del Plan de la [&hellip;]","og_url":"https:\/\/www.uaga.eus\/la-comision-europea-presenta-el-plan-de-accion-para-el-desarrollo-de-la-produccion-ecologica\/","og_site_name":"UAGA","article_published_time":"2021-03-31T09:57:39+00:00","article_modified_time":"2021-03-31T09:58:02+00:00","og_image":[{"width":650,"height":330,"url":"https:\/\/www.uaga.eus\/wp-content\/uploads\/2021\/02\/cartel-agricultura-ecologica.jpg","type":"image\/jpeg"}],"author":"Blanca S\u00e1nchez","twitter_card":"summary_large_image","twitter_misc":{"Written by":"Blanca S\u00e1nchez","Est. reading time":"1 minutua"},"schema":{"@context":"https:\/\/schema.org","@graph":[{"@type":"WebPage","@id":"https:\/\/www.uaga.eus\/la-comision-europea-presenta-el-plan-de-accion-para-el-desarrollo-de-la-produccion-ecologica\/","url":"https:\/\/www.uaga.eus\/la-comision-europea-presenta-el-plan-de-accion-para-el-desarrollo-de-la-produccion-ecologica\/","name":"La Comisi\u00f3n Europea presenta el Plan de Acci\u00f3n para el desarrollo de la producci\u00f3n ecol\u00f3gica\u00a0 - UAGA","isPartOf":{"@id":"https:\/\/www.uaga.eus\/#website"},"datePublished":"2021-03-31T09:57:39+00:00","dateModified":"2021-03-31T09:58:02+00:00","author":{"@id":"https:\/\/www.uaga.eus\/#\/schema\/person\/48c3cbf0f33d1b788226dbb6518689cf"},"breadcrumb":{"@id":"https:\/\/www.uaga.eus\/la-comision-europea-presenta-el-plan-de-accion-para-el-desarrollo-de-la-produccion-ecologica\/#breadcrumb"},"inLanguage":"eu","potentialAction":[{"@type":"ReadAction","target":["https:\/\/www.uaga.eus\/la-comision-europea-presenta-el-plan-de-accion-para-el-desarrollo-de-la-produccion-ecologica\/"]}]},{"@type":"BreadcrumbList","@id":"https:\/\/www.uaga.eus\/la-comision-europea-presenta-el-plan-de-accion-para-el-desarrollo-de-la-produccion-ecologica\/#breadcrumb","itemListElement":[{"@type":"ListItem","position":1,"name":"Inicio","item":"https:\/\/www.uaga.eus\/"},{"@type":"ListItem","position":2,"name":"La Comisi\u00f3n Europea presenta el Plan de Acci\u00f3n para el desarrollo de la producci\u00f3n ecol\u00f3gica\u00a0"}]},{"@type":"WebSite","@id":"https:\/\/www.uaga.eus\/#website","url":"https:\/\/www.uaga.eus\/","name":"UAGA","description":"Uni\u00f3n Agroganadera de \u00c1lava - Araba Nekazarien Elkartea","potentialAction":[{"@type":"SearchAction","target":{"@type":"EntryPoint","urlTemplate":"https:\/\/www.uaga.eus\/?s={search_term_string}"},"query-input":"required name=search_term_string"}],"inLanguage":"eu"},{"@type":"Person","@id":"https:\/\/www.uaga.eus\/#\/schema\/person\/48c3cbf0f33d1b788226dbb6518689cf","name":"Blanca S\u00e1nchez","image":{"@type":"ImageObject","inLanguage":"eu","@id":"https:\/\/www.uaga.eus\/#\/schema\/person\/image\/","url":"https:\/\/secure.gravatar.com\/avatar\/0dc91c20648254b1ce84877283f6751b?s=96&d=mm&r=g","contentUrl":"https:\/\/secure.gravatar.com\/avatar\/0dc91c20648254b1ce84877283f6751b?s=96&d=mm&r=g","caption":"Blanca S\u00e1nchez"},"url":"https:\/\/www.uaga.eus\/eu\/author\/bsanchez\/"}]}},"_links":{"self":[{"href":"https:\/\/www.uaga.eus\/eu\/wp-json\/wp\/v2\/posts\/8780"}],"collection":[{"href":"https:\/\/www.uaga.eus\/eu\/wp-json\/wp\/v2\/posts"}],"about":[{"href":"https:\/\/www.uaga.eus\/eu\/wp-json\/wp\/v2\/types\/post"}],"author":[{"embeddable":true,"href":"https:\/\/www.uaga.eus\/eu\/wp-json\/wp\/v2\/users\/4"}],"replies":[{"embeddable":true,"href":"https:\/\/www.uaga.eus\/eu\/wp-json\/wp\/v2\/comments?post=8780"}],"version-history":[{"count":2,"href":"https:\/\/www.uaga.eus\/eu\/wp-json\/wp\/v2\/posts\/8780\/revisions"}],"predecessor-version":[{"id":8782,"href":"https:\/\/www.uaga.eus\/eu\/wp-json\/wp\/v2\/posts\/8780\/revisions\/8782"}],"wp:featuredmedia":[{"embeddable":true,"href":"https:\/\/www.uaga.eus\/eu\/wp-json\/wp\/v2\/media\/8545"}],"wp:attachment":[{"href":"https:\/\/www.uaga.eus\/eu\/wp-json\/wp\/v2\/media?parent=8780"}],"wp:term":[{"taxonomy":"category","embeddable":true,"href":"https:\/\/www.uaga.eus\/eu\/wp-json\/wp\/v2\/categories?post=8780"},{"taxonomy":"post_tag","embeddable":true,"href":"https:\/\/www.uaga.eus\/eu\/wp-json\/wp\/v2\/tags?post=8780"}],"curies":[{"name":"wp","href":"https:\/\/api.w.org\/{rel}","templated":true}]}}