{"id":8774,"date":"2021-03-26T12:17:44","date_gmt":"2021-03-26T12:17:44","guid":{"rendered":"https:\/\/www.uaga.eus\/?p=8774"},"modified":"2021-03-26T12:18:19","modified_gmt":"2021-03-26T12:18:19","slug":"uaga-expone-la-problematica-del-jabali-en-alava-en-el-consejo-territorial-de-caza-de-diputacion","status":"publish","type":"post","link":"https:\/\/www.uaga.eus\/eu\/uaga-expone-la-problematica-del-jabali-en-alava-en-el-consejo-territorial-de-caza-de-diputacion\/","title":{"rendered":"UAGA expone la problem\u00e1tica del jabal\u00ed en \u00c1lava en el Consejo Territorial de Caza de Diputaci\u00f3n\u00a0"},"content":{"rendered":"<p>UAGA particip\u00f3 la semana pasada en el Consejo Territorial de Caza de \u00c1lava de Diputaci\u00f3n, en el que intervienen tambi\u00e9n, entre otros agentes, la UPV, asociaciones de cazadores y naturalistas.<\/p>\n<p>Seg\u00fan los datos de la temporada cineg\u00e9tica presentados por Diputaci\u00f3n, en relaci\u00f3n al jabal\u00ed se han realizado las mismas capturas que en la campa\u00f1a anterior con un 25% menos de batidas, lo que deja en evidencia la superpoblaci\u00f3n actual de jabal\u00ed.<\/p>\n<p>Una vez m\u00e1s, desde UAGA hemos dejado constancia del grave problema que genera el jabal\u00ed en el sector agrario, ocasionando abundantes da\u00f1os en praderas y cultivos. Hemos tambi\u00e9n solicitado destinar m\u00e1s recursos para evitar o disminuir los da\u00f1os producidos por los jabal\u00edes.<\/p>\n<div>+INFO GUSTAVO: 635 704 865<\/div>\n","protected":false},"excerpt":{"rendered":"<p>UAGA particip\u00f3 la semana pasada en el Consejo Territorial de Caza de \u00c1lava de Diputaci\u00f3n, en el que intervienen tambi\u00e9n, entre otros agentes, la UPV, asociaciones de cazadores y naturalistas. Seg\u00fan los datos de la temporada cineg\u00e9tica presentados por Diputaci\u00f3n, en relaci\u00f3n al jabal\u00ed se han realizado las mismas capturas que en la campa\u00f1a anterior [&hellip;]<\/p>\n","protected":false},"author":4,"featured_media":2869,"comment_status":"closed","ping_status":"closed","sticky":false,"template":"","format":"standard","meta":{"footnotes":""},"categories":[7,11],"tags":[],"yoast_head":"<!-- This site is optimized with the Yoast SEO plugin v21.5 - https:\/\/yoast.com\/wordpress\/plugins\/seo\/ -->\n<title>UAGA expone la problem\u00e1tica del jabal\u00ed en \u00c1lava en el Consejo Territorial de Caza de Diputaci\u00f3n\u00a0 - UAGA<\/title>\n<meta name=\"robots\" content=\"index, follow, max-snippet:-1, max-image-preview:large, max-video-preview:-1\" \/>\n<link rel=\"canonical\" href=\"https:\/\/www.uaga.eus\/uaga-expone-la-problematica-del-jabali-en-alava-en-el-consejo-territorial-de-caza-de-diputacion\/\" \/>\n<meta property=\"og:locale\" content=\"en_US\" \/>\n<meta property=\"og:type\" content=\"article\" \/>\n<meta property=\"og:title\" content=\"UAGA expone la problem\u00e1tica del jabal\u00ed en \u00c1lava en el Consejo Territorial de Caza de Diputaci\u00f3n\u00a0 - UAGA\" \/>\n<meta property=\"og:description\" content=\"UAGA particip\u00f3 la semana pasada en el Consejo Territorial de Caza de \u00c1lava de Diputaci\u00f3n, en el que intervienen tambi\u00e9n, entre otros agentes, la UPV, asociaciones de cazadores y naturalistas. Seg\u00fan los datos de la temporada cineg\u00e9tica presentados por Diputaci\u00f3n, en relaci\u00f3n al jabal\u00ed se han realizado las mismas capturas que en la campa\u00f1a anterior [&hellip;]\" \/>\n<meta property=\"og:url\" content=\"https:\/\/www.uaga.eus\/uaga-expone-la-problematica-del-jabali-en-alava-en-el-consejo-territorial-de-caza-de-diputacion\/\" \/>\n<meta property=\"og:site_name\" content=\"UAGA\" \/>\n<meta property=\"article:published_time\" content=\"2021-03-26T12:17:44+00:00\" \/>\n<meta property=\"article:modified_time\" content=\"2021-03-26T12:18:19+00:00\" \/>\n<meta property=\"og:image\" content=\"https:\/\/www.uaga.eus\/wp-content\/uploads\/2018\/05\/jabali.jpg\" \/>\n\t<meta property=\"og:image:width\" content=\"700\" \/>\n\t<meta property=\"og:image:height\" content=\"467\" \/>\n\t<meta property=\"og:image:type\" content=\"image\/jpeg\" \/>\n<meta name=\"author\" content=\"Blanca S\u00e1nchez\" \/>\n<meta name=\"twitter:card\" content=\"summary_large_image\" \/>\n<meta name=\"twitter:label1\" content=\"Written by\" \/>\n\t<meta name=\"twitter:data1\" content=\"Blanca S\u00e1nchez\" \/>\n\t<meta name=\"twitter:label2\" content=\"Est. reading time\" \/>\n\t<meta name=\"twitter:data2\" content=\"1 minutua\" \/>\n<script type=\"application\/ld+json\" class=\"yoast-schema-graph\">{\"@context\":\"https:\/\/schema.org\",\"@graph\":[{\"@type\":\"WebPage\",\"@id\":\"https:\/\/www.uaga.eus\/uaga-expone-la-problematica-del-jabali-en-alava-en-el-consejo-territorial-de-caza-de-diputacion\/\",\"url\":\"https:\/\/www.uaga.eus\/uaga-expone-la-problematica-del-jabali-en-alava-en-el-consejo-territorial-de-caza-de-diputacion\/\",\"name\":\"UAGA expone la problem\u00e1tica del jabal\u00ed en \u00c1lava en el Consejo Territorial de Caza de Diputaci\u00f3n\u00a0 - UAGA\",\"isPartOf\":{\"@id\":\"https:\/\/www.uaga.eus\/#website\"},\"datePublished\":\"2021-03-26T12:17:44+00:00\",\"dateModified\":\"2021-03-26T12:18:19+00:00\",\"author\":{\"@id\":\"https:\/\/www.uaga.eus\/#\/schema\/person\/48c3cbf0f33d1b788226dbb6518689cf\"},\"breadcrumb\":{\"@id\":\"https:\/\/www.uaga.eus\/uaga-expone-la-problematica-del-jabali-en-alava-en-el-consejo-territorial-de-caza-de-diputacion\/#breadcrumb\"},\"inLanguage\":\"eu\",\"potentialAction\":[{\"@type\":\"ReadAction\",\"target\":[\"https:\/\/www.uaga.eus\/uaga-expone-la-problematica-del-jabali-en-alava-en-el-consejo-territorial-de-caza-de-diputacion\/\"]}]},{\"@type\":\"BreadcrumbList\",\"@id\":\"https:\/\/www.uaga.eus\/uaga-expone-la-problematica-del-jabali-en-alava-en-el-consejo-territorial-de-caza-de-diputacion\/#breadcrumb\",\"itemListElement\":[{\"@type\":\"ListItem\",\"position\":1,\"name\":\"Inicio\",\"item\":\"https:\/\/www.uaga.eus\/\"},{\"@type\":\"ListItem\",\"position\":2,\"name\":\"UAGA expone la problem\u00e1tica del jabal\u00ed en \u00c1lava en el Consejo Territorial de Caza de Diputaci\u00f3n\u00a0\"}]},{\"@type\":\"WebSite\",\"@id\":\"https:\/\/www.uaga.eus\/#website\",\"url\":\"https:\/\/www.uaga.eus\/\",\"name\":\"UAGA\",\"description\":\"Uni\u00f3n Agroganadera de \u00c1lava - Araba Nekazarien Elkartea\",\"potentialAction\":[{\"@type\":\"SearchAction\",\"target\":{\"@type\":\"EntryPoint\",\"urlTemplate\":\"https:\/\/www.uaga.eus\/?s={search_term_string}\"},\"query-input\":\"required name=search_term_string\"}],\"inLanguage\":\"eu\"},{\"@type\":\"Person\",\"@id\":\"https:\/\/www.uaga.eus\/#\/schema\/person\/48c3cbf0f33d1b788226dbb6518689cf\",\"name\":\"Blanca S\u00e1nchez\",\"image\":{\"@type\":\"ImageObject\",\"inLanguage\":\"eu\",\"@id\":\"https:\/\/www.uaga.eus\/#\/schema\/person\/image\/\",\"url\":\"https:\/\/secure.gravatar.com\/avatar\/0dc91c20648254b1ce84877283f6751b?s=96&d=mm&r=g\",\"contentUrl\":\"https:\/\/secure.gravatar.com\/avatar\/0dc91c20648254b1ce84877283f6751b?s=96&d=mm&r=g\",\"caption\":\"Blanca S\u00e1nchez\"},\"url\":\"https:\/\/www.uaga.eus\/eu\/author\/bsanchez\/\"}]}<\/script>\n<!-- \/ Yoast SEO plugin. -->","yoast_head_json":{"title":"UAGA expone la problem\u00e1tica del jabal\u00ed en \u00c1lava en el Consejo Territorial de Caza de Diputaci\u00f3n\u00a0 - UAGA","robots":{"index":"index","follow":"follow","max-snippet":"max-snippet:-1","max-image-preview":"max-image-preview:large","max-video-preview":"max-video-preview:-1"},"canonical":"https:\/\/www.uaga.eus\/uaga-expone-la-problematica-del-jabali-en-alava-en-el-consejo-territorial-de-caza-de-diputacion\/","og_locale":"en_US","og_type":"article","og_title":"UAGA expone la problem\u00e1tica del jabal\u00ed en \u00c1lava en el Consejo Territorial de Caza de Diputaci\u00f3n\u00a0 - UAGA","og_description":"UAGA particip\u00f3 la semana pasada en el Consejo Territorial de Caza de \u00c1lava de Diputaci\u00f3n, en el que intervienen tambi\u00e9n, entre otros agentes, la UPV, asociaciones de cazadores y naturalistas. Seg\u00fan los datos de la temporada cineg\u00e9tica presentados por Diputaci\u00f3n, en relaci\u00f3n al jabal\u00ed se han realizado las mismas capturas que en la campa\u00f1a anterior [&hellip;]","og_url":"https:\/\/www.uaga.eus\/uaga-expone-la-problematica-del-jabali-en-alava-en-el-consejo-territorial-de-caza-de-diputacion\/","og_site_name":"UAGA","article_published_time":"2021-03-26T12:17:44+00:00","article_modified_time":"2021-03-26T12:18:19+00:00","og_image":[{"width":700,"height":467,"url":"https:\/\/www.uaga.eus\/wp-content\/uploads\/2018\/05\/jabali.jpg","type":"image\/jpeg"}],"author":"Blanca S\u00e1nchez","twitter_card":"summary_large_image","twitter_misc":{"Written by":"Blanca S\u00e1nchez","Est. reading time":"1 minutua"},"schema":{"@context":"https:\/\/schema.org","@graph":[{"@type":"WebPage","@id":"https:\/\/www.uaga.eus\/uaga-expone-la-problematica-del-jabali-en-alava-en-el-consejo-territorial-de-caza-de-diputacion\/","url":"https:\/\/www.uaga.eus\/uaga-expone-la-problematica-del-jabali-en-alava-en-el-consejo-territorial-de-caza-de-diputacion\/","name":"UAGA expone la problem\u00e1tica del jabal\u00ed en \u00c1lava en el Consejo Territorial de Caza de Diputaci\u00f3n\u00a0 - UAGA","isPartOf":{"@id":"https:\/\/www.uaga.eus\/#website"},"datePublished":"2021-03-26T12:17:44+00:00","dateModified":"2021-03-26T12:18:19+00:00","author":{"@id":"https:\/\/www.uaga.eus\/#\/schema\/person\/48c3cbf0f33d1b788226dbb6518689cf"},"breadcrumb":{"@id":"https:\/\/www.uaga.eus\/uaga-expone-la-problematica-del-jabali-en-alava-en-el-consejo-territorial-de-caza-de-diputacion\/#breadcrumb"},"inLanguage":"eu","potentialAction":[{"@type":"ReadAction","target":["https:\/\/www.uaga.eus\/uaga-expone-la-problematica-del-jabali-en-alava-en-el-consejo-territorial-de-caza-de-diputacion\/"]}]},{"@type":"BreadcrumbList","@id":"https:\/\/www.uaga.eus\/uaga-expone-la-problematica-del-jabali-en-alava-en-el-consejo-territorial-de-caza-de-diputacion\/#breadcrumb","itemListElement":[{"@type":"ListItem","position":1,"name":"Inicio","item":"https:\/\/www.uaga.eus\/"},{"@type":"ListItem","position":2,"name":"UAGA expone la problem\u00e1tica del jabal\u00ed en \u00c1lava en el Consejo Territorial de Caza de Diputaci\u00f3n\u00a0"}]},{"@type":"WebSite","@id":"https:\/\/www.uaga.eus\/#website","url":"https:\/\/www.uaga.eus\/","name":"UAGA","description":"Uni\u00f3n Agroganadera de \u00c1lava - Araba Nekazarien Elkartea","potentialAction":[{"@type":"SearchAction","target":{"@type":"EntryPoint","urlTemplate":"https:\/\/www.uaga.eus\/?s={search_term_string}"},"query-input":"required name=search_term_string"}],"inLanguage":"eu"},{"@type":"Person","@id":"https:\/\/www.uaga.eus\/#\/schema\/person\/48c3cbf0f33d1b788226dbb6518689cf","name":"Blanca S\u00e1nchez","image":{"@type":"ImageObject","inLanguage":"eu","@id":"https:\/\/www.uaga.eus\/#\/schema\/person\/image\/","url":"https:\/\/secure.gravatar.com\/avatar\/0dc91c20648254b1ce84877283f6751b?s=96&d=mm&r=g","contentUrl":"https:\/\/secure.gravatar.com\/avatar\/0dc91c20648254b1ce84877283f6751b?s=96&d=mm&r=g","caption":"Blanca S\u00e1nchez"},"url":"https:\/\/www.uaga.eus\/eu\/author\/bsanchez\/"}]}},"_links":{"self":[{"href":"https:\/\/www.uaga.eus\/eu\/wp-json\/wp\/v2\/posts\/8774"}],"collection":[{"href":"https:\/\/www.uaga.eus\/eu\/wp-json\/wp\/v2\/posts"}],"about":[{"href":"https:\/\/www.uaga.eus\/eu\/wp-json\/wp\/v2\/types\/post"}],"author":[{"embeddable":true,"href":"https:\/\/www.uaga.eus\/eu\/wp-json\/wp\/v2\/users\/4"}],"replies":[{"embeddable":true,"href":"https:\/\/www.uaga.eus\/eu\/wp-json\/wp\/v2\/comments?post=8774"}],"version-history":[{"count":1,"href":"https:\/\/www.uaga.eus\/eu\/wp-json\/wp\/v2\/posts\/8774\/revisions"}],"predecessor-version":[{"id":8775,"href":"https:\/\/www.uaga.eus\/eu\/wp-json\/wp\/v2\/posts\/8774\/revisions\/8775"}],"wp:featuredmedia":[{"embeddable":true,"href":"https:\/\/www.uaga.eus\/eu\/wp-json\/wp\/v2\/media\/2869"}],"wp:attachment":[{"href":"https:\/\/www.uaga.eus\/eu\/wp-json\/wp\/v2\/media?parent=8774"}],"wp:term":[{"taxonomy":"category","embeddable":true,"href":"https:\/\/www.uaga.eus\/eu\/wp-json\/wp\/v2\/categories?post=8774"},{"taxonomy":"post_tag","embeddable":true,"href":"https:\/\/www.uaga.eus\/eu\/wp-json\/wp\/v2\/tags?post=8774"}],"curies":[{"name":"wp","href":"https:\/\/api.w.org\/{rel}","templated":true}]}}