{"id":8770,"date":"2021-03-26T12:15:26","date_gmt":"2021-03-26T12:15:26","guid":{"rendered":"https:\/\/www.uaga.eus\/?p=8770"},"modified":"2021-03-26T12:15:26","modified_gmt":"2021-03-26T12:15:26","slug":"las-organizaciones-agrarias-presentan-alegaciones-al-documento-sobre-la-estrategia-de-gestion-del-lobo-planteado-por-el-ministerio-de-transicion-ecologica","status":"publish","type":"post","link":"https:\/\/www.uaga.eus\/eu\/las-organizaciones-agrarias-presentan-alegaciones-al-documento-sobre-la-estrategia-de-gestion-del-lobo-planteado-por-el-ministerio-de-transicion-ecologica\/","title":{"rendered":"Las organizaciones agrarias presentan alegaciones al documento sobre la estrategia de gesti\u00f3n del lobo planteado por el Ministerio de Transici\u00f3n Ecol\u00f3gica"},"content":{"rendered":"<p>UAGA, a trav\u00e9s de COAG, junto a ASAJA y UPA, han presentado, de manera conjunta, unas alegaciones al documento de bases del Ministerio de Transici\u00f3n Ecol\u00f3gica para la elaboraci\u00f3n de una estrategia para la conservaci\u00f3n y gesti\u00f3n del lobo en Espa\u00f1a<\/p>\n<p>El informe exige\u00a0la retirada inmediata de la propuesta y la apertura de un proceso de di\u00e1logo con todos los actores implicados. Tambi\u00e9n se denuncia la nula participaci\u00f3n de los colectivos ganaderos, principales afectados por las poblaciones de lobos, en los foros, comit\u00e9s t\u00e9cnicos de seguimiento y consultas para la implementaci\u00f3n de medidas que van dirigidas y afectan al sector agrario.<\/p>\n<p>En opini\u00f3n de las organizaciones agrarias, el Ministerio s\u00f3lo prioriza la expansi\u00f3n del lobo por la geograf\u00eda espa\u00f1ola y su conexi\u00f3n con lobos de Francia e Italia, sin tener en cuenta las consecuencias econ\u00f3micas, sociales y medioambientales para los ganaderos y la poblaci\u00f3n del medio rural.<\/p>\n<p>Puedes consultar aqu\u00ed\u00a0la <a href=\"https:\/\/mcusercontent.com\/498b950ccfc4b8d0e600d7e48\/files\/1b99b991-5765-4532-992a-864365228d45\/210325_alegaciones_lobo.pdf\" target=\"_blank\" rel=\"noopener\" data-cke-saved-href=\"https:\/\/mcusercontent.com\/498b950ccfc4b8d0e600d7e48\/files\/1b99b991-5765-4532-992a-864365228d45\/210325_alegaciones_lobo.pdf\">nota de prensa<\/a> y las <a href=\"https:\/\/mcusercontent.com\/498b950ccfc4b8d0e600d7e48\/files\/097101f3-785f-47f2-8d68-77c2353cee62\/alegaciones_bases_lobo.pdf\" target=\"_blank\" rel=\"noopener\" data-cke-saved-href=\"https:\/\/mcusercontent.com\/498b950ccfc4b8d0e600d7e48\/files\/097101f3-785f-47f2-8d68-77c2353cee62\/alegaciones_bases_lobo.pdf\">alegaciones<\/a> de las organizaciones agrarias.<\/p>\n<div>+INFO GUSTAVO: 635 704 865<\/div>\n","protected":false},"excerpt":{"rendered":"<p>UAGA, a trav\u00e9s de COAG, junto a ASAJA y UPA, han presentado, de manera conjunta, unas alegaciones al documento de bases del Ministerio de Transici\u00f3n Ecol\u00f3gica para la elaboraci\u00f3n de una estrategia para la conservaci\u00f3n y gesti\u00f3n del lobo en Espa\u00f1a El informe exige\u00a0la retirada inmediata de la propuesta y la apertura de un proceso [&hellip;]<\/p>\n","protected":false},"author":4,"featured_media":5666,"comment_status":"closed","ping_status":"closed","sticky":false,"template":"","format":"standard","meta":{"footnotes":""},"categories":[8,11],"tags":[],"yoast_head":"<!-- This site is optimized with the Yoast SEO plugin v21.5 - https:\/\/yoast.com\/wordpress\/plugins\/seo\/ -->\n<title>Las organizaciones agrarias presentan alegaciones al documento sobre la estrategia de gesti\u00f3n del lobo planteado por el Ministerio de Transici\u00f3n Ecol\u00f3gica - UAGA<\/title>\n<meta name=\"robots\" content=\"index, follow, max-snippet:-1, max-image-preview:large, max-video-preview:-1\" \/>\n<link rel=\"canonical\" href=\"https:\/\/www.uaga.eus\/las-organizaciones-agrarias-presentan-alegaciones-al-documento-sobre-la-estrategia-de-gestion-del-lobo-planteado-por-el-ministerio-de-transicion-ecologica\/\" \/>\n<meta property=\"og:locale\" content=\"en_US\" \/>\n<meta property=\"og:type\" content=\"article\" \/>\n<meta property=\"og:title\" content=\"Las organizaciones agrarias presentan alegaciones al documento sobre la estrategia de gesti\u00f3n del lobo planteado por el Ministerio de Transici\u00f3n Ecol\u00f3gica - UAGA\" \/>\n<meta property=\"og:description\" content=\"UAGA, a trav\u00e9s de COAG, junto a ASAJA y UPA, han presentado, de manera conjunta, unas alegaciones al documento de bases del Ministerio de Transici\u00f3n Ecol\u00f3gica para la elaboraci\u00f3n de una estrategia para la conservaci\u00f3n y gesti\u00f3n del lobo en Espa\u00f1a El informe exige\u00a0la retirada inmediata de la propuesta y la apertura de un proceso [&hellip;]\" \/>\n<meta property=\"og:url\" content=\"https:\/\/www.uaga.eus\/las-organizaciones-agrarias-presentan-alegaciones-al-documento-sobre-la-estrategia-de-gestion-del-lobo-planteado-por-el-ministerio-de-transicion-ecologica\/\" \/>\n<meta property=\"og:site_name\" content=\"UAGA\" \/>\n<meta property=\"article:published_time\" content=\"2021-03-26T12:15:26+00:00\" \/>\n<meta property=\"og:image\" content=\"https:\/\/www.uaga.eus\/wp-content\/uploads\/2019\/02\/lobo-iberico.jpg\" \/>\n\t<meta property=\"og:image:width\" content=\"700\" \/>\n\t<meta property=\"og:image:height\" content=\"465\" \/>\n\t<meta property=\"og:image:type\" content=\"image\/jpeg\" \/>\n<meta name=\"author\" content=\"Blanca S\u00e1nchez\" \/>\n<meta name=\"twitter:card\" content=\"summary_large_image\" \/>\n<meta name=\"twitter:label1\" content=\"Written by\" \/>\n\t<meta name=\"twitter:data1\" content=\"Blanca S\u00e1nchez\" \/>\n\t<meta name=\"twitter:label2\" content=\"Est. reading time\" \/>\n\t<meta name=\"twitter:data2\" content=\"1 minutua\" \/>\n<script type=\"application\/ld+json\" class=\"yoast-schema-graph\">{\"@context\":\"https:\/\/schema.org\",\"@graph\":[{\"@type\":\"WebPage\",\"@id\":\"https:\/\/www.uaga.eus\/las-organizaciones-agrarias-presentan-alegaciones-al-documento-sobre-la-estrategia-de-gestion-del-lobo-planteado-por-el-ministerio-de-transicion-ecologica\/\",\"url\":\"https:\/\/www.uaga.eus\/las-organizaciones-agrarias-presentan-alegaciones-al-documento-sobre-la-estrategia-de-gestion-del-lobo-planteado-por-el-ministerio-de-transicion-ecologica\/\",\"name\":\"Las organizaciones agrarias presentan alegaciones al documento sobre la estrategia de gesti\u00f3n del lobo planteado por el Ministerio de Transici\u00f3n Ecol\u00f3gica - UAGA\",\"isPartOf\":{\"@id\":\"https:\/\/www.uaga.eus\/#website\"},\"datePublished\":\"2021-03-26T12:15:26+00:00\",\"dateModified\":\"2021-03-26T12:15:26+00:00\",\"author\":{\"@id\":\"https:\/\/www.uaga.eus\/#\/schema\/person\/48c3cbf0f33d1b788226dbb6518689cf\"},\"breadcrumb\":{\"@id\":\"https:\/\/www.uaga.eus\/las-organizaciones-agrarias-presentan-alegaciones-al-documento-sobre-la-estrategia-de-gestion-del-lobo-planteado-por-el-ministerio-de-transicion-ecologica\/#breadcrumb\"},\"inLanguage\":\"eu\",\"potentialAction\":[{\"@type\":\"ReadAction\",\"target\":[\"https:\/\/www.uaga.eus\/las-organizaciones-agrarias-presentan-alegaciones-al-documento-sobre-la-estrategia-de-gestion-del-lobo-planteado-por-el-ministerio-de-transicion-ecologica\/\"]}]},{\"@type\":\"BreadcrumbList\",\"@id\":\"https:\/\/www.uaga.eus\/las-organizaciones-agrarias-presentan-alegaciones-al-documento-sobre-la-estrategia-de-gestion-del-lobo-planteado-por-el-ministerio-de-transicion-ecologica\/#breadcrumb\",\"itemListElement\":[{\"@type\":\"ListItem\",\"position\":1,\"name\":\"Inicio\",\"item\":\"https:\/\/www.uaga.eus\/\"},{\"@type\":\"ListItem\",\"position\":2,\"name\":\"Las organizaciones agrarias presentan alegaciones al documento sobre la estrategia de gesti\u00f3n del lobo planteado por el Ministerio de Transici\u00f3n Ecol\u00f3gica\"}]},{\"@type\":\"WebSite\",\"@id\":\"https:\/\/www.uaga.eus\/#website\",\"url\":\"https:\/\/www.uaga.eus\/\",\"name\":\"UAGA\",\"description\":\"Uni\u00f3n Agroganadera de \u00c1lava - Araba Nekazarien Elkartea\",\"potentialAction\":[{\"@type\":\"SearchAction\",\"target\":{\"@type\":\"EntryPoint\",\"urlTemplate\":\"https:\/\/www.uaga.eus\/?s={search_term_string}\"},\"query-input\":\"required name=search_term_string\"}],\"inLanguage\":\"eu\"},{\"@type\":\"Person\",\"@id\":\"https:\/\/www.uaga.eus\/#\/schema\/person\/48c3cbf0f33d1b788226dbb6518689cf\",\"name\":\"Blanca S\u00e1nchez\",\"image\":{\"@type\":\"ImageObject\",\"inLanguage\":\"eu\",\"@id\":\"https:\/\/www.uaga.eus\/#\/schema\/person\/image\/\",\"url\":\"https:\/\/secure.gravatar.com\/avatar\/0dc91c20648254b1ce84877283f6751b?s=96&d=mm&r=g\",\"contentUrl\":\"https:\/\/secure.gravatar.com\/avatar\/0dc91c20648254b1ce84877283f6751b?s=96&d=mm&r=g\",\"caption\":\"Blanca S\u00e1nchez\"},\"url\":\"https:\/\/www.uaga.eus\/eu\/author\/bsanchez\/\"}]}<\/script>\n<!-- \/ Yoast SEO plugin. -->","yoast_head_json":{"title":"Las organizaciones agrarias presentan alegaciones al documento sobre la estrategia de gesti\u00f3n del lobo planteado por el Ministerio de Transici\u00f3n Ecol\u00f3gica - UAGA","robots":{"index":"index","follow":"follow","max-snippet":"max-snippet:-1","max-image-preview":"max-image-preview:large","max-video-preview":"max-video-preview:-1"},"canonical":"https:\/\/www.uaga.eus\/las-organizaciones-agrarias-presentan-alegaciones-al-documento-sobre-la-estrategia-de-gestion-del-lobo-planteado-por-el-ministerio-de-transicion-ecologica\/","og_locale":"en_US","og_type":"article","og_title":"Las organizaciones agrarias presentan alegaciones al documento sobre la estrategia de gesti\u00f3n del lobo planteado por el Ministerio de Transici\u00f3n Ecol\u00f3gica - UAGA","og_description":"UAGA, a trav\u00e9s de COAG, junto a ASAJA y UPA, han presentado, de manera conjunta, unas alegaciones al documento de bases del Ministerio de Transici\u00f3n Ecol\u00f3gica para la elaboraci\u00f3n de una estrategia para la conservaci\u00f3n y gesti\u00f3n del lobo en Espa\u00f1a El informe exige\u00a0la retirada inmediata de la propuesta y la apertura de un proceso [&hellip;]","og_url":"https:\/\/www.uaga.eus\/las-organizaciones-agrarias-presentan-alegaciones-al-documento-sobre-la-estrategia-de-gestion-del-lobo-planteado-por-el-ministerio-de-transicion-ecologica\/","og_site_name":"UAGA","article_published_time":"2021-03-26T12:15:26+00:00","og_image":[{"width":700,"height":465,"url":"https:\/\/www.uaga.eus\/wp-content\/uploads\/2019\/02\/lobo-iberico.jpg","type":"image\/jpeg"}],"author":"Blanca S\u00e1nchez","twitter_card":"summary_large_image","twitter_misc":{"Written by":"Blanca S\u00e1nchez","Est. reading time":"1 minutua"},"schema":{"@context":"https:\/\/schema.org","@graph":[{"@type":"WebPage","@id":"https:\/\/www.uaga.eus\/las-organizaciones-agrarias-presentan-alegaciones-al-documento-sobre-la-estrategia-de-gestion-del-lobo-planteado-por-el-ministerio-de-transicion-ecologica\/","url":"https:\/\/www.uaga.eus\/las-organizaciones-agrarias-presentan-alegaciones-al-documento-sobre-la-estrategia-de-gestion-del-lobo-planteado-por-el-ministerio-de-transicion-ecologica\/","name":"Las organizaciones agrarias presentan alegaciones al documento sobre la estrategia de gesti\u00f3n del lobo planteado por el Ministerio de Transici\u00f3n Ecol\u00f3gica - UAGA","isPartOf":{"@id":"https:\/\/www.uaga.eus\/#website"},"datePublished":"2021-03-26T12:15:26+00:00","dateModified":"2021-03-26T12:15:26+00:00","author":{"@id":"https:\/\/www.uaga.eus\/#\/schema\/person\/48c3cbf0f33d1b788226dbb6518689cf"},"breadcrumb":{"@id":"https:\/\/www.uaga.eus\/las-organizaciones-agrarias-presentan-alegaciones-al-documento-sobre-la-estrategia-de-gestion-del-lobo-planteado-por-el-ministerio-de-transicion-ecologica\/#breadcrumb"},"inLanguage":"eu","potentialAction":[{"@type":"ReadAction","target":["https:\/\/www.uaga.eus\/las-organizaciones-agrarias-presentan-alegaciones-al-documento-sobre-la-estrategia-de-gestion-del-lobo-planteado-por-el-ministerio-de-transicion-ecologica\/"]}]},{"@type":"BreadcrumbList","@id":"https:\/\/www.uaga.eus\/las-organizaciones-agrarias-presentan-alegaciones-al-documento-sobre-la-estrategia-de-gestion-del-lobo-planteado-por-el-ministerio-de-transicion-ecologica\/#breadcrumb","itemListElement":[{"@type":"ListItem","position":1,"name":"Inicio","item":"https:\/\/www.uaga.eus\/"},{"@type":"ListItem","position":2,"name":"Las organizaciones agrarias presentan alegaciones al documento sobre la estrategia de gesti\u00f3n del lobo planteado por el Ministerio de Transici\u00f3n Ecol\u00f3gica"}]},{"@type":"WebSite","@id":"https:\/\/www.uaga.eus\/#website","url":"https:\/\/www.uaga.eus\/","name":"UAGA","description":"Uni\u00f3n Agroganadera de \u00c1lava - Araba Nekazarien Elkartea","potentialAction":[{"@type":"SearchAction","target":{"@type":"EntryPoint","urlTemplate":"https:\/\/www.uaga.eus\/?s={search_term_string}"},"query-input":"required name=search_term_string"}],"inLanguage":"eu"},{"@type":"Person","@id":"https:\/\/www.uaga.eus\/#\/schema\/person\/48c3cbf0f33d1b788226dbb6518689cf","name":"Blanca S\u00e1nchez","image":{"@type":"ImageObject","inLanguage":"eu","@id":"https:\/\/www.uaga.eus\/#\/schema\/person\/image\/","url":"https:\/\/secure.gravatar.com\/avatar\/0dc91c20648254b1ce84877283f6751b?s=96&d=mm&r=g","contentUrl":"https:\/\/secure.gravatar.com\/avatar\/0dc91c20648254b1ce84877283f6751b?s=96&d=mm&r=g","caption":"Blanca S\u00e1nchez"},"url":"https:\/\/www.uaga.eus\/eu\/author\/bsanchez\/"}]}},"_links":{"self":[{"href":"https:\/\/www.uaga.eus\/eu\/wp-json\/wp\/v2\/posts\/8770"}],"collection":[{"href":"https:\/\/www.uaga.eus\/eu\/wp-json\/wp\/v2\/posts"}],"about":[{"href":"https:\/\/www.uaga.eus\/eu\/wp-json\/wp\/v2\/types\/post"}],"author":[{"embeddable":true,"href":"https:\/\/www.uaga.eus\/eu\/wp-json\/wp\/v2\/users\/4"}],"replies":[{"embeddable":true,"href":"https:\/\/www.uaga.eus\/eu\/wp-json\/wp\/v2\/comments?post=8770"}],"version-history":[{"count":1,"href":"https:\/\/www.uaga.eus\/eu\/wp-json\/wp\/v2\/posts\/8770\/revisions"}],"predecessor-version":[{"id":8771,"href":"https:\/\/www.uaga.eus\/eu\/wp-json\/wp\/v2\/posts\/8770\/revisions\/8771"}],"wp:featuredmedia":[{"embeddable":true,"href":"https:\/\/www.uaga.eus\/eu\/wp-json\/wp\/v2\/media\/5666"}],"wp:attachment":[{"href":"https:\/\/www.uaga.eus\/eu\/wp-json\/wp\/v2\/media?parent=8770"}],"wp:term":[{"taxonomy":"category","embeddable":true,"href":"https:\/\/www.uaga.eus\/eu\/wp-json\/wp\/v2\/categories?post=8770"},{"taxonomy":"post_tag","embeddable":true,"href":"https:\/\/www.uaga.eus\/eu\/wp-json\/wp\/v2\/tags?post=8770"}],"curies":[{"name":"wp","href":"https:\/\/api.w.org\/{rel}","templated":true}]}}