{"id":8743,"date":"2021-03-18T13:16:26","date_gmt":"2021-03-18T13:16:26","guid":{"rendered":"https:\/\/www.uaga.eus\/?p=8743"},"modified":"2021-03-18T13:16:47","modified_gmt":"2021-03-18T13:16:47","slug":"uaga-defiende-en-juntas-generales-la-ganaderia-extensiva-ante-las-pretensiones-de-proteccion-del-lobo","status":"publish","type":"post","link":"https:\/\/www.uaga.eus\/eu\/uaga-defiende-en-juntas-generales-la-ganaderia-extensiva-ante-las-pretensiones-de-proteccion-del-lobo\/","title":{"rendered":"UAGA defiende en Juntas Generales la ganader\u00eda extensiva ante las pretensiones de protecci\u00f3n del lobo\u00a0"},"content":{"rendered":"<p>Javier Torre y Txema Lopez de Abetxuko, Presidente y responsable de ganader\u00eda de UAGA respectivamente, han comparecido esta ma\u00f1ana en la Comisi\u00f3n de Agricultura de las Juntas Generales de \u00c1lava para mostrar su rechazo a que tanto el Gobierno Vasco como el Ministerio incluyan al lobo como especie de protecci\u00f3n especial.<\/p>\n<p>UAGA ha expuesto su total rechazo a categorizar al lobo como especie de protecci\u00f3n especial, ya que considera que el lobo es incompatible con la ganader\u00eda extensiva y que una catalogaci\u00f3n supondr\u00eda un grave perjuicio para nuestro sector, perjudicando la actividad ganadera de monta\u00f1a.<\/p>\n<p>Hemos puesto en valor la ganader\u00eda extensiva en el mantenimiento del paisaje de monta\u00f1a, la conservaci\u00f3n de razas aut\u00f3ctonas, la producci\u00f3n de alimentos de calidad y el sustento de la econom\u00eda de la poblaci\u00f3n en zonas desfavorecidas.<\/p>\n<p>Adem\u00e1s, hemos hecho hincapi\u00e9 en que las decisiones se tienen que tomar en consenso de todos los agentes involucrados, no de forma unilateral por parte de las administraciones.<\/p>\n<p>Puedes ver el video de la comparecencia en el siguiente <a href=\"http:\/\/mediateca.jjggalava.eus\/library\/items\/agricultura-2021-03-18?part=77c9ee68-9c8f-4dc1-8c52-809f0f97a4d1&amp;start=15\" target=\"_blank\" rel=\"noopener\" data-cke-saved-href=\"http:\/\/mediateca.jjggalava.eus\/library\/items\/agricultura-2021-03-18?part=77c9ee68-9c8f-4dc1-8c52-809f0f97a4d1&amp;start=15\">enlace<\/a>.<\/p>\n<div>\n<p>+INFO SUGOI: 675 707 696<\/p>\n<hr \/>\n<\/div>\n","protected":false},"excerpt":{"rendered":"<p>Javier Torre y Txema Lopez de Abetxuko, Presidente y responsable de ganader\u00eda de UAGA respectivamente, han comparecido esta ma\u00f1ana en la Comisi\u00f3n de Agricultura de las Juntas Generales de \u00c1lava para mostrar su rechazo a que tanto el Gobierno Vasco como el Ministerio incluyan al lobo como especie de protecci\u00f3n especial. UAGA ha expuesto su [&hellip;]<\/p>\n","protected":false},"author":4,"featured_media":5666,"comment_status":"closed","ping_status":"closed","sticky":false,"template":"","format":"standard","meta":{"footnotes":""},"categories":[8,11],"tags":[],"yoast_head":"<!-- This site is optimized with the Yoast SEO plugin v21.5 - https:\/\/yoast.com\/wordpress\/plugins\/seo\/ -->\n<title>UAGA defiende en Juntas Generales la ganader\u00eda extensiva ante las pretensiones de protecci\u00f3n del lobo\u00a0 - UAGA<\/title>\n<meta name=\"robots\" content=\"index, follow, max-snippet:-1, max-image-preview:large, max-video-preview:-1\" \/>\n<link rel=\"canonical\" href=\"https:\/\/www.uaga.eus\/uaga-defiende-en-juntas-generales-la-ganaderia-extensiva-ante-las-pretensiones-de-proteccion-del-lobo\/\" \/>\n<meta property=\"og:locale\" content=\"en_US\" \/>\n<meta property=\"og:type\" content=\"article\" \/>\n<meta property=\"og:title\" content=\"UAGA defiende en Juntas Generales la ganader\u00eda extensiva ante las pretensiones de protecci\u00f3n del lobo\u00a0 - UAGA\" \/>\n<meta property=\"og:description\" content=\"Javier Torre y Txema Lopez de Abetxuko, Presidente y responsable de ganader\u00eda de UAGA respectivamente, han comparecido esta ma\u00f1ana en la Comisi\u00f3n de Agricultura de las Juntas Generales de \u00c1lava para mostrar su rechazo a que tanto el Gobierno Vasco como el Ministerio incluyan al lobo como especie de protecci\u00f3n especial. UAGA ha expuesto su [&hellip;]\" \/>\n<meta property=\"og:url\" content=\"https:\/\/www.uaga.eus\/uaga-defiende-en-juntas-generales-la-ganaderia-extensiva-ante-las-pretensiones-de-proteccion-del-lobo\/\" \/>\n<meta property=\"og:site_name\" content=\"UAGA\" \/>\n<meta property=\"article:published_time\" content=\"2021-03-18T13:16:26+00:00\" \/>\n<meta property=\"article:modified_time\" content=\"2021-03-18T13:16:47+00:00\" \/>\n<meta property=\"og:image\" content=\"https:\/\/www.uaga.eus\/wp-content\/uploads\/2019\/02\/lobo-iberico.jpg\" \/>\n\t<meta property=\"og:image:width\" content=\"700\" \/>\n\t<meta property=\"og:image:height\" content=\"465\" \/>\n\t<meta property=\"og:image:type\" content=\"image\/jpeg\" \/>\n<meta name=\"author\" content=\"Blanca S\u00e1nchez\" \/>\n<meta name=\"twitter:card\" content=\"summary_large_image\" \/>\n<meta name=\"twitter:label1\" content=\"Written by\" \/>\n\t<meta name=\"twitter:data1\" content=\"Blanca S\u00e1nchez\" \/>\n\t<meta name=\"twitter:label2\" content=\"Est. reading time\" \/>\n\t<meta name=\"twitter:data2\" content=\"1 minutua\" \/>\n<script type=\"application\/ld+json\" class=\"yoast-schema-graph\">{\"@context\":\"https:\/\/schema.org\",\"@graph\":[{\"@type\":\"WebPage\",\"@id\":\"https:\/\/www.uaga.eus\/uaga-defiende-en-juntas-generales-la-ganaderia-extensiva-ante-las-pretensiones-de-proteccion-del-lobo\/\",\"url\":\"https:\/\/www.uaga.eus\/uaga-defiende-en-juntas-generales-la-ganaderia-extensiva-ante-las-pretensiones-de-proteccion-del-lobo\/\",\"name\":\"UAGA defiende en Juntas Generales la ganader\u00eda extensiva ante las pretensiones de protecci\u00f3n del lobo\u00a0 - UAGA\",\"isPartOf\":{\"@id\":\"https:\/\/www.uaga.eus\/#website\"},\"datePublished\":\"2021-03-18T13:16:26+00:00\",\"dateModified\":\"2021-03-18T13:16:47+00:00\",\"author\":{\"@id\":\"https:\/\/www.uaga.eus\/#\/schema\/person\/48c3cbf0f33d1b788226dbb6518689cf\"},\"breadcrumb\":{\"@id\":\"https:\/\/www.uaga.eus\/uaga-defiende-en-juntas-generales-la-ganaderia-extensiva-ante-las-pretensiones-de-proteccion-del-lobo\/#breadcrumb\"},\"inLanguage\":\"eu\",\"potentialAction\":[{\"@type\":\"ReadAction\",\"target\":[\"https:\/\/www.uaga.eus\/uaga-defiende-en-juntas-generales-la-ganaderia-extensiva-ante-las-pretensiones-de-proteccion-del-lobo\/\"]}]},{\"@type\":\"BreadcrumbList\",\"@id\":\"https:\/\/www.uaga.eus\/uaga-defiende-en-juntas-generales-la-ganaderia-extensiva-ante-las-pretensiones-de-proteccion-del-lobo\/#breadcrumb\",\"itemListElement\":[{\"@type\":\"ListItem\",\"position\":1,\"name\":\"Inicio\",\"item\":\"https:\/\/www.uaga.eus\/\"},{\"@type\":\"ListItem\",\"position\":2,\"name\":\"UAGA defiende en Juntas Generales la ganader\u00eda extensiva ante las pretensiones de protecci\u00f3n del lobo\u00a0\"}]},{\"@type\":\"WebSite\",\"@id\":\"https:\/\/www.uaga.eus\/#website\",\"url\":\"https:\/\/www.uaga.eus\/\",\"name\":\"UAGA\",\"description\":\"Uni\u00f3n Agroganadera de \u00c1lava - Araba Nekazarien Elkartea\",\"potentialAction\":[{\"@type\":\"SearchAction\",\"target\":{\"@type\":\"EntryPoint\",\"urlTemplate\":\"https:\/\/www.uaga.eus\/?s={search_term_string}\"},\"query-input\":\"required name=search_term_string\"}],\"inLanguage\":\"eu\"},{\"@type\":\"Person\",\"@id\":\"https:\/\/www.uaga.eus\/#\/schema\/person\/48c3cbf0f33d1b788226dbb6518689cf\",\"name\":\"Blanca S\u00e1nchez\",\"image\":{\"@type\":\"ImageObject\",\"inLanguage\":\"eu\",\"@id\":\"https:\/\/www.uaga.eus\/#\/schema\/person\/image\/\",\"url\":\"https:\/\/secure.gravatar.com\/avatar\/0dc91c20648254b1ce84877283f6751b?s=96&d=mm&r=g\",\"contentUrl\":\"https:\/\/secure.gravatar.com\/avatar\/0dc91c20648254b1ce84877283f6751b?s=96&d=mm&r=g\",\"caption\":\"Blanca S\u00e1nchez\"},\"url\":\"https:\/\/www.uaga.eus\/eu\/author\/bsanchez\/\"}]}<\/script>\n<!-- \/ Yoast SEO plugin. -->","yoast_head_json":{"title":"UAGA defiende en Juntas Generales la ganader\u00eda extensiva ante las pretensiones de protecci\u00f3n del lobo\u00a0 - UAGA","robots":{"index":"index","follow":"follow","max-snippet":"max-snippet:-1","max-image-preview":"max-image-preview:large","max-video-preview":"max-video-preview:-1"},"canonical":"https:\/\/www.uaga.eus\/uaga-defiende-en-juntas-generales-la-ganaderia-extensiva-ante-las-pretensiones-de-proteccion-del-lobo\/","og_locale":"en_US","og_type":"article","og_title":"UAGA defiende en Juntas Generales la ganader\u00eda extensiva ante las pretensiones de protecci\u00f3n del lobo\u00a0 - UAGA","og_description":"Javier Torre y Txema Lopez de Abetxuko, Presidente y responsable de ganader\u00eda de UAGA respectivamente, han comparecido esta ma\u00f1ana en la Comisi\u00f3n de Agricultura de las Juntas Generales de \u00c1lava para mostrar su rechazo a que tanto el Gobierno Vasco como el Ministerio incluyan al lobo como especie de protecci\u00f3n especial. UAGA ha expuesto su [&hellip;]","og_url":"https:\/\/www.uaga.eus\/uaga-defiende-en-juntas-generales-la-ganaderia-extensiva-ante-las-pretensiones-de-proteccion-del-lobo\/","og_site_name":"UAGA","article_published_time":"2021-03-18T13:16:26+00:00","article_modified_time":"2021-03-18T13:16:47+00:00","og_image":[{"width":700,"height":465,"url":"https:\/\/www.uaga.eus\/wp-content\/uploads\/2019\/02\/lobo-iberico.jpg","type":"image\/jpeg"}],"author":"Blanca S\u00e1nchez","twitter_card":"summary_large_image","twitter_misc":{"Written by":"Blanca S\u00e1nchez","Est. reading time":"1 minutua"},"schema":{"@context":"https:\/\/schema.org","@graph":[{"@type":"WebPage","@id":"https:\/\/www.uaga.eus\/uaga-defiende-en-juntas-generales-la-ganaderia-extensiva-ante-las-pretensiones-de-proteccion-del-lobo\/","url":"https:\/\/www.uaga.eus\/uaga-defiende-en-juntas-generales-la-ganaderia-extensiva-ante-las-pretensiones-de-proteccion-del-lobo\/","name":"UAGA defiende en Juntas Generales la ganader\u00eda extensiva ante las pretensiones de protecci\u00f3n del lobo\u00a0 - UAGA","isPartOf":{"@id":"https:\/\/www.uaga.eus\/#website"},"datePublished":"2021-03-18T13:16:26+00:00","dateModified":"2021-03-18T13:16:47+00:00","author":{"@id":"https:\/\/www.uaga.eus\/#\/schema\/person\/48c3cbf0f33d1b788226dbb6518689cf"},"breadcrumb":{"@id":"https:\/\/www.uaga.eus\/uaga-defiende-en-juntas-generales-la-ganaderia-extensiva-ante-las-pretensiones-de-proteccion-del-lobo\/#breadcrumb"},"inLanguage":"eu","potentialAction":[{"@type":"ReadAction","target":["https:\/\/www.uaga.eus\/uaga-defiende-en-juntas-generales-la-ganaderia-extensiva-ante-las-pretensiones-de-proteccion-del-lobo\/"]}]},{"@type":"BreadcrumbList","@id":"https:\/\/www.uaga.eus\/uaga-defiende-en-juntas-generales-la-ganaderia-extensiva-ante-las-pretensiones-de-proteccion-del-lobo\/#breadcrumb","itemListElement":[{"@type":"ListItem","position":1,"name":"Inicio","item":"https:\/\/www.uaga.eus\/"},{"@type":"ListItem","position":2,"name":"UAGA defiende en Juntas Generales la ganader\u00eda extensiva ante las pretensiones de protecci\u00f3n del lobo\u00a0"}]},{"@type":"WebSite","@id":"https:\/\/www.uaga.eus\/#website","url":"https:\/\/www.uaga.eus\/","name":"UAGA","description":"Uni\u00f3n Agroganadera de \u00c1lava - Araba Nekazarien Elkartea","potentialAction":[{"@type":"SearchAction","target":{"@type":"EntryPoint","urlTemplate":"https:\/\/www.uaga.eus\/?s={search_term_string}"},"query-input":"required name=search_term_string"}],"inLanguage":"eu"},{"@type":"Person","@id":"https:\/\/www.uaga.eus\/#\/schema\/person\/48c3cbf0f33d1b788226dbb6518689cf","name":"Blanca S\u00e1nchez","image":{"@type":"ImageObject","inLanguage":"eu","@id":"https:\/\/www.uaga.eus\/#\/schema\/person\/image\/","url":"https:\/\/secure.gravatar.com\/avatar\/0dc91c20648254b1ce84877283f6751b?s=96&d=mm&r=g","contentUrl":"https:\/\/secure.gravatar.com\/avatar\/0dc91c20648254b1ce84877283f6751b?s=96&d=mm&r=g","caption":"Blanca S\u00e1nchez"},"url":"https:\/\/www.uaga.eus\/eu\/author\/bsanchez\/"}]}},"_links":{"self":[{"href":"https:\/\/www.uaga.eus\/eu\/wp-json\/wp\/v2\/posts\/8743"}],"collection":[{"href":"https:\/\/www.uaga.eus\/eu\/wp-json\/wp\/v2\/posts"}],"about":[{"href":"https:\/\/www.uaga.eus\/eu\/wp-json\/wp\/v2\/types\/post"}],"author":[{"embeddable":true,"href":"https:\/\/www.uaga.eus\/eu\/wp-json\/wp\/v2\/users\/4"}],"replies":[{"embeddable":true,"href":"https:\/\/www.uaga.eus\/eu\/wp-json\/wp\/v2\/comments?post=8743"}],"version-history":[{"count":2,"href":"https:\/\/www.uaga.eus\/eu\/wp-json\/wp\/v2\/posts\/8743\/revisions"}],"predecessor-version":[{"id":8745,"href":"https:\/\/www.uaga.eus\/eu\/wp-json\/wp\/v2\/posts\/8743\/revisions\/8745"}],"wp:featuredmedia":[{"embeddable":true,"href":"https:\/\/www.uaga.eus\/eu\/wp-json\/wp\/v2\/media\/5666"}],"wp:attachment":[{"href":"https:\/\/www.uaga.eus\/eu\/wp-json\/wp\/v2\/media?parent=8743"}],"wp:term":[{"taxonomy":"category","embeddable":true,"href":"https:\/\/www.uaga.eus\/eu\/wp-json\/wp\/v2\/categories?post=8743"},{"taxonomy":"post_tag","embeddable":true,"href":"https:\/\/www.uaga.eus\/eu\/wp-json\/wp\/v2\/tags?post=8743"}],"curies":[{"name":"wp","href":"https:\/\/api.w.org\/{rel}","templated":true}]}}