{"id":8741,"date":"2021-03-18T13:11:44","date_gmt":"2021-03-18T13:11:44","guid":{"rendered":"https:\/\/www.uaga.eus\/?p=8741"},"modified":"2021-03-18T13:15:13","modified_gmt":"2021-03-18T13:15:13","slug":"el-ministerio-de-agricultura-publica-los-valores-medios-de-pago-basico-para-la-campana-2021-de-la-pac","status":"publish","type":"post","link":"https:\/\/www.uaga.eus\/eu\/el-ministerio-de-agricultura-publica-los-valores-medios-de-pago-basico-para-la-campana-2021-de-la-pac\/","title":{"rendered":"El Ministerio de Agricultura publica los valores medios de pago b\u00e1sico para la campa\u00f1a 2021 de la PAC"},"content":{"rendered":"<p>El FEGA, Fondo de Garant\u00eda Agraria dependiente del Ministerio de Agricultura ha publicado los valores medios regionales de la campa\u00f1a 2021 para cada una de las 50 regiones de pago b\u00e1sico establecidas desde el a\u00f1o 2015 en el Estado espa\u00f1ol.<\/p>\n<p>La base territorial de las 50 regiones del r\u00e9gimen de pago b\u00e1sico que se utilizan en este r\u00e9gimen de ayuda, se mantiene sin cambios durante el periodo transitorio de 2021 y 2022 respecto a los a\u00f1os 2015 a 2020. El c\u00e1lculo del valor medio regional se realiza dividiendo el importe total de pago b\u00e1sico en cada regi\u00f3n (l\u00edmite m\u00e1ximo regional) por el n\u00famero de derechos de pago que posean en cada regi\u00f3n los agricultores y ganaderos a 31 de diciembre de 2020.<\/p>\n<p>El valor medio regional calculado para la campa\u00f1a 2021 es el valor de referencia para aplicar la convergencia establecida en el Real Decreto 41\/2021, donde los derechos con un valor inferior o superior al valor medio deben aproximarse hacia el mismo.<\/p>\n<p>Los principales valores medios que nos afectan son los siguientes:<\/p>\n<ul>\n<li>Tierra de Cultivo de Secano (TCS): \u00c1lava-Trevi\u00f1o (147,95 \u20ac\/ha)<\/li>\n<li>Tierra de Cultivo de Regad\u00edo (TCR): Trevi\u00f1o (220,55 \u20ac\/ha), \u00c1lava (399,38 \u20ac\/ha) y Rioja Alavesa (147,95 \u20ac\/ha)<\/li>\n<li>Cultivos Permanentes (CP): \u00c1lava-Trevi\u00f1o (166,69 \u20ac\/ha) y Rioja-Alavesa (113,64 \u20ac\/ha)<\/li>\n<li>Pastos (PT): \u00c1lava-Trevi\u00f1o (80,66 \u20ac\/ha), Rioja Alavesa (161,43\u20ac\/ha) y Estribaciones Gorbea (116,43 \u20ac\/ha)<\/li>\n<\/ul>\n<p>Puedes consultar el documento en el siguiente <a title=\"https:\/\/www.fega.es\/sites\/default\/files\/VMR_2021_EN_EL_REGIMEN_DE_PAGO_BASICO.PDF\" href=\"https:\/\/www.fega.es\/sites\/default\/files\/VMR_2021_EN_EL_REGIMEN_DE_PAGO_BASICO.PDF\" data-cke-saved-href=\"https:\/\/www.fega.es\/sites\/default\/files\/VMR_2021_EN_EL_REGIMEN_DE_PAGO_BASICO.PDF\">enlace<\/a>.<\/p>\n<div>+INFO SUGOI: 675 707 696<\/div>\n","protected":false},"excerpt":{"rendered":"<p>El FEGA, Fondo de Garant\u00eda Agraria dependiente del Ministerio de Agricultura ha publicado los valores medios regionales de la campa\u00f1a 2021 para cada una de las 50 regiones de pago b\u00e1sico establecidas desde el a\u00f1o 2015 en el Estado espa\u00f1ol. La base territorial de las 50 regiones del r\u00e9gimen de pago b\u00e1sico que se utilizan [&hellip;]<\/p>\n","protected":false},"author":4,"featured_media":2828,"comment_status":"closed","ping_status":"closed","sticky":false,"template":"","format":"standard","meta":{"footnotes":""},"categories":[5,4],"tags":[],"yoast_head":"<!-- This site is optimized with the Yoast SEO plugin v21.5 - https:\/\/yoast.com\/wordpress\/plugins\/seo\/ -->\n<title>El Ministerio de Agricultura publica los valores medios de pago b\u00e1sico para la campa\u00f1a 2021 de la PAC - UAGA<\/title>\n<meta name=\"robots\" content=\"index, follow, max-snippet:-1, max-image-preview:large, max-video-preview:-1\" \/>\n<link rel=\"canonical\" href=\"https:\/\/www.uaga.eus\/el-ministerio-de-agricultura-publica-los-valores-medios-de-pago-basico-para-la-campana-2021-de-la-pac\/\" \/>\n<meta property=\"og:locale\" content=\"en_US\" \/>\n<meta property=\"og:type\" content=\"article\" \/>\n<meta property=\"og:title\" content=\"El Ministerio de Agricultura publica los valores medios de pago b\u00e1sico para la campa\u00f1a 2021 de la PAC - UAGA\" \/>\n<meta property=\"og:description\" content=\"El FEGA, Fondo de Garant\u00eda Agraria dependiente del Ministerio de Agricultura ha publicado los valores medios regionales de la campa\u00f1a 2021 para cada una de las 50 regiones de pago b\u00e1sico establecidas desde el a\u00f1o 2015 en el Estado espa\u00f1ol. La base territorial de las 50 regiones del r\u00e9gimen de pago b\u00e1sico que se utilizan [&hellip;]\" \/>\n<meta property=\"og:url\" content=\"https:\/\/www.uaga.eus\/el-ministerio-de-agricultura-publica-los-valores-medios-de-pago-basico-para-la-campana-2021-de-la-pac\/\" \/>\n<meta property=\"og:site_name\" content=\"UAGA\" \/>\n<meta property=\"article:published_time\" content=\"2021-03-18T13:11:44+00:00\" \/>\n<meta property=\"article:modified_time\" content=\"2021-03-18T13:15:13+00:00\" \/>\n<meta property=\"og:image\" content=\"https:\/\/www.uaga.eus\/wp-content\/uploads\/2018\/05\/paisaje-cerealista.jpg\" \/>\n\t<meta property=\"og:image:width\" content=\"700\" \/>\n\t<meta property=\"og:image:height\" content=\"446\" \/>\n\t<meta property=\"og:image:type\" content=\"image\/jpeg\" \/>\n<meta name=\"author\" content=\"Blanca S\u00e1nchez\" \/>\n<meta name=\"twitter:card\" content=\"summary_large_image\" \/>\n<meta name=\"twitter:label1\" content=\"Written by\" \/>\n\t<meta name=\"twitter:data1\" content=\"Blanca S\u00e1nchez\" \/>\n\t<meta name=\"twitter:label2\" content=\"Est. reading time\" \/>\n\t<meta name=\"twitter:data2\" content=\"1 minutua\" \/>\n<script type=\"application\/ld+json\" class=\"yoast-schema-graph\">{\"@context\":\"https:\/\/schema.org\",\"@graph\":[{\"@type\":\"WebPage\",\"@id\":\"https:\/\/www.uaga.eus\/el-ministerio-de-agricultura-publica-los-valores-medios-de-pago-basico-para-la-campana-2021-de-la-pac\/\",\"url\":\"https:\/\/www.uaga.eus\/el-ministerio-de-agricultura-publica-los-valores-medios-de-pago-basico-para-la-campana-2021-de-la-pac\/\",\"name\":\"El Ministerio de Agricultura publica los valores medios de pago b\u00e1sico para la campa\u00f1a 2021 de la PAC - UAGA\",\"isPartOf\":{\"@id\":\"https:\/\/www.uaga.eus\/#website\"},\"datePublished\":\"2021-03-18T13:11:44+00:00\",\"dateModified\":\"2021-03-18T13:15:13+00:00\",\"author\":{\"@id\":\"https:\/\/www.uaga.eus\/#\/schema\/person\/48c3cbf0f33d1b788226dbb6518689cf\"},\"breadcrumb\":{\"@id\":\"https:\/\/www.uaga.eus\/el-ministerio-de-agricultura-publica-los-valores-medios-de-pago-basico-para-la-campana-2021-de-la-pac\/#breadcrumb\"},\"inLanguage\":\"eu\",\"potentialAction\":[{\"@type\":\"ReadAction\",\"target\":[\"https:\/\/www.uaga.eus\/el-ministerio-de-agricultura-publica-los-valores-medios-de-pago-basico-para-la-campana-2021-de-la-pac\/\"]}]},{\"@type\":\"BreadcrumbList\",\"@id\":\"https:\/\/www.uaga.eus\/el-ministerio-de-agricultura-publica-los-valores-medios-de-pago-basico-para-la-campana-2021-de-la-pac\/#breadcrumb\",\"itemListElement\":[{\"@type\":\"ListItem\",\"position\":1,\"name\":\"Inicio\",\"item\":\"https:\/\/www.uaga.eus\/\"},{\"@type\":\"ListItem\",\"position\":2,\"name\":\"El Ministerio de Agricultura publica los valores medios de pago b\u00e1sico para la campa\u00f1a 2021 de la PAC\"}]},{\"@type\":\"WebSite\",\"@id\":\"https:\/\/www.uaga.eus\/#website\",\"url\":\"https:\/\/www.uaga.eus\/\",\"name\":\"UAGA\",\"description\":\"Uni\u00f3n Agroganadera de \u00c1lava - Araba Nekazarien Elkartea\",\"potentialAction\":[{\"@type\":\"SearchAction\",\"target\":{\"@type\":\"EntryPoint\",\"urlTemplate\":\"https:\/\/www.uaga.eus\/?s={search_term_string}\"},\"query-input\":\"required name=search_term_string\"}],\"inLanguage\":\"eu\"},{\"@type\":\"Person\",\"@id\":\"https:\/\/www.uaga.eus\/#\/schema\/person\/48c3cbf0f33d1b788226dbb6518689cf\",\"name\":\"Blanca S\u00e1nchez\",\"image\":{\"@type\":\"ImageObject\",\"inLanguage\":\"eu\",\"@id\":\"https:\/\/www.uaga.eus\/#\/schema\/person\/image\/\",\"url\":\"https:\/\/secure.gravatar.com\/avatar\/0dc91c20648254b1ce84877283f6751b?s=96&d=mm&r=g\",\"contentUrl\":\"https:\/\/secure.gravatar.com\/avatar\/0dc91c20648254b1ce84877283f6751b?s=96&d=mm&r=g\",\"caption\":\"Blanca S\u00e1nchez\"},\"url\":\"https:\/\/www.uaga.eus\/eu\/author\/bsanchez\/\"}]}<\/script>\n<!-- \/ Yoast SEO plugin. -->","yoast_head_json":{"title":"El Ministerio de Agricultura publica los valores medios de pago b\u00e1sico para la campa\u00f1a 2021 de la PAC - UAGA","robots":{"index":"index","follow":"follow","max-snippet":"max-snippet:-1","max-image-preview":"max-image-preview:large","max-video-preview":"max-video-preview:-1"},"canonical":"https:\/\/www.uaga.eus\/el-ministerio-de-agricultura-publica-los-valores-medios-de-pago-basico-para-la-campana-2021-de-la-pac\/","og_locale":"en_US","og_type":"article","og_title":"El Ministerio de Agricultura publica los valores medios de pago b\u00e1sico para la campa\u00f1a 2021 de la PAC - UAGA","og_description":"El FEGA, Fondo de Garant\u00eda Agraria dependiente del Ministerio de Agricultura ha publicado los valores medios regionales de la campa\u00f1a 2021 para cada una de las 50 regiones de pago b\u00e1sico establecidas desde el a\u00f1o 2015 en el Estado espa\u00f1ol. La base territorial de las 50 regiones del r\u00e9gimen de pago b\u00e1sico que se utilizan [&hellip;]","og_url":"https:\/\/www.uaga.eus\/el-ministerio-de-agricultura-publica-los-valores-medios-de-pago-basico-para-la-campana-2021-de-la-pac\/","og_site_name":"UAGA","article_published_time":"2021-03-18T13:11:44+00:00","article_modified_time":"2021-03-18T13:15:13+00:00","og_image":[{"width":700,"height":446,"url":"https:\/\/www.uaga.eus\/wp-content\/uploads\/2018\/05\/paisaje-cerealista.jpg","type":"image\/jpeg"}],"author":"Blanca S\u00e1nchez","twitter_card":"summary_large_image","twitter_misc":{"Written by":"Blanca S\u00e1nchez","Est. reading time":"1 minutua"},"schema":{"@context":"https:\/\/schema.org","@graph":[{"@type":"WebPage","@id":"https:\/\/www.uaga.eus\/el-ministerio-de-agricultura-publica-los-valores-medios-de-pago-basico-para-la-campana-2021-de-la-pac\/","url":"https:\/\/www.uaga.eus\/el-ministerio-de-agricultura-publica-los-valores-medios-de-pago-basico-para-la-campana-2021-de-la-pac\/","name":"El Ministerio de Agricultura publica los valores medios de pago b\u00e1sico para la campa\u00f1a 2021 de la PAC - UAGA","isPartOf":{"@id":"https:\/\/www.uaga.eus\/#website"},"datePublished":"2021-03-18T13:11:44+00:00","dateModified":"2021-03-18T13:15:13+00:00","author":{"@id":"https:\/\/www.uaga.eus\/#\/schema\/person\/48c3cbf0f33d1b788226dbb6518689cf"},"breadcrumb":{"@id":"https:\/\/www.uaga.eus\/el-ministerio-de-agricultura-publica-los-valores-medios-de-pago-basico-para-la-campana-2021-de-la-pac\/#breadcrumb"},"inLanguage":"eu","potentialAction":[{"@type":"ReadAction","target":["https:\/\/www.uaga.eus\/el-ministerio-de-agricultura-publica-los-valores-medios-de-pago-basico-para-la-campana-2021-de-la-pac\/"]}]},{"@type":"BreadcrumbList","@id":"https:\/\/www.uaga.eus\/el-ministerio-de-agricultura-publica-los-valores-medios-de-pago-basico-para-la-campana-2021-de-la-pac\/#breadcrumb","itemListElement":[{"@type":"ListItem","position":1,"name":"Inicio","item":"https:\/\/www.uaga.eus\/"},{"@type":"ListItem","position":2,"name":"El Ministerio de Agricultura publica los valores medios de pago b\u00e1sico para la campa\u00f1a 2021 de la PAC"}]},{"@type":"WebSite","@id":"https:\/\/www.uaga.eus\/#website","url":"https:\/\/www.uaga.eus\/","name":"UAGA","description":"Uni\u00f3n Agroganadera de \u00c1lava - Araba Nekazarien Elkartea","potentialAction":[{"@type":"SearchAction","target":{"@type":"EntryPoint","urlTemplate":"https:\/\/www.uaga.eus\/?s={search_term_string}"},"query-input":"required name=search_term_string"}],"inLanguage":"eu"},{"@type":"Person","@id":"https:\/\/www.uaga.eus\/#\/schema\/person\/48c3cbf0f33d1b788226dbb6518689cf","name":"Blanca S\u00e1nchez","image":{"@type":"ImageObject","inLanguage":"eu","@id":"https:\/\/www.uaga.eus\/#\/schema\/person\/image\/","url":"https:\/\/secure.gravatar.com\/avatar\/0dc91c20648254b1ce84877283f6751b?s=96&d=mm&r=g","contentUrl":"https:\/\/secure.gravatar.com\/avatar\/0dc91c20648254b1ce84877283f6751b?s=96&d=mm&r=g","caption":"Blanca S\u00e1nchez"},"url":"https:\/\/www.uaga.eus\/eu\/author\/bsanchez\/"}]}},"_links":{"self":[{"href":"https:\/\/www.uaga.eus\/eu\/wp-json\/wp\/v2\/posts\/8741"}],"collection":[{"href":"https:\/\/www.uaga.eus\/eu\/wp-json\/wp\/v2\/posts"}],"about":[{"href":"https:\/\/www.uaga.eus\/eu\/wp-json\/wp\/v2\/types\/post"}],"author":[{"embeddable":true,"href":"https:\/\/www.uaga.eus\/eu\/wp-json\/wp\/v2\/users\/4"}],"replies":[{"embeddable":true,"href":"https:\/\/www.uaga.eus\/eu\/wp-json\/wp\/v2\/comments?post=8741"}],"version-history":[{"count":1,"href":"https:\/\/www.uaga.eus\/eu\/wp-json\/wp\/v2\/posts\/8741\/revisions"}],"predecessor-version":[{"id":8742,"href":"https:\/\/www.uaga.eus\/eu\/wp-json\/wp\/v2\/posts\/8741\/revisions\/8742"}],"wp:featuredmedia":[{"embeddable":true,"href":"https:\/\/www.uaga.eus\/eu\/wp-json\/wp\/v2\/media\/2828"}],"wp:attachment":[{"href":"https:\/\/www.uaga.eus\/eu\/wp-json\/wp\/v2\/media?parent=8741"}],"wp:term":[{"taxonomy":"category","embeddable":true,"href":"https:\/\/www.uaga.eus\/eu\/wp-json\/wp\/v2\/categories?post=8741"},{"taxonomy":"post_tag","embeddable":true,"href":"https:\/\/www.uaga.eus\/eu\/wp-json\/wp\/v2\/tags?post=8741"}],"curies":[{"name":"wp","href":"https:\/\/api.w.org\/{rel}","templated":true}]}}