{"id":8733,"date":"2021-03-18T14:00:05","date_gmt":"2021-03-18T14:00:05","guid":{"rendered":"https:\/\/www.uaga.eus\/?p=8733"},"modified":"2021-03-26T09:26:18","modified_gmt":"2021-03-26T09:26:18","slug":"el-ministerio-confirma-a-uaga-que-azucarera-incurre-en-incumplimientos-en-su-propuesta-de-contratos","status":"publish","type":"post","link":"https:\/\/www.uaga.eus\/eu\/el-ministerio-confirma-a-uaga-que-azucarera-incurre-en-incumplimientos-en-su-propuesta-de-contratos\/","title":{"rendered":"El Ministerio confirma a UAGA que Azucarera incurre en incumplimientos en su propuesta de contratos \u00a0"},"content":{"rendered":"<p>UAGA, al recibir la oferta de contrataci\u00f3n de Azucarera para la campa\u00f1a 2021-2022, pidi\u00f3 a COAG que presentase una reclamaci\u00f3n al Ministerio por algunas de las condiciones propuestas por Azucarera en su oferta de contrataci\u00f3n.<\/p>\n<p>El Ministerio ha respondido a la solicitud confirmando que <strong>las propuestas de contratos presentadas por AB Azucarera incumplen la Ley de Mejora de la Cadena Alimentaria.<\/strong><\/p>\n<p>El Subdirector General de Competitividad de la Cadena Alimentaria reitera que, para fijar el precio, si \u00e9ste tiene una parte variable, es decir, que se determina seg\u00fan diferentes factores, uno de ellos obligatoriamente debe ser el coste efectivo de producci\u00f3n.<\/p>\n<p>Y el coste de producci\u00f3n se debe calcular teniendo en cuenta los costes de producci\u00f3n en que el operador efectivamente ha incurrido, asumidos o similares.<\/p>\n<p>Por tanto, seg\u00fan el Ministerio, no es correcto indicar en el contrato que las partes desconocen cu\u00e1l es el coste de producci\u00f3n.<\/p>\n<p>Asimismo, asegura que, de acuerdo a la Ley de la Cadena Alimentaria, las ayudas o subvenciones al cultivo no estar\u00e1n relacionadas con los costes efectivos necesarios para producir un producto.<\/p>\n<p>Puedes leer la nota de prensa de COAG en este link.<\/p>\n<div>+INFO:\u00a0 YOLANDA\u00a0 615 779 584<\/div>\n<p><\/p>","protected":false},"excerpt":{"rendered":"<p>UAGA, al recibir la oferta de contrataci\u00f3n de Azucarera para la campa\u00f1a 2021-2022, pidi\u00f3 a COAG que presentase una reclamaci\u00f3n al Ministerio por algunas de las condiciones propuestas por Azucarera en su oferta de contrataci\u00f3n. El Ministerio ha respondido a la solicitud confirmando que las propuestas de contratos presentadas por AB Azucarera incumplen la Ley [&hellip;]<\/p>\n","protected":false},"author":4,"featured_media":6520,"comment_status":"closed","ping_status":"closed","sticky":false,"template":"","format":"standard","meta":{"footnotes":""},"categories":[7,12,3],"tags":[],"yoast_head":"<!-- This site is optimized with the Yoast SEO plugin v21.5 - https:\/\/yoast.com\/wordpress\/plugins\/seo\/ -->\n<title>El Ministerio confirma a UAGA que Azucarera incurre en incumplimientos en su propuesta de contratos \u00a0 - UAGA<\/title>\n<meta name=\"robots\" content=\"index, follow, max-snippet:-1, max-image-preview:large, max-video-preview:-1\" \/>\n<link rel=\"canonical\" href=\"https:\/\/www.uaga.eus\/eu\/el-ministerio-confirma-a-uaga-que-azucarera-incurre-en-incumplimientos-en-su-propuesta-de-contratos\/\" \/>\n<meta property=\"og:locale\" content=\"en_US\" \/>\n<meta property=\"og:type\" content=\"article\" \/>\n<meta property=\"og:title\" content=\"El Ministerio confirma a UAGA que Azucarera incurre en incumplimientos en su propuesta de contratos \u00a0 - UAGA\" \/>\n<meta property=\"og:description\" content=\"UAGA, al recibir la oferta de contrataci\u00f3n de Azucarera para la campa\u00f1a 2021-2022, pidi\u00f3 a COAG que presentase una reclamaci\u00f3n al Ministerio por algunas de las condiciones propuestas por Azucarera en su oferta de contrataci\u00f3n. El Ministerio ha respondido a la solicitud confirmando que las propuestas de contratos presentadas por AB Azucarera incumplen la Ley [&hellip;]\" \/>\n<meta property=\"og:url\" content=\"https:\/\/www.uaga.eus\/eu\/el-ministerio-confirma-a-uaga-que-azucarera-incurre-en-incumplimientos-en-su-propuesta-de-contratos\/\" \/>\n<meta property=\"og:site_name\" content=\"UAGA\" \/>\n<meta property=\"article:published_time\" content=\"2021-03-18T14:00:05+00:00\" \/>\n<meta property=\"article:modified_time\" content=\"2021-03-26T09:26:18+00:00\" \/>\n<meta property=\"og:image\" content=\"https:\/\/www.uaga.eus\/wp-content\/uploads\/2019\/10\/IMG_3221-e1570187540298.jpg\" \/>\n\t<meta property=\"og:image:width\" content=\"698\" \/>\n\t<meta property=\"og:image:height\" content=\"337\" \/>\n\t<meta property=\"og:image:type\" content=\"image\/jpeg\" \/>\n<meta name=\"author\" content=\"Blanca S\u00e1nchez\" \/>\n<meta name=\"twitter:card\" content=\"summary_large_image\" \/>\n<meta name=\"twitter:label1\" content=\"Written by\" \/>\n\t<meta name=\"twitter:data1\" content=\"Blanca S\u00e1nchez\" \/>\n\t<meta name=\"twitter:label2\" content=\"Est. reading time\" \/>\n\t<meta name=\"twitter:data2\" content=\"2 minutua\" \/>\n<script type=\"application\/ld+json\" class=\"yoast-schema-graph\">{\"@context\":\"https:\/\/schema.org\",\"@graph\":[{\"@type\":\"WebPage\",\"@id\":\"https:\/\/www.uaga.eus\/eu\/el-ministerio-confirma-a-uaga-que-azucarera-incurre-en-incumplimientos-en-su-propuesta-de-contratos\/\",\"url\":\"https:\/\/www.uaga.eus\/eu\/el-ministerio-confirma-a-uaga-que-azucarera-incurre-en-incumplimientos-en-su-propuesta-de-contratos\/\",\"name\":\"El Ministerio confirma a UAGA que Azucarera incurre en incumplimientos en su propuesta de contratos \u00a0 - UAGA\",\"isPartOf\":{\"@id\":\"https:\/\/www.uaga.eus\/#website\"},\"datePublished\":\"2021-03-18T14:00:05+00:00\",\"dateModified\":\"2021-03-26T09:26:18+00:00\",\"author\":{\"@id\":\"https:\/\/www.uaga.eus\/#\/schema\/person\/48c3cbf0f33d1b788226dbb6518689cf\"},\"breadcrumb\":{\"@id\":\"https:\/\/www.uaga.eus\/eu\/el-ministerio-confirma-a-uaga-que-azucarera-incurre-en-incumplimientos-en-su-propuesta-de-contratos\/#breadcrumb\"},\"inLanguage\":\"eu\",\"potentialAction\":[{\"@type\":\"ReadAction\",\"target\":[\"https:\/\/www.uaga.eus\/eu\/el-ministerio-confirma-a-uaga-que-azucarera-incurre-en-incumplimientos-en-su-propuesta-de-contratos\/\"]}]},{\"@type\":\"BreadcrumbList\",\"@id\":\"https:\/\/www.uaga.eus\/eu\/el-ministerio-confirma-a-uaga-que-azucarera-incurre-en-incumplimientos-en-su-propuesta-de-contratos\/#breadcrumb\",\"itemListElement\":[{\"@type\":\"ListItem\",\"position\":1,\"name\":\"Inicio\",\"item\":\"https:\/\/www.uaga.eus\/\"},{\"@type\":\"ListItem\",\"position\":2,\"name\":\"El Ministerio confirma a UAGA que Azucarera incurre en incumplimientos en su propuesta de contratos \u00a0\"}]},{\"@type\":\"WebSite\",\"@id\":\"https:\/\/www.uaga.eus\/#website\",\"url\":\"https:\/\/www.uaga.eus\/\",\"name\":\"UAGA\",\"description\":\"Uni\u00f3n Agroganadera de \u00c1lava - Araba Nekazarien Elkartea\",\"potentialAction\":[{\"@type\":\"SearchAction\",\"target\":{\"@type\":\"EntryPoint\",\"urlTemplate\":\"https:\/\/www.uaga.eus\/?s={search_term_string}\"},\"query-input\":\"required name=search_term_string\"}],\"inLanguage\":\"eu\"},{\"@type\":\"Person\",\"@id\":\"https:\/\/www.uaga.eus\/#\/schema\/person\/48c3cbf0f33d1b788226dbb6518689cf\",\"name\":\"Blanca S\u00e1nchez\",\"image\":{\"@type\":\"ImageObject\",\"inLanguage\":\"eu\",\"@id\":\"https:\/\/www.uaga.eus\/#\/schema\/person\/image\/\",\"url\":\"https:\/\/secure.gravatar.com\/avatar\/0dc91c20648254b1ce84877283f6751b?s=96&d=mm&r=g\",\"contentUrl\":\"https:\/\/secure.gravatar.com\/avatar\/0dc91c20648254b1ce84877283f6751b?s=96&d=mm&r=g\",\"caption\":\"Blanca S\u00e1nchez\"},\"url\":\"https:\/\/www.uaga.eus\/eu\/author\/bsanchez\/\"}]}<\/script>\n<!-- \/ Yoast SEO plugin. -->","yoast_head_json":{"title":"El Ministerio confirma a UAGA que Azucarera incurre en incumplimientos en su propuesta de contratos \u00a0 - UAGA","robots":{"index":"index","follow":"follow","max-snippet":"max-snippet:-1","max-image-preview":"max-image-preview:large","max-video-preview":"max-video-preview:-1"},"canonical":"https:\/\/www.uaga.eus\/eu\/el-ministerio-confirma-a-uaga-que-azucarera-incurre-en-incumplimientos-en-su-propuesta-de-contratos\/","og_locale":"en_US","og_type":"article","og_title":"El Ministerio confirma a UAGA que Azucarera incurre en incumplimientos en su propuesta de contratos \u00a0 - UAGA","og_description":"UAGA, al recibir la oferta de contrataci\u00f3n de Azucarera para la campa\u00f1a 2021-2022, pidi\u00f3 a COAG que presentase una reclamaci\u00f3n al Ministerio por algunas de las condiciones propuestas por Azucarera en su oferta de contrataci\u00f3n. El Ministerio ha respondido a la solicitud confirmando que las propuestas de contratos presentadas por AB Azucarera incumplen la Ley [&hellip;]","og_url":"https:\/\/www.uaga.eus\/eu\/el-ministerio-confirma-a-uaga-que-azucarera-incurre-en-incumplimientos-en-su-propuesta-de-contratos\/","og_site_name":"UAGA","article_published_time":"2021-03-18T14:00:05+00:00","article_modified_time":"2021-03-26T09:26:18+00:00","og_image":[{"width":698,"height":337,"url":"https:\/\/www.uaga.eus\/wp-content\/uploads\/2019\/10\/IMG_3221-e1570187540298.jpg","type":"image\/jpeg"}],"author":"Blanca S\u00e1nchez","twitter_card":"summary_large_image","twitter_misc":{"Written by":"Blanca S\u00e1nchez","Est. reading time":"2 minutua"},"schema":{"@context":"https:\/\/schema.org","@graph":[{"@type":"WebPage","@id":"https:\/\/www.uaga.eus\/eu\/el-ministerio-confirma-a-uaga-que-azucarera-incurre-en-incumplimientos-en-su-propuesta-de-contratos\/","url":"https:\/\/www.uaga.eus\/eu\/el-ministerio-confirma-a-uaga-que-azucarera-incurre-en-incumplimientos-en-su-propuesta-de-contratos\/","name":"El Ministerio confirma a UAGA que Azucarera incurre en incumplimientos en su propuesta de contratos \u00a0 - UAGA","isPartOf":{"@id":"https:\/\/www.uaga.eus\/#website"},"datePublished":"2021-03-18T14:00:05+00:00","dateModified":"2021-03-26T09:26:18+00:00","author":{"@id":"https:\/\/www.uaga.eus\/#\/schema\/person\/48c3cbf0f33d1b788226dbb6518689cf"},"breadcrumb":{"@id":"https:\/\/www.uaga.eus\/eu\/el-ministerio-confirma-a-uaga-que-azucarera-incurre-en-incumplimientos-en-su-propuesta-de-contratos\/#breadcrumb"},"inLanguage":"eu","potentialAction":[{"@type":"ReadAction","target":["https:\/\/www.uaga.eus\/eu\/el-ministerio-confirma-a-uaga-que-azucarera-incurre-en-incumplimientos-en-su-propuesta-de-contratos\/"]}]},{"@type":"BreadcrumbList","@id":"https:\/\/www.uaga.eus\/eu\/el-ministerio-confirma-a-uaga-que-azucarera-incurre-en-incumplimientos-en-su-propuesta-de-contratos\/#breadcrumb","itemListElement":[{"@type":"ListItem","position":1,"name":"Inicio","item":"https:\/\/www.uaga.eus\/"},{"@type":"ListItem","position":2,"name":"El Ministerio confirma a UAGA que Azucarera incurre en incumplimientos en su propuesta de contratos \u00a0"}]},{"@type":"WebSite","@id":"https:\/\/www.uaga.eus\/#website","url":"https:\/\/www.uaga.eus\/","name":"UAGA","description":"Uni\u00f3n Agroganadera de \u00c1lava - Araba Nekazarien Elkartea","potentialAction":[{"@type":"SearchAction","target":{"@type":"EntryPoint","urlTemplate":"https:\/\/www.uaga.eus\/?s={search_term_string}"},"query-input":"required name=search_term_string"}],"inLanguage":"eu"},{"@type":"Person","@id":"https:\/\/www.uaga.eus\/#\/schema\/person\/48c3cbf0f33d1b788226dbb6518689cf","name":"Blanca S\u00e1nchez","image":{"@type":"ImageObject","inLanguage":"eu","@id":"https:\/\/www.uaga.eus\/#\/schema\/person\/image\/","url":"https:\/\/secure.gravatar.com\/avatar\/0dc91c20648254b1ce84877283f6751b?s=96&d=mm&r=g","contentUrl":"https:\/\/secure.gravatar.com\/avatar\/0dc91c20648254b1ce84877283f6751b?s=96&d=mm&r=g","caption":"Blanca S\u00e1nchez"},"url":"https:\/\/www.uaga.eus\/eu\/author\/bsanchez\/"}]}},"_links":{"self":[{"href":"https:\/\/www.uaga.eus\/eu\/wp-json\/wp\/v2\/posts\/8733"}],"collection":[{"href":"https:\/\/www.uaga.eus\/eu\/wp-json\/wp\/v2\/posts"}],"about":[{"href":"https:\/\/www.uaga.eus\/eu\/wp-json\/wp\/v2\/types\/post"}],"author":[{"embeddable":true,"href":"https:\/\/www.uaga.eus\/eu\/wp-json\/wp\/v2\/users\/4"}],"replies":[{"embeddable":true,"href":"https:\/\/www.uaga.eus\/eu\/wp-json\/wp\/v2\/comments?post=8733"}],"version-history":[{"count":7,"href":"https:\/\/www.uaga.eus\/eu\/wp-json\/wp\/v2\/posts\/8733\/revisions"}],"predecessor-version":[{"id":8759,"href":"https:\/\/www.uaga.eus\/eu\/wp-json\/wp\/v2\/posts\/8733\/revisions\/8759"}],"wp:featuredmedia":[{"embeddable":true,"href":"https:\/\/www.uaga.eus\/eu\/wp-json\/wp\/v2\/media\/6520"}],"wp:attachment":[{"href":"https:\/\/www.uaga.eus\/eu\/wp-json\/wp\/v2\/media?parent=8733"}],"wp:term":[{"taxonomy":"category","embeddable":true,"href":"https:\/\/www.uaga.eus\/eu\/wp-json\/wp\/v2\/categories?post=8733"},{"taxonomy":"post_tag","embeddable":true,"href":"https:\/\/www.uaga.eus\/eu\/wp-json\/wp\/v2\/tags?post=8733"}],"curies":[{"name":"wp","href":"https:\/\/api.w.org\/{rel}","templated":true}]}}