{"id":8726,"date":"2021-03-18T13:18:15","date_gmt":"2021-03-18T13:18:15","guid":{"rendered":"https:\/\/www.uaga.eus\/?p=8726"},"modified":"2021-03-18T13:18:23","modified_gmt":"2021-03-18T13:18:23","slug":"coag-organizacion-agraria-estatal-en-la-que-se-integra-uaga-gana-el-arbitraje-contra-azucarera-que-tendra-que-abonar-a-las-explotaciones-remolacheras-el-precio-pactado-en-2019","status":"publish","type":"post","link":"https:\/\/www.uaga.eus\/eu\/coag-organizacion-agraria-estatal-en-la-que-se-integra-uaga-gana-el-arbitraje-contra-azucarera-que-tendra-que-abonar-a-las-explotaciones-remolacheras-el-precio-pactado-en-2019\/","title":{"rendered":"Azucarera indemnizar\u00e1 a las explotaciones agrarias del Colectivo de Remolacha de UAGA de la campa\u00f1a 2019-2020 tras resoluci\u00f3n del arbitraje a favor de los agricultores\u00a0"},"content":{"rendered":"<p>La Corte de Arbitraje de la C\u00e1mara de Comercio e Industria de Madrid ha resuelto a favor de COAG en la demanda que present\u00f3 el 29 de julio de 2019 contra AB Azucarera Iberia S.L. por haber reducido unilateralmente el precio de la remolacha pactado en el Acuerdo Marco Interprofesional (AMI), demanda en la que estaba integrado el Colectivo de Remolacha de UAGA.<\/p>\n<p><strong>La resoluci\u00f3n exige a<\/strong> <strong>Azucarera indemnizar a los agricultores que entregaron remolacha en la campa\u00f1a 2019-2020 hasta llegar al precio pactado en el AMI<\/strong>. Dicha indemnizaci\u00f3n ascender\u00e1, en el conjunto del Estado, aproximadamente a 4,2 euros por tonelada de remolacha tipo entregada. En el caso del Colectivo de Remolacha de UAGA, dicho importe rondar\u00eda los 455.000 euros.<\/p>\n<p><strong>Tambi\u00e9n se ratifica la<\/strong> <strong>capacidad de las organizaciones agrarias para pactar un nuevo Acuerdo Marco Interprofesional con la industria.<\/strong><\/p>\n<p>UAGA sigue apostando por el cultivo de remolacha, pero tenemos que lograr una buena negociaci\u00f3n con Azucarera hasta llegar al mejor acuerdo para ambas partes, con el fin de conseguir que la remolacha sea una alternativa rentable para el sector agrario alav\u00e9s y de Trevi\u00f1o.<\/p>\n<p>Puedes ver aqu\u00ed la\u00a0<a href=\"https:\/\/www.uaga.eus\/wp-content\/uploads\/2021\/03\/nota-de-prensa.pdf\" data-cke-saved-href=\"https:\/\/www.uaga.eus\/wp-content\/uploads\/2021\/03\/nota-de-prensa.pdf\">nota de prensa<\/a>\u00a0que hemos enviado a los medios.<\/p>\n<div>+INFO YOLANDA: 615 779 584<\/div>\n","protected":false},"excerpt":{"rendered":"<p>La Corte de Arbitraje de la C\u00e1mara de Comercio e Industria de Madrid ha resuelto a favor de COAG en la demanda que present\u00f3 el 29 de julio de 2019 contra AB Azucarera Iberia S.L. por haber reducido unilateralmente el precio de la remolacha pactado en el Acuerdo Marco Interprofesional (AMI), demanda en la que [&hellip;]<\/p>\n","protected":false},"author":4,"featured_media":5820,"comment_status":"closed","ping_status":"closed","sticky":false,"template":"","format":"standard","meta":{"footnotes":""},"categories":[7,12,3],"tags":[],"yoast_head":"<!-- This site is optimized with the Yoast SEO plugin v21.5 - https:\/\/yoast.com\/wordpress\/plugins\/seo\/ -->\n<title>Azucarera indemnizar\u00e1 a las explotaciones agrarias del Colectivo de Remolacha de UAGA de la campa\u00f1a 2019-2020 tras resoluci\u00f3n del arbitraje a favor de los agricultores\u00a0 - UAGA<\/title>\n<meta name=\"robots\" content=\"index, follow, max-snippet:-1, max-image-preview:large, max-video-preview:-1\" \/>\n<link rel=\"canonical\" href=\"https:\/\/www.uaga.eus\/coag-organizacion-agraria-estatal-en-la-que-se-integra-uaga-gana-el-arbitraje-contra-azucarera-que-tendra-que-abonar-a-las-explotaciones-remolacheras-el-precio-pactado-en-2019\/\" \/>\n<meta property=\"og:locale\" content=\"en_US\" \/>\n<meta property=\"og:type\" content=\"article\" \/>\n<meta property=\"og:title\" content=\"Azucarera indemnizar\u00e1 a las explotaciones agrarias del Colectivo de Remolacha de UAGA de la campa\u00f1a 2019-2020 tras resoluci\u00f3n del arbitraje a favor de los agricultores\u00a0 - UAGA\" \/>\n<meta property=\"og:description\" content=\"La Corte de Arbitraje de la C\u00e1mara de Comercio e Industria de Madrid ha resuelto a favor de COAG en la demanda que present\u00f3 el 29 de julio de 2019 contra AB Azucarera Iberia S.L. por haber reducido unilateralmente el precio de la remolacha pactado en el Acuerdo Marco Interprofesional (AMI), demanda en la que [&hellip;]\" \/>\n<meta property=\"og:url\" content=\"https:\/\/www.uaga.eus\/coag-organizacion-agraria-estatal-en-la-que-se-integra-uaga-gana-el-arbitraje-contra-azucarera-que-tendra-que-abonar-a-las-explotaciones-remolacheras-el-precio-pactado-en-2019\/\" \/>\n<meta property=\"og:site_name\" content=\"UAGA\" \/>\n<meta property=\"article:published_time\" content=\"2021-03-18T13:18:15+00:00\" \/>\n<meta property=\"article:modified_time\" content=\"2021-03-18T13:18:23+00:00\" \/>\n<meta property=\"og:image\" content=\"https:\/\/www.uaga.eus\/wp-content\/uploads\/2019\/03\/remolacha.jpg\" \/>\n\t<meta property=\"og:image:width\" content=\"650\" \/>\n\t<meta property=\"og:image:height\" content=\"330\" \/>\n\t<meta property=\"og:image:type\" content=\"image\/jpeg\" \/>\n<meta name=\"author\" content=\"Blanca S\u00e1nchez\" \/>\n<meta name=\"twitter:card\" content=\"summary_large_image\" \/>\n<meta name=\"twitter:label1\" content=\"Written by\" \/>\n\t<meta name=\"twitter:data1\" content=\"Blanca S\u00e1nchez\" \/>\n\t<meta name=\"twitter:label2\" content=\"Est. reading time\" \/>\n\t<meta name=\"twitter:data2\" content=\"1 minutua\" \/>\n<script type=\"application\/ld+json\" class=\"yoast-schema-graph\">{\"@context\":\"https:\/\/schema.org\",\"@graph\":[{\"@type\":\"WebPage\",\"@id\":\"https:\/\/www.uaga.eus\/coag-organizacion-agraria-estatal-en-la-que-se-integra-uaga-gana-el-arbitraje-contra-azucarera-que-tendra-que-abonar-a-las-explotaciones-remolacheras-el-precio-pactado-en-2019\/\",\"url\":\"https:\/\/www.uaga.eus\/coag-organizacion-agraria-estatal-en-la-que-se-integra-uaga-gana-el-arbitraje-contra-azucarera-que-tendra-que-abonar-a-las-explotaciones-remolacheras-el-precio-pactado-en-2019\/\",\"name\":\"Azucarera indemnizar\u00e1 a las explotaciones agrarias del Colectivo de Remolacha de UAGA de la campa\u00f1a 2019-2020 tras resoluci\u00f3n del arbitraje a favor de los agricultores\u00a0 - UAGA\",\"isPartOf\":{\"@id\":\"https:\/\/www.uaga.eus\/#website\"},\"datePublished\":\"2021-03-18T13:18:15+00:00\",\"dateModified\":\"2021-03-18T13:18:23+00:00\",\"author\":{\"@id\":\"https:\/\/www.uaga.eus\/#\/schema\/person\/48c3cbf0f33d1b788226dbb6518689cf\"},\"breadcrumb\":{\"@id\":\"https:\/\/www.uaga.eus\/coag-organizacion-agraria-estatal-en-la-que-se-integra-uaga-gana-el-arbitraje-contra-azucarera-que-tendra-que-abonar-a-las-explotaciones-remolacheras-el-precio-pactado-en-2019\/#breadcrumb\"},\"inLanguage\":\"eu\",\"potentialAction\":[{\"@type\":\"ReadAction\",\"target\":[\"https:\/\/www.uaga.eus\/coag-organizacion-agraria-estatal-en-la-que-se-integra-uaga-gana-el-arbitraje-contra-azucarera-que-tendra-que-abonar-a-las-explotaciones-remolacheras-el-precio-pactado-en-2019\/\"]}]},{\"@type\":\"BreadcrumbList\",\"@id\":\"https:\/\/www.uaga.eus\/coag-organizacion-agraria-estatal-en-la-que-se-integra-uaga-gana-el-arbitraje-contra-azucarera-que-tendra-que-abonar-a-las-explotaciones-remolacheras-el-precio-pactado-en-2019\/#breadcrumb\",\"itemListElement\":[{\"@type\":\"ListItem\",\"position\":1,\"name\":\"Inicio\",\"item\":\"https:\/\/www.uaga.eus\/\"},{\"@type\":\"ListItem\",\"position\":2,\"name\":\"Azucarera indemnizar\u00e1 a las explotaciones agrarias del Colectivo de Remolacha de UAGA de la campa\u00f1a 2019-2020 tras resoluci\u00f3n del arbitraje a favor de los agricultores\u00a0\"}]},{\"@type\":\"WebSite\",\"@id\":\"https:\/\/www.uaga.eus\/#website\",\"url\":\"https:\/\/www.uaga.eus\/\",\"name\":\"UAGA\",\"description\":\"Uni\u00f3n Agroganadera de \u00c1lava - Araba Nekazarien Elkartea\",\"potentialAction\":[{\"@type\":\"SearchAction\",\"target\":{\"@type\":\"EntryPoint\",\"urlTemplate\":\"https:\/\/www.uaga.eus\/?s={search_term_string}\"},\"query-input\":\"required name=search_term_string\"}],\"inLanguage\":\"eu\"},{\"@type\":\"Person\",\"@id\":\"https:\/\/www.uaga.eus\/#\/schema\/person\/48c3cbf0f33d1b788226dbb6518689cf\",\"name\":\"Blanca S\u00e1nchez\",\"image\":{\"@type\":\"ImageObject\",\"inLanguage\":\"eu\",\"@id\":\"https:\/\/www.uaga.eus\/#\/schema\/person\/image\/\",\"url\":\"https:\/\/secure.gravatar.com\/avatar\/0dc91c20648254b1ce84877283f6751b?s=96&d=mm&r=g\",\"contentUrl\":\"https:\/\/secure.gravatar.com\/avatar\/0dc91c20648254b1ce84877283f6751b?s=96&d=mm&r=g\",\"caption\":\"Blanca S\u00e1nchez\"},\"url\":\"https:\/\/www.uaga.eus\/eu\/author\/bsanchez\/\"}]}<\/script>\n<!-- \/ Yoast SEO plugin. -->","yoast_head_json":{"title":"Azucarera indemnizar\u00e1 a las explotaciones agrarias del Colectivo de Remolacha de UAGA de la campa\u00f1a 2019-2020 tras resoluci\u00f3n del arbitraje a favor de los agricultores\u00a0 - UAGA","robots":{"index":"index","follow":"follow","max-snippet":"max-snippet:-1","max-image-preview":"max-image-preview:large","max-video-preview":"max-video-preview:-1"},"canonical":"https:\/\/www.uaga.eus\/coag-organizacion-agraria-estatal-en-la-que-se-integra-uaga-gana-el-arbitraje-contra-azucarera-que-tendra-que-abonar-a-las-explotaciones-remolacheras-el-precio-pactado-en-2019\/","og_locale":"en_US","og_type":"article","og_title":"Azucarera indemnizar\u00e1 a las explotaciones agrarias del Colectivo de Remolacha de UAGA de la campa\u00f1a 2019-2020 tras resoluci\u00f3n del arbitraje a favor de los agricultores\u00a0 - UAGA","og_description":"La Corte de Arbitraje de la C\u00e1mara de Comercio e Industria de Madrid ha resuelto a favor de COAG en la demanda que present\u00f3 el 29 de julio de 2019 contra AB Azucarera Iberia S.L. por haber reducido unilateralmente el precio de la remolacha pactado en el Acuerdo Marco Interprofesional (AMI), demanda en la que [&hellip;]","og_url":"https:\/\/www.uaga.eus\/coag-organizacion-agraria-estatal-en-la-que-se-integra-uaga-gana-el-arbitraje-contra-azucarera-que-tendra-que-abonar-a-las-explotaciones-remolacheras-el-precio-pactado-en-2019\/","og_site_name":"UAGA","article_published_time":"2021-03-18T13:18:15+00:00","article_modified_time":"2021-03-18T13:18:23+00:00","og_image":[{"width":650,"height":330,"url":"https:\/\/www.uaga.eus\/wp-content\/uploads\/2019\/03\/remolacha.jpg","type":"image\/jpeg"}],"author":"Blanca S\u00e1nchez","twitter_card":"summary_large_image","twitter_misc":{"Written by":"Blanca S\u00e1nchez","Est. reading time":"1 minutua"},"schema":{"@context":"https:\/\/schema.org","@graph":[{"@type":"WebPage","@id":"https:\/\/www.uaga.eus\/coag-organizacion-agraria-estatal-en-la-que-se-integra-uaga-gana-el-arbitraje-contra-azucarera-que-tendra-que-abonar-a-las-explotaciones-remolacheras-el-precio-pactado-en-2019\/","url":"https:\/\/www.uaga.eus\/coag-organizacion-agraria-estatal-en-la-que-se-integra-uaga-gana-el-arbitraje-contra-azucarera-que-tendra-que-abonar-a-las-explotaciones-remolacheras-el-precio-pactado-en-2019\/","name":"Azucarera indemnizar\u00e1 a las explotaciones agrarias del Colectivo de Remolacha de UAGA de la campa\u00f1a 2019-2020 tras resoluci\u00f3n del arbitraje a favor de los agricultores\u00a0 - UAGA","isPartOf":{"@id":"https:\/\/www.uaga.eus\/#website"},"datePublished":"2021-03-18T13:18:15+00:00","dateModified":"2021-03-18T13:18:23+00:00","author":{"@id":"https:\/\/www.uaga.eus\/#\/schema\/person\/48c3cbf0f33d1b788226dbb6518689cf"},"breadcrumb":{"@id":"https:\/\/www.uaga.eus\/coag-organizacion-agraria-estatal-en-la-que-se-integra-uaga-gana-el-arbitraje-contra-azucarera-que-tendra-que-abonar-a-las-explotaciones-remolacheras-el-precio-pactado-en-2019\/#breadcrumb"},"inLanguage":"eu","potentialAction":[{"@type":"ReadAction","target":["https:\/\/www.uaga.eus\/coag-organizacion-agraria-estatal-en-la-que-se-integra-uaga-gana-el-arbitraje-contra-azucarera-que-tendra-que-abonar-a-las-explotaciones-remolacheras-el-precio-pactado-en-2019\/"]}]},{"@type":"BreadcrumbList","@id":"https:\/\/www.uaga.eus\/coag-organizacion-agraria-estatal-en-la-que-se-integra-uaga-gana-el-arbitraje-contra-azucarera-que-tendra-que-abonar-a-las-explotaciones-remolacheras-el-precio-pactado-en-2019\/#breadcrumb","itemListElement":[{"@type":"ListItem","position":1,"name":"Inicio","item":"https:\/\/www.uaga.eus\/"},{"@type":"ListItem","position":2,"name":"Azucarera indemnizar\u00e1 a las explotaciones agrarias del Colectivo de Remolacha de UAGA de la campa\u00f1a 2019-2020 tras resoluci\u00f3n del arbitraje a favor de los agricultores\u00a0"}]},{"@type":"WebSite","@id":"https:\/\/www.uaga.eus\/#website","url":"https:\/\/www.uaga.eus\/","name":"UAGA","description":"Uni\u00f3n Agroganadera de \u00c1lava - Araba Nekazarien Elkartea","potentialAction":[{"@type":"SearchAction","target":{"@type":"EntryPoint","urlTemplate":"https:\/\/www.uaga.eus\/?s={search_term_string}"},"query-input":"required name=search_term_string"}],"inLanguage":"eu"},{"@type":"Person","@id":"https:\/\/www.uaga.eus\/#\/schema\/person\/48c3cbf0f33d1b788226dbb6518689cf","name":"Blanca S\u00e1nchez","image":{"@type":"ImageObject","inLanguage":"eu","@id":"https:\/\/www.uaga.eus\/#\/schema\/person\/image\/","url":"https:\/\/secure.gravatar.com\/avatar\/0dc91c20648254b1ce84877283f6751b?s=96&d=mm&r=g","contentUrl":"https:\/\/secure.gravatar.com\/avatar\/0dc91c20648254b1ce84877283f6751b?s=96&d=mm&r=g","caption":"Blanca S\u00e1nchez"},"url":"https:\/\/www.uaga.eus\/eu\/author\/bsanchez\/"}]}},"_links":{"self":[{"href":"https:\/\/www.uaga.eus\/eu\/wp-json\/wp\/v2\/posts\/8726"}],"collection":[{"href":"https:\/\/www.uaga.eus\/eu\/wp-json\/wp\/v2\/posts"}],"about":[{"href":"https:\/\/www.uaga.eus\/eu\/wp-json\/wp\/v2\/types\/post"}],"author":[{"embeddable":true,"href":"https:\/\/www.uaga.eus\/eu\/wp-json\/wp\/v2\/users\/4"}],"replies":[{"embeddable":true,"href":"https:\/\/www.uaga.eus\/eu\/wp-json\/wp\/v2\/comments?post=8726"}],"version-history":[{"count":5,"href":"https:\/\/www.uaga.eus\/eu\/wp-json\/wp\/v2\/posts\/8726\/revisions"}],"predecessor-version":[{"id":8731,"href":"https:\/\/www.uaga.eus\/eu\/wp-json\/wp\/v2\/posts\/8726\/revisions\/8731"}],"wp:featuredmedia":[{"embeddable":true,"href":"https:\/\/www.uaga.eus\/eu\/wp-json\/wp\/v2\/media\/5820"}],"wp:attachment":[{"href":"https:\/\/www.uaga.eus\/eu\/wp-json\/wp\/v2\/media?parent=8726"}],"wp:term":[{"taxonomy":"category","embeddable":true,"href":"https:\/\/www.uaga.eus\/eu\/wp-json\/wp\/v2\/categories?post=8726"},{"taxonomy":"post_tag","embeddable":true,"href":"https:\/\/www.uaga.eus\/eu\/wp-json\/wp\/v2\/tags?post=8726"}],"curies":[{"name":"wp","href":"https:\/\/api.w.org\/{rel}","templated":true}]}}