{"id":8718,"date":"2021-03-12T12:39:16","date_gmt":"2021-03-12T12:39:16","guid":{"rendered":"https:\/\/www.uaga.eus\/?p=8718"},"modified":"2021-03-12T13:03:05","modified_gmt":"2021-03-12T13:03:05","slug":"las-organizaciones-agrarias-reclaman-contundencia-para-evitar-que-la-guerra-de-precios-de-las-cadenas-de-distribucion-pase-factura-en-el-campo","status":"publish","type":"post","link":"https:\/\/www.uaga.eus\/eu\/las-organizaciones-agrarias-reclaman-contundencia-para-evitar-que-la-guerra-de-precios-de-las-cadenas-de-distribucion-pase-factura-en-el-campo\/","title":{"rendered":"Las organizaciones agrarias reclaman contundencia para evitar que la \u201cguerra de precios\u201d de las cadenas de distribuci\u00f3n pase factura en el campo"},"content":{"rendered":"<p>ASAJA, UPA y COAG -en la que se integra UAGA- han mantenido en las \u00faltimas semanas una ronda de contactos con los partidos pol\u00edticos en el Congreso de los Diputados en el marco de la tramitaci\u00f3n del proyecto para modificar la Ley de la Cadena Alimentaria.<\/p>\n<p>Las organizaciones han reclamado contundencia para evitar que la \u201cguerra de precios\u201d de las cadenas de distribuci\u00f3n pase factura en el campo.<\/p>\n<p>Los representantes del sector han insistido, entre otras cuestiones, para que el proyecto de Ley recoja la necesidad de prohibir la venta a p\u00e9rdidas en el \u00faltimo eslab\u00f3n, as\u00ed como en crear un registro de contratos, incluir en el \u00e1mbito de aplicaci\u00f3n de la ley a los productos importados de pa\u00edses terceros yal canal HORECA, reforzar la figura del mediador, y en generar \u00edndices de precios y costes que sirvan de referencia objetiva y p\u00fablica.<\/p>\n<p>Puedes consultar <a href=\"https:\/\/mcusercontent.com\/498b950ccfc4b8d0e600d7e48\/files\/bdeb389e-6cbc-4eb6-981d-7852c37c7bac\/210311_OPAS_Ley_cadena_alimentaria_y_guerra_precios.pdf\" target=\"_blank\" rel=\"noopener\" data-cke-saved-href=\"https:\/\/mcusercontent.com\/498b950ccfc4b8d0e600d7e48\/files\/bdeb389e-6cbc-4eb6-981d-7852c37c7bac\/210311_OPAS_Ley_cadena_alimentaria_y_guerra_precios.pdf\">aqu\u00ed<\/a> la nota de prensa.<\/p>\n","protected":false},"excerpt":{"rendered":"<p>ASAJA, UPA y COAG -en la que se integra UAGA- han mantenido en las \u00faltimas semanas una ronda de contactos con los partidos pol\u00edticos en el Congreso de los Diputados en el marco de la tramitaci\u00f3n del proyecto para modificar la Ley de la Cadena Alimentaria. Las organizaciones han reclamado contundencia para evitar que la [&hellip;]<\/p>\n","protected":false},"author":4,"featured_media":8556,"comment_status":"closed","ping_status":"closed","sticky":false,"template":"","format":"standard","meta":{"footnotes":""},"categories":[7,12,8],"tags":[],"yoast_head":"<!-- This site is optimized with the Yoast SEO plugin v21.5 - https:\/\/yoast.com\/wordpress\/plugins\/seo\/ -->\n<title>Las organizaciones agrarias reclaman contundencia para evitar que la \u201cguerra de precios\u201d de las cadenas de distribuci\u00f3n pase factura en el campo - UAGA<\/title>\n<meta name=\"robots\" content=\"index, follow, max-snippet:-1, max-image-preview:large, max-video-preview:-1\" \/>\n<link rel=\"canonical\" href=\"https:\/\/www.uaga.eus\/las-organizaciones-agrarias-reclaman-contundencia-para-evitar-que-la-guerra-de-precios-de-las-cadenas-de-distribucion-pase-factura-en-el-campo\/\" \/>\n<meta property=\"og:locale\" content=\"en_US\" \/>\n<meta property=\"og:type\" content=\"article\" \/>\n<meta property=\"og:title\" content=\"Las organizaciones agrarias reclaman contundencia para evitar que la \u201cguerra de precios\u201d de las cadenas de distribuci\u00f3n pase factura en el campo - UAGA\" \/>\n<meta property=\"og:description\" content=\"ASAJA, UPA y COAG -en la que se integra UAGA- han mantenido en las \u00faltimas semanas una ronda de contactos con los partidos pol\u00edticos en el Congreso de los Diputados en el marco de la tramitaci\u00f3n del proyecto para modificar la Ley de la Cadena Alimentaria. Las organizaciones han reclamado contundencia para evitar que la [&hellip;]\" \/>\n<meta property=\"og:url\" content=\"https:\/\/www.uaga.eus\/las-organizaciones-agrarias-reclaman-contundencia-para-evitar-que-la-guerra-de-precios-de-las-cadenas-de-distribucion-pase-factura-en-el-campo\/\" \/>\n<meta property=\"og:site_name\" content=\"UAGA\" \/>\n<meta property=\"article:published_time\" content=\"2021-03-12T12:39:16+00:00\" \/>\n<meta property=\"article:modified_time\" content=\"2021-03-12T13:03:05+00:00\" \/>\n<meta property=\"og:image\" content=\"https:\/\/www.uaga.eus\/wp-content\/uploads\/2021\/02\/Lineal-vino-y-bebidas-supermercado-e1613731955512.jpg\" \/>\n\t<meta property=\"og:image:width\" content=\"650\" \/>\n\t<meta property=\"og:image:height\" content=\"334\" \/>\n\t<meta property=\"og:image:type\" content=\"image\/jpeg\" \/>\n<meta name=\"author\" content=\"Blanca S\u00e1nchez\" \/>\n<meta name=\"twitter:card\" content=\"summary_large_image\" \/>\n<meta name=\"twitter:label1\" content=\"Written by\" \/>\n\t<meta name=\"twitter:data1\" content=\"Blanca S\u00e1nchez\" \/>\n\t<meta name=\"twitter:label2\" content=\"Est. reading time\" \/>\n\t<meta name=\"twitter:data2\" content=\"1 minutua\" \/>\n<script type=\"application\/ld+json\" class=\"yoast-schema-graph\">{\"@context\":\"https:\/\/schema.org\",\"@graph\":[{\"@type\":\"WebPage\",\"@id\":\"https:\/\/www.uaga.eus\/las-organizaciones-agrarias-reclaman-contundencia-para-evitar-que-la-guerra-de-precios-de-las-cadenas-de-distribucion-pase-factura-en-el-campo\/\",\"url\":\"https:\/\/www.uaga.eus\/las-organizaciones-agrarias-reclaman-contundencia-para-evitar-que-la-guerra-de-precios-de-las-cadenas-de-distribucion-pase-factura-en-el-campo\/\",\"name\":\"Las organizaciones agrarias reclaman contundencia para evitar que la \u201cguerra de precios\u201d de las cadenas de distribuci\u00f3n pase factura en el campo - UAGA\",\"isPartOf\":{\"@id\":\"https:\/\/www.uaga.eus\/#website\"},\"datePublished\":\"2021-03-12T12:39:16+00:00\",\"dateModified\":\"2021-03-12T13:03:05+00:00\",\"author\":{\"@id\":\"https:\/\/www.uaga.eus\/#\/schema\/person\/48c3cbf0f33d1b788226dbb6518689cf\"},\"breadcrumb\":{\"@id\":\"https:\/\/www.uaga.eus\/las-organizaciones-agrarias-reclaman-contundencia-para-evitar-que-la-guerra-de-precios-de-las-cadenas-de-distribucion-pase-factura-en-el-campo\/#breadcrumb\"},\"inLanguage\":\"eu\",\"potentialAction\":[{\"@type\":\"ReadAction\",\"target\":[\"https:\/\/www.uaga.eus\/las-organizaciones-agrarias-reclaman-contundencia-para-evitar-que-la-guerra-de-precios-de-las-cadenas-de-distribucion-pase-factura-en-el-campo\/\"]}]},{\"@type\":\"BreadcrumbList\",\"@id\":\"https:\/\/www.uaga.eus\/las-organizaciones-agrarias-reclaman-contundencia-para-evitar-que-la-guerra-de-precios-de-las-cadenas-de-distribucion-pase-factura-en-el-campo\/#breadcrumb\",\"itemListElement\":[{\"@type\":\"ListItem\",\"position\":1,\"name\":\"Inicio\",\"item\":\"https:\/\/www.uaga.eus\/\"},{\"@type\":\"ListItem\",\"position\":2,\"name\":\"Las organizaciones agrarias reclaman contundencia para evitar que la \u201cguerra de precios\u201d de las cadenas de distribuci\u00f3n pase factura en el campo\"}]},{\"@type\":\"WebSite\",\"@id\":\"https:\/\/www.uaga.eus\/#website\",\"url\":\"https:\/\/www.uaga.eus\/\",\"name\":\"UAGA\",\"description\":\"Uni\u00f3n Agroganadera de \u00c1lava - Araba Nekazarien Elkartea\",\"potentialAction\":[{\"@type\":\"SearchAction\",\"target\":{\"@type\":\"EntryPoint\",\"urlTemplate\":\"https:\/\/www.uaga.eus\/?s={search_term_string}\"},\"query-input\":\"required name=search_term_string\"}],\"inLanguage\":\"eu\"},{\"@type\":\"Person\",\"@id\":\"https:\/\/www.uaga.eus\/#\/schema\/person\/48c3cbf0f33d1b788226dbb6518689cf\",\"name\":\"Blanca S\u00e1nchez\",\"image\":{\"@type\":\"ImageObject\",\"inLanguage\":\"eu\",\"@id\":\"https:\/\/www.uaga.eus\/#\/schema\/person\/image\/\",\"url\":\"https:\/\/secure.gravatar.com\/avatar\/0dc91c20648254b1ce84877283f6751b?s=96&d=mm&r=g\",\"contentUrl\":\"https:\/\/secure.gravatar.com\/avatar\/0dc91c20648254b1ce84877283f6751b?s=96&d=mm&r=g\",\"caption\":\"Blanca S\u00e1nchez\"},\"url\":\"https:\/\/www.uaga.eus\/eu\/author\/bsanchez\/\"}]}<\/script>\n<!-- \/ Yoast SEO plugin. -->","yoast_head_json":{"title":"Las organizaciones agrarias reclaman contundencia para evitar que la \u201cguerra de precios\u201d de las cadenas de distribuci\u00f3n pase factura en el campo - UAGA","robots":{"index":"index","follow":"follow","max-snippet":"max-snippet:-1","max-image-preview":"max-image-preview:large","max-video-preview":"max-video-preview:-1"},"canonical":"https:\/\/www.uaga.eus\/las-organizaciones-agrarias-reclaman-contundencia-para-evitar-que-la-guerra-de-precios-de-las-cadenas-de-distribucion-pase-factura-en-el-campo\/","og_locale":"en_US","og_type":"article","og_title":"Las organizaciones agrarias reclaman contundencia para evitar que la \u201cguerra de precios\u201d de las cadenas de distribuci\u00f3n pase factura en el campo - UAGA","og_description":"ASAJA, UPA y COAG -en la que se integra UAGA- han mantenido en las \u00faltimas semanas una ronda de contactos con los partidos pol\u00edticos en el Congreso de los Diputados en el marco de la tramitaci\u00f3n del proyecto para modificar la Ley de la Cadena Alimentaria. Las organizaciones han reclamado contundencia para evitar que la [&hellip;]","og_url":"https:\/\/www.uaga.eus\/las-organizaciones-agrarias-reclaman-contundencia-para-evitar-que-la-guerra-de-precios-de-las-cadenas-de-distribucion-pase-factura-en-el-campo\/","og_site_name":"UAGA","article_published_time":"2021-03-12T12:39:16+00:00","article_modified_time":"2021-03-12T13:03:05+00:00","og_image":[{"width":650,"height":334,"url":"https:\/\/www.uaga.eus\/wp-content\/uploads\/2021\/02\/Lineal-vino-y-bebidas-supermercado-e1613731955512.jpg","type":"image\/jpeg"}],"author":"Blanca S\u00e1nchez","twitter_card":"summary_large_image","twitter_misc":{"Written by":"Blanca S\u00e1nchez","Est. reading time":"1 minutua"},"schema":{"@context":"https:\/\/schema.org","@graph":[{"@type":"WebPage","@id":"https:\/\/www.uaga.eus\/las-organizaciones-agrarias-reclaman-contundencia-para-evitar-que-la-guerra-de-precios-de-las-cadenas-de-distribucion-pase-factura-en-el-campo\/","url":"https:\/\/www.uaga.eus\/las-organizaciones-agrarias-reclaman-contundencia-para-evitar-que-la-guerra-de-precios-de-las-cadenas-de-distribucion-pase-factura-en-el-campo\/","name":"Las organizaciones agrarias reclaman contundencia para evitar que la \u201cguerra de precios\u201d de las cadenas de distribuci\u00f3n pase factura en el campo - UAGA","isPartOf":{"@id":"https:\/\/www.uaga.eus\/#website"},"datePublished":"2021-03-12T12:39:16+00:00","dateModified":"2021-03-12T13:03:05+00:00","author":{"@id":"https:\/\/www.uaga.eus\/#\/schema\/person\/48c3cbf0f33d1b788226dbb6518689cf"},"breadcrumb":{"@id":"https:\/\/www.uaga.eus\/las-organizaciones-agrarias-reclaman-contundencia-para-evitar-que-la-guerra-de-precios-de-las-cadenas-de-distribucion-pase-factura-en-el-campo\/#breadcrumb"},"inLanguage":"eu","potentialAction":[{"@type":"ReadAction","target":["https:\/\/www.uaga.eus\/las-organizaciones-agrarias-reclaman-contundencia-para-evitar-que-la-guerra-de-precios-de-las-cadenas-de-distribucion-pase-factura-en-el-campo\/"]}]},{"@type":"BreadcrumbList","@id":"https:\/\/www.uaga.eus\/las-organizaciones-agrarias-reclaman-contundencia-para-evitar-que-la-guerra-de-precios-de-las-cadenas-de-distribucion-pase-factura-en-el-campo\/#breadcrumb","itemListElement":[{"@type":"ListItem","position":1,"name":"Inicio","item":"https:\/\/www.uaga.eus\/"},{"@type":"ListItem","position":2,"name":"Las organizaciones agrarias reclaman contundencia para evitar que la \u201cguerra de precios\u201d de las cadenas de distribuci\u00f3n pase factura en el campo"}]},{"@type":"WebSite","@id":"https:\/\/www.uaga.eus\/#website","url":"https:\/\/www.uaga.eus\/","name":"UAGA","description":"Uni\u00f3n Agroganadera de \u00c1lava - Araba Nekazarien Elkartea","potentialAction":[{"@type":"SearchAction","target":{"@type":"EntryPoint","urlTemplate":"https:\/\/www.uaga.eus\/?s={search_term_string}"},"query-input":"required name=search_term_string"}],"inLanguage":"eu"},{"@type":"Person","@id":"https:\/\/www.uaga.eus\/#\/schema\/person\/48c3cbf0f33d1b788226dbb6518689cf","name":"Blanca S\u00e1nchez","image":{"@type":"ImageObject","inLanguage":"eu","@id":"https:\/\/www.uaga.eus\/#\/schema\/person\/image\/","url":"https:\/\/secure.gravatar.com\/avatar\/0dc91c20648254b1ce84877283f6751b?s=96&d=mm&r=g","contentUrl":"https:\/\/secure.gravatar.com\/avatar\/0dc91c20648254b1ce84877283f6751b?s=96&d=mm&r=g","caption":"Blanca S\u00e1nchez"},"url":"https:\/\/www.uaga.eus\/eu\/author\/bsanchez\/"}]}},"_links":{"self":[{"href":"https:\/\/www.uaga.eus\/eu\/wp-json\/wp\/v2\/posts\/8718"}],"collection":[{"href":"https:\/\/www.uaga.eus\/eu\/wp-json\/wp\/v2\/posts"}],"about":[{"href":"https:\/\/www.uaga.eus\/eu\/wp-json\/wp\/v2\/types\/post"}],"author":[{"embeddable":true,"href":"https:\/\/www.uaga.eus\/eu\/wp-json\/wp\/v2\/users\/4"}],"replies":[{"embeddable":true,"href":"https:\/\/www.uaga.eus\/eu\/wp-json\/wp\/v2\/comments?post=8718"}],"version-history":[{"count":2,"href":"https:\/\/www.uaga.eus\/eu\/wp-json\/wp\/v2\/posts\/8718\/revisions"}],"predecessor-version":[{"id":8724,"href":"https:\/\/www.uaga.eus\/eu\/wp-json\/wp\/v2\/posts\/8718\/revisions\/8724"}],"wp:featuredmedia":[{"embeddable":true,"href":"https:\/\/www.uaga.eus\/eu\/wp-json\/wp\/v2\/media\/8556"}],"wp:attachment":[{"href":"https:\/\/www.uaga.eus\/eu\/wp-json\/wp\/v2\/media?parent=8718"}],"wp:term":[{"taxonomy":"category","embeddable":true,"href":"https:\/\/www.uaga.eus\/eu\/wp-json\/wp\/v2\/categories?post=8718"},{"taxonomy":"post_tag","embeddable":true,"href":"https:\/\/www.uaga.eus\/eu\/wp-json\/wp\/v2\/tags?post=8718"}],"curies":[{"name":"wp","href":"https:\/\/api.w.org\/{rel}","templated":true}]}}