{"id":8709,"date":"2021-03-05T11:10:57","date_gmt":"2021-03-05T11:10:57","guid":{"rendered":"https:\/\/www.uaga.eus\/?p=8709"},"modified":"2021-03-05T11:10:57","modified_gmt":"2021-03-05T11:10:57","slug":"uaga-rechaza-la-oferta-de-contratacion-de-azucarera-para-la-campana-de-remolacha-2021","status":"publish","type":"post","link":"https:\/\/www.uaga.eus\/eu\/uaga-rechaza-la-oferta-de-contratacion-de-azucarera-para-la-campana-de-remolacha-2021\/","title":{"rendered":"UAGA rechaza la oferta de contrataci\u00f3n de Azucarera para la campa\u00f1a de remolacha 2021"},"content":{"rendered":"<p>Tras recibir la propuesta de contrato por parte de Azucarera, UAGA, junto al resto de colectivos que entregan remolacha en la f\u00e1brica de Miranda de Ebro, solicitamos una reuni\u00f3n con los responsables de Azucarera que hemos mantenido esta semana.<\/p>\n<p><strong>Azucarera ha presentado una propuesta de contrato para la campa\u00f1a 2021 que vulnera la Ley de Cadena Alimentaria<\/strong>. Esta propuesta, que solo ha presentado a las organizaciones y asociaciones que entregan en la f\u00e1brica de Miranda de Ebro, modifica las condiciones del contrato plurianual firmado en 2020 y cuya validez abarca tambi\u00e9n la presente campa\u00f1a 2021-2022.<\/p>\n<p>Adem\u00e1s, en esta oferta Azucarera presenta un <strong>nuevo procedimiento de Recepci\u00f3n y An\u00e1lisis de la Remolacha (RyAR) que pretende sustituir al actual Reglamento de RyAR en vigor<\/strong>.<\/p>\n<p>En la reuni\u00f3n, en primer lugar, trasladamos a Azucarera nuestro malestar por la presentaci\u00f3n en febrero de esta nueva oferta de contrataci\u00f3n cuyas condiciones son muy diferentes a las de los contratos en vigor. De hecho, en anteriores reuniones con la Directora Agr\u00edcola de Azucarera, las organizaciones agrarias pedimos que la presentaci\u00f3n de <strong>la nueva oferta de contrataci\u00f3n deber\u00eda hacerse al menos en el mes de septiembre<\/strong>, siempre antes de la planificaci\u00f3n de la rotaci\u00f3n, para que las explotaciones tengan toda la informaci\u00f3n necesaria para decidir sus siembras.<\/p>\n<p>Adem\u00e1s, todos los responsables de la parte agr\u00edcola denunciamos las modificaciones que de manera unilateral Azucarera ha realizado sobre las condiciones del contrato actualmente en vigor.<\/p>\n<p>Por su parte Azucarera coment\u00f3 las razones que le han llevado a presentar un nuevo contrato: ausencia de AMI, adaptaci\u00f3n del contrato a la normativa europea, simplificaci\u00f3n del c\u00e1lculo de la remolacha tipo, modernizaci\u00f3n de los an\u00e1lisis qu\u00edmicos realizados en el laboratorio, etc. Para Azucarera todos estos cambios se traducen en una mejora de las condiciones ofrecidas a las explotaciones remolacheras.<\/p>\n<p>Sin embargo, <strong>en opini\u00f3n de las organizaciones agrarias, ninguna de estas razones, m\u00e1s de forma que de fondo, justifican la modificaci\u00f3n sustancial de las condiciones del contrato<\/strong>.<\/p>\n<p><strong>Desde UAGA, vamos a seguir trabajando para exigir que se mantengan las condiciones del actual contrato en vigor<\/strong>.<\/p>\n<p>Adem\u00e1s, contamos con el apoyo de COAG en la denuncia efectuada por las <strong>cl\u00e1usulas abusivas que vulneran la Ley de la Cadena Alimentaria.\u00a0<\/strong><\/p>\n<p>+INFO YOLANDA: 615 779 586<\/p>\n","protected":false},"excerpt":{"rendered":"<p>Tras recibir la propuesta de contrato por parte de Azucarera, UAGA, junto al resto de colectivos que entregan remolacha en la f\u00e1brica de Miranda de Ebro, solicitamos una reuni\u00f3n con los responsables de Azucarera que hemos mantenido esta semana. Azucarera ha presentado una propuesta de contrato para la campa\u00f1a 2021 que vulnera la Ley de [&hellip;]<\/p>\n","protected":false},"author":4,"featured_media":7487,"comment_status":"closed","ping_status":"closed","sticky":false,"template":"","format":"standard","meta":{"footnotes":""},"categories":[7,12],"tags":[],"yoast_head":"<!-- This site is optimized with the Yoast SEO plugin v21.5 - https:\/\/yoast.com\/wordpress\/plugins\/seo\/ -->\n<title>UAGA rechaza la oferta de contrataci\u00f3n de Azucarera para la campa\u00f1a de remolacha 2021 - UAGA<\/title>\n<meta name=\"robots\" content=\"index, follow, max-snippet:-1, max-image-preview:large, max-video-preview:-1\" \/>\n<link rel=\"canonical\" href=\"https:\/\/www.uaga.eus\/eu\/uaga-rechaza-la-oferta-de-contratacion-de-azucarera-para-la-campana-de-remolacha-2021\/\" \/>\n<meta property=\"og:locale\" content=\"en_US\" \/>\n<meta property=\"og:type\" content=\"article\" \/>\n<meta property=\"og:title\" content=\"UAGA rechaza la oferta de contrataci\u00f3n de Azucarera para la campa\u00f1a de remolacha 2021 - UAGA\" \/>\n<meta property=\"og:description\" content=\"Tras recibir la propuesta de contrato por parte de Azucarera, UAGA, junto al resto de colectivos que entregan remolacha en la f\u00e1brica de Miranda de Ebro, solicitamos una reuni\u00f3n con los responsables de Azucarera que hemos mantenido esta semana. Azucarera ha presentado una propuesta de contrato para la campa\u00f1a 2021 que vulnera la Ley de [&hellip;]\" \/>\n<meta property=\"og:url\" content=\"https:\/\/www.uaga.eus\/eu\/uaga-rechaza-la-oferta-de-contratacion-de-azucarera-para-la-campana-de-remolacha-2021\/\" \/>\n<meta property=\"og:site_name\" content=\"UAGA\" \/>\n<meta property=\"article:published_time\" content=\"2021-03-05T11:10:57+00:00\" \/>\n<meta property=\"og:image\" content=\"https:\/\/www.uaga.eus\/wp-content\/uploads\/2020\/05\/remolacha-azucarera-2-e1590151781429.jpg\" \/>\n\t<meta property=\"og:image:width\" content=\"700\" \/>\n\t<meta property=\"og:image:height\" content=\"418\" \/>\n\t<meta property=\"og:image:type\" content=\"image\/jpeg\" \/>\n<meta name=\"author\" content=\"Blanca S\u00e1nchez\" \/>\n<meta name=\"twitter:card\" content=\"summary_large_image\" \/>\n<meta name=\"twitter:label1\" content=\"Written by\" \/>\n\t<meta name=\"twitter:data1\" content=\"Blanca S\u00e1nchez\" \/>\n\t<meta name=\"twitter:label2\" content=\"Est. reading time\" \/>\n\t<meta name=\"twitter:data2\" content=\"2 minutua\" \/>\n<script type=\"application\/ld+json\" class=\"yoast-schema-graph\">{\"@context\":\"https:\/\/schema.org\",\"@graph\":[{\"@type\":\"WebPage\",\"@id\":\"https:\/\/www.uaga.eus\/eu\/uaga-rechaza-la-oferta-de-contratacion-de-azucarera-para-la-campana-de-remolacha-2021\/\",\"url\":\"https:\/\/www.uaga.eus\/eu\/uaga-rechaza-la-oferta-de-contratacion-de-azucarera-para-la-campana-de-remolacha-2021\/\",\"name\":\"UAGA rechaza la oferta de contrataci\u00f3n de Azucarera para la campa\u00f1a de remolacha 2021 - UAGA\",\"isPartOf\":{\"@id\":\"https:\/\/www.uaga.eus\/#website\"},\"datePublished\":\"2021-03-05T11:10:57+00:00\",\"dateModified\":\"2021-03-05T11:10:57+00:00\",\"author\":{\"@id\":\"https:\/\/www.uaga.eus\/#\/schema\/person\/48c3cbf0f33d1b788226dbb6518689cf\"},\"breadcrumb\":{\"@id\":\"https:\/\/www.uaga.eus\/eu\/uaga-rechaza-la-oferta-de-contratacion-de-azucarera-para-la-campana-de-remolacha-2021\/#breadcrumb\"},\"inLanguage\":\"eu\",\"potentialAction\":[{\"@type\":\"ReadAction\",\"target\":[\"https:\/\/www.uaga.eus\/eu\/uaga-rechaza-la-oferta-de-contratacion-de-azucarera-para-la-campana-de-remolacha-2021\/\"]}]},{\"@type\":\"BreadcrumbList\",\"@id\":\"https:\/\/www.uaga.eus\/eu\/uaga-rechaza-la-oferta-de-contratacion-de-azucarera-para-la-campana-de-remolacha-2021\/#breadcrumb\",\"itemListElement\":[{\"@type\":\"ListItem\",\"position\":1,\"name\":\"Inicio\",\"item\":\"https:\/\/www.uaga.eus\/\"},{\"@type\":\"ListItem\",\"position\":2,\"name\":\"UAGA rechaza la oferta de contrataci\u00f3n de Azucarera para la campa\u00f1a de remolacha 2021\"}]},{\"@type\":\"WebSite\",\"@id\":\"https:\/\/www.uaga.eus\/#website\",\"url\":\"https:\/\/www.uaga.eus\/\",\"name\":\"UAGA\",\"description\":\"Uni\u00f3n Agroganadera de \u00c1lava - Araba Nekazarien Elkartea\",\"potentialAction\":[{\"@type\":\"SearchAction\",\"target\":{\"@type\":\"EntryPoint\",\"urlTemplate\":\"https:\/\/www.uaga.eus\/?s={search_term_string}\"},\"query-input\":\"required name=search_term_string\"}],\"inLanguage\":\"eu\"},{\"@type\":\"Person\",\"@id\":\"https:\/\/www.uaga.eus\/#\/schema\/person\/48c3cbf0f33d1b788226dbb6518689cf\",\"name\":\"Blanca S\u00e1nchez\",\"image\":{\"@type\":\"ImageObject\",\"inLanguage\":\"eu\",\"@id\":\"https:\/\/www.uaga.eus\/#\/schema\/person\/image\/\",\"url\":\"https:\/\/secure.gravatar.com\/avatar\/0dc91c20648254b1ce84877283f6751b?s=96&d=mm&r=g\",\"contentUrl\":\"https:\/\/secure.gravatar.com\/avatar\/0dc91c20648254b1ce84877283f6751b?s=96&d=mm&r=g\",\"caption\":\"Blanca S\u00e1nchez\"},\"url\":\"https:\/\/www.uaga.eus\/eu\/author\/bsanchez\/\"}]}<\/script>\n<!-- \/ Yoast SEO plugin. -->","yoast_head_json":{"title":"UAGA rechaza la oferta de contrataci\u00f3n de Azucarera para la campa\u00f1a de remolacha 2021 - UAGA","robots":{"index":"index","follow":"follow","max-snippet":"max-snippet:-1","max-image-preview":"max-image-preview:large","max-video-preview":"max-video-preview:-1"},"canonical":"https:\/\/www.uaga.eus\/eu\/uaga-rechaza-la-oferta-de-contratacion-de-azucarera-para-la-campana-de-remolacha-2021\/","og_locale":"en_US","og_type":"article","og_title":"UAGA rechaza la oferta de contrataci\u00f3n de Azucarera para la campa\u00f1a de remolacha 2021 - UAGA","og_description":"Tras recibir la propuesta de contrato por parte de Azucarera, UAGA, junto al resto de colectivos que entregan remolacha en la f\u00e1brica de Miranda de Ebro, solicitamos una reuni\u00f3n con los responsables de Azucarera que hemos mantenido esta semana. Azucarera ha presentado una propuesta de contrato para la campa\u00f1a 2021 que vulnera la Ley de [&hellip;]","og_url":"https:\/\/www.uaga.eus\/eu\/uaga-rechaza-la-oferta-de-contratacion-de-azucarera-para-la-campana-de-remolacha-2021\/","og_site_name":"UAGA","article_published_time":"2021-03-05T11:10:57+00:00","og_image":[{"width":700,"height":418,"url":"https:\/\/www.uaga.eus\/wp-content\/uploads\/2020\/05\/remolacha-azucarera-2-e1590151781429.jpg","type":"image\/jpeg"}],"author":"Blanca S\u00e1nchez","twitter_card":"summary_large_image","twitter_misc":{"Written by":"Blanca S\u00e1nchez","Est. reading time":"2 minutua"},"schema":{"@context":"https:\/\/schema.org","@graph":[{"@type":"WebPage","@id":"https:\/\/www.uaga.eus\/eu\/uaga-rechaza-la-oferta-de-contratacion-de-azucarera-para-la-campana-de-remolacha-2021\/","url":"https:\/\/www.uaga.eus\/eu\/uaga-rechaza-la-oferta-de-contratacion-de-azucarera-para-la-campana-de-remolacha-2021\/","name":"UAGA rechaza la oferta de contrataci\u00f3n de Azucarera para la campa\u00f1a de remolacha 2021 - UAGA","isPartOf":{"@id":"https:\/\/www.uaga.eus\/#website"},"datePublished":"2021-03-05T11:10:57+00:00","dateModified":"2021-03-05T11:10:57+00:00","author":{"@id":"https:\/\/www.uaga.eus\/#\/schema\/person\/48c3cbf0f33d1b788226dbb6518689cf"},"breadcrumb":{"@id":"https:\/\/www.uaga.eus\/eu\/uaga-rechaza-la-oferta-de-contratacion-de-azucarera-para-la-campana-de-remolacha-2021\/#breadcrumb"},"inLanguage":"eu","potentialAction":[{"@type":"ReadAction","target":["https:\/\/www.uaga.eus\/eu\/uaga-rechaza-la-oferta-de-contratacion-de-azucarera-para-la-campana-de-remolacha-2021\/"]}]},{"@type":"BreadcrumbList","@id":"https:\/\/www.uaga.eus\/eu\/uaga-rechaza-la-oferta-de-contratacion-de-azucarera-para-la-campana-de-remolacha-2021\/#breadcrumb","itemListElement":[{"@type":"ListItem","position":1,"name":"Inicio","item":"https:\/\/www.uaga.eus\/"},{"@type":"ListItem","position":2,"name":"UAGA rechaza la oferta de contrataci\u00f3n de Azucarera para la campa\u00f1a de remolacha 2021"}]},{"@type":"WebSite","@id":"https:\/\/www.uaga.eus\/#website","url":"https:\/\/www.uaga.eus\/","name":"UAGA","description":"Uni\u00f3n Agroganadera de \u00c1lava - Araba Nekazarien Elkartea","potentialAction":[{"@type":"SearchAction","target":{"@type":"EntryPoint","urlTemplate":"https:\/\/www.uaga.eus\/?s={search_term_string}"},"query-input":"required name=search_term_string"}],"inLanguage":"eu"},{"@type":"Person","@id":"https:\/\/www.uaga.eus\/#\/schema\/person\/48c3cbf0f33d1b788226dbb6518689cf","name":"Blanca S\u00e1nchez","image":{"@type":"ImageObject","inLanguage":"eu","@id":"https:\/\/www.uaga.eus\/#\/schema\/person\/image\/","url":"https:\/\/secure.gravatar.com\/avatar\/0dc91c20648254b1ce84877283f6751b?s=96&d=mm&r=g","contentUrl":"https:\/\/secure.gravatar.com\/avatar\/0dc91c20648254b1ce84877283f6751b?s=96&d=mm&r=g","caption":"Blanca S\u00e1nchez"},"url":"https:\/\/www.uaga.eus\/eu\/author\/bsanchez\/"}]}},"_links":{"self":[{"href":"https:\/\/www.uaga.eus\/eu\/wp-json\/wp\/v2\/posts\/8709"}],"collection":[{"href":"https:\/\/www.uaga.eus\/eu\/wp-json\/wp\/v2\/posts"}],"about":[{"href":"https:\/\/www.uaga.eus\/eu\/wp-json\/wp\/v2\/types\/post"}],"author":[{"embeddable":true,"href":"https:\/\/www.uaga.eus\/eu\/wp-json\/wp\/v2\/users\/4"}],"replies":[{"embeddable":true,"href":"https:\/\/www.uaga.eus\/eu\/wp-json\/wp\/v2\/comments?post=8709"}],"version-history":[{"count":1,"href":"https:\/\/www.uaga.eus\/eu\/wp-json\/wp\/v2\/posts\/8709\/revisions"}],"predecessor-version":[{"id":8710,"href":"https:\/\/www.uaga.eus\/eu\/wp-json\/wp\/v2\/posts\/8709\/revisions\/8710"}],"wp:featuredmedia":[{"embeddable":true,"href":"https:\/\/www.uaga.eus\/eu\/wp-json\/wp\/v2\/media\/7487"}],"wp:attachment":[{"href":"https:\/\/www.uaga.eus\/eu\/wp-json\/wp\/v2\/media?parent=8709"}],"wp:term":[{"taxonomy":"category","embeddable":true,"href":"https:\/\/www.uaga.eus\/eu\/wp-json\/wp\/v2\/categories?post=8709"},{"taxonomy":"post_tag","embeddable":true,"href":"https:\/\/www.uaga.eus\/eu\/wp-json\/wp\/v2\/tags?post=8709"}],"curies":[{"name":"wp","href":"https:\/\/api.w.org\/{rel}","templated":true}]}}