{"id":8707,"date":"2021-03-05T09:27:42","date_gmt":"2021-03-05T09:27:42","guid":{"rendered":"https:\/\/www.uaga.eus\/?p=8707"},"modified":"2021-03-05T11:51:52","modified_gmt":"2021-03-05T11:51:52","slug":"uaga-el-gobierno-vasco-y-los-distintos-agentes-del-sector-ganadero-estatal-solicitamos-al-ministerio-no-considerar-al-lobo-como-especie-protegida","status":"publish","type":"post","link":"https:\/\/www.uaga.eus\/eu\/uaga-el-gobierno-vasco-y-los-distintos-agentes-del-sector-ganadero-estatal-solicitamos-al-ministerio-no-considerar-al-lobo-como-especie-protegida\/","title":{"rendered":"UAGA, el Gobierno Vasco y los distintos agentes del sector ganadero estatal solicitamos al Ministerio no considerar al lobo como especie protegida\u00a0"},"content":{"rendered":"<p>Las organizaciones representativas de los ganaderos de \u00e1mbito estatal, ASAJA, UPA y <strong>COAG, en la que se integra UAGA<\/strong>, junto a los Consejeros de Agricultura, Ganader\u00eda y Medio Ambiente del <strong>Pa\u00eds Vasco<\/strong>, Asturias, Castilla Le\u00f3n, Cantabria, Galicia, Arag\u00f3n, Andaluc\u00eda, Comunidad de Madrid, Murcia y ciudad aut\u00f3noma de Ceuta, <strong>hemos impulsado esta semana<\/strong> una iniciativa com\u00fan para reclamar al Ministerio de Transici\u00f3n Ecol\u00f3gica que retire el procedimiento de aprobaci\u00f3n de la Orden por la que se pretende incluir al lobo en el listado de especies no cineg\u00e9ticas, es decir, considerarla especie protegida.<\/p>\n<p>Tras la suspensi\u00f3n de este procedimiento, <strong>hemos solicitado la apertura de un proceso de di\u00e1logo y consenso con todos los actores implicados, con el objetivo de negociar un plan global de gesti\u00f3n del lobo ib\u00e9rico que garantice su preservaci\u00f3n y el futuro de la ganader\u00eda extensiva.<\/strong><\/p>\n<p>UAGA agradece la incorporaci\u00f3n del Gobierno Vasco a esta iniciativa, con qui\u00e9n nos hemos reunido en numerosas ocasiones para defender esta posici\u00f3n.<\/p>\n<p>La protecci\u00f3n de esta especie no puede llevarse a cabo sin atender a las sensibilidades de todos los territorios en los que habita. La protecci\u00f3n del lobo tal y como se est\u00e1 planteando agravar\u00eda a\u00fan m\u00e1s la situaci\u00f3n que soportan las ganader\u00edas familiares y especialmente la ganader\u00eda extensiva.<\/p>\n<p>Puedes consultar aqu\u00ed\u00a0la <a href=\"https:\/\/mcusercontent.com\/498b950ccfc4b8d0e600d7e48\/files\/0aa19814-c968-4508-b2ce-9b10c28db95e\/210304_protecci\u00f3n_lobo.pdf\" target=\"_blank\" rel=\"noopener\" data-cke-saved-href=\"https:\/\/mcusercontent.com\/498b950ccfc4b8d0e600d7e48\/files\/0aa19814-c968-4508-b2ce-9b10c28db95e\/210304_protecci\u00f3n_lobo.pdf\">nota de prensa <\/a>completa.<\/p>\n<p>+INFO SUGOI: 675 705 696<\/p>\n","protected":false},"excerpt":{"rendered":"<p>Las organizaciones representativas de los ganaderos de \u00e1mbito estatal, ASAJA, UPA y COAG, en la que se integra UAGA, junto a los Consejeros de Agricultura, Ganader\u00eda y Medio Ambiente del Pa\u00eds Vasco, Asturias, Castilla Le\u00f3n, Cantabria, Galicia, Arag\u00f3n, Andaluc\u00eda, Comunidad de Madrid, Murcia y ciudad aut\u00f3noma de Ceuta, hemos impulsado esta semana una iniciativa com\u00fan [&hellip;]<\/p>\n","protected":false},"author":4,"featured_media":5666,"comment_status":"closed","ping_status":"closed","sticky":false,"template":"","format":"standard","meta":{"footnotes":""},"categories":[8,11],"tags":[],"yoast_head":"<!-- This site is optimized with the Yoast SEO plugin v21.5 - https:\/\/yoast.com\/wordpress\/plugins\/seo\/ -->\n<title>UAGA, el Gobierno Vasco y los distintos agentes del sector ganadero estatal solicitamos al Ministerio no considerar al lobo como especie protegida\u00a0 - UAGA<\/title>\n<meta name=\"robots\" content=\"index, follow, max-snippet:-1, max-image-preview:large, max-video-preview:-1\" \/>\n<link rel=\"canonical\" href=\"https:\/\/www.uaga.eus\/eu\/uaga-el-gobierno-vasco-y-los-distintos-agentes-del-sector-ganadero-estatal-solicitamos-al-ministerio-no-considerar-al-lobo-como-especie-protegida\/\" \/>\n<meta property=\"og:locale\" content=\"en_US\" \/>\n<meta property=\"og:type\" content=\"article\" \/>\n<meta property=\"og:title\" content=\"UAGA, el Gobierno Vasco y los distintos agentes del sector ganadero estatal solicitamos al Ministerio no considerar al lobo como especie protegida\u00a0 - UAGA\" \/>\n<meta property=\"og:description\" content=\"Las organizaciones representativas de los ganaderos de \u00e1mbito estatal, ASAJA, UPA y COAG, en la que se integra UAGA, junto a los Consejeros de Agricultura, Ganader\u00eda y Medio Ambiente del Pa\u00eds Vasco, Asturias, Castilla Le\u00f3n, Cantabria, Galicia, Arag\u00f3n, Andaluc\u00eda, Comunidad de Madrid, Murcia y ciudad aut\u00f3noma de Ceuta, hemos impulsado esta semana una iniciativa com\u00fan [&hellip;]\" \/>\n<meta property=\"og:url\" content=\"https:\/\/www.uaga.eus\/eu\/uaga-el-gobierno-vasco-y-los-distintos-agentes-del-sector-ganadero-estatal-solicitamos-al-ministerio-no-considerar-al-lobo-como-especie-protegida\/\" \/>\n<meta property=\"og:site_name\" content=\"UAGA\" \/>\n<meta property=\"article:published_time\" content=\"2021-03-05T09:27:42+00:00\" \/>\n<meta property=\"article:modified_time\" content=\"2021-03-05T11:51:52+00:00\" \/>\n<meta property=\"og:image\" content=\"https:\/\/www.uaga.eus\/wp-content\/uploads\/2019\/02\/lobo-iberico.jpg\" \/>\n\t<meta property=\"og:image:width\" content=\"700\" \/>\n\t<meta property=\"og:image:height\" content=\"465\" \/>\n\t<meta property=\"og:image:type\" content=\"image\/jpeg\" \/>\n<meta name=\"author\" content=\"Blanca S\u00e1nchez\" \/>\n<meta name=\"twitter:card\" content=\"summary_large_image\" \/>\n<meta name=\"twitter:label1\" content=\"Written by\" \/>\n\t<meta name=\"twitter:data1\" content=\"Blanca S\u00e1nchez\" \/>\n\t<meta name=\"twitter:label2\" content=\"Est. reading time\" \/>\n\t<meta name=\"twitter:data2\" content=\"1 minutua\" \/>\n<script type=\"application\/ld+json\" class=\"yoast-schema-graph\">{\"@context\":\"https:\/\/schema.org\",\"@graph\":[{\"@type\":\"WebPage\",\"@id\":\"https:\/\/www.uaga.eus\/eu\/uaga-el-gobierno-vasco-y-los-distintos-agentes-del-sector-ganadero-estatal-solicitamos-al-ministerio-no-considerar-al-lobo-como-especie-protegida\/\",\"url\":\"https:\/\/www.uaga.eus\/eu\/uaga-el-gobierno-vasco-y-los-distintos-agentes-del-sector-ganadero-estatal-solicitamos-al-ministerio-no-considerar-al-lobo-como-especie-protegida\/\",\"name\":\"UAGA, el Gobierno Vasco y los distintos agentes del sector ganadero estatal solicitamos al Ministerio no considerar al lobo como especie protegida\u00a0 - UAGA\",\"isPartOf\":{\"@id\":\"https:\/\/www.uaga.eus\/#website\"},\"datePublished\":\"2021-03-05T09:27:42+00:00\",\"dateModified\":\"2021-03-05T11:51:52+00:00\",\"author\":{\"@id\":\"https:\/\/www.uaga.eus\/#\/schema\/person\/48c3cbf0f33d1b788226dbb6518689cf\"},\"breadcrumb\":{\"@id\":\"https:\/\/www.uaga.eus\/eu\/uaga-el-gobierno-vasco-y-los-distintos-agentes-del-sector-ganadero-estatal-solicitamos-al-ministerio-no-considerar-al-lobo-como-especie-protegida\/#breadcrumb\"},\"inLanguage\":\"eu\",\"potentialAction\":[{\"@type\":\"ReadAction\",\"target\":[\"https:\/\/www.uaga.eus\/eu\/uaga-el-gobierno-vasco-y-los-distintos-agentes-del-sector-ganadero-estatal-solicitamos-al-ministerio-no-considerar-al-lobo-como-especie-protegida\/\"]}]},{\"@type\":\"BreadcrumbList\",\"@id\":\"https:\/\/www.uaga.eus\/eu\/uaga-el-gobierno-vasco-y-los-distintos-agentes-del-sector-ganadero-estatal-solicitamos-al-ministerio-no-considerar-al-lobo-como-especie-protegida\/#breadcrumb\",\"itemListElement\":[{\"@type\":\"ListItem\",\"position\":1,\"name\":\"Inicio\",\"item\":\"https:\/\/www.uaga.eus\/\"},{\"@type\":\"ListItem\",\"position\":2,\"name\":\"UAGA, el Gobierno Vasco y los distintos agentes del sector ganadero estatal solicitamos al Ministerio no considerar al lobo como especie protegida\u00a0\"}]},{\"@type\":\"WebSite\",\"@id\":\"https:\/\/www.uaga.eus\/#website\",\"url\":\"https:\/\/www.uaga.eus\/\",\"name\":\"UAGA\",\"description\":\"Uni\u00f3n Agroganadera de \u00c1lava - Araba Nekazarien Elkartea\",\"potentialAction\":[{\"@type\":\"SearchAction\",\"target\":{\"@type\":\"EntryPoint\",\"urlTemplate\":\"https:\/\/www.uaga.eus\/?s={search_term_string}\"},\"query-input\":\"required name=search_term_string\"}],\"inLanguage\":\"eu\"},{\"@type\":\"Person\",\"@id\":\"https:\/\/www.uaga.eus\/#\/schema\/person\/48c3cbf0f33d1b788226dbb6518689cf\",\"name\":\"Blanca S\u00e1nchez\",\"image\":{\"@type\":\"ImageObject\",\"inLanguage\":\"eu\",\"@id\":\"https:\/\/www.uaga.eus\/#\/schema\/person\/image\/\",\"url\":\"https:\/\/secure.gravatar.com\/avatar\/0dc91c20648254b1ce84877283f6751b?s=96&d=mm&r=g\",\"contentUrl\":\"https:\/\/secure.gravatar.com\/avatar\/0dc91c20648254b1ce84877283f6751b?s=96&d=mm&r=g\",\"caption\":\"Blanca S\u00e1nchez\"},\"url\":\"https:\/\/www.uaga.eus\/eu\/author\/bsanchez\/\"}]}<\/script>\n<!-- \/ Yoast SEO plugin. -->","yoast_head_json":{"title":"UAGA, el Gobierno Vasco y los distintos agentes del sector ganadero estatal solicitamos al Ministerio no considerar al lobo como especie protegida\u00a0 - UAGA","robots":{"index":"index","follow":"follow","max-snippet":"max-snippet:-1","max-image-preview":"max-image-preview:large","max-video-preview":"max-video-preview:-1"},"canonical":"https:\/\/www.uaga.eus\/eu\/uaga-el-gobierno-vasco-y-los-distintos-agentes-del-sector-ganadero-estatal-solicitamos-al-ministerio-no-considerar-al-lobo-como-especie-protegida\/","og_locale":"en_US","og_type":"article","og_title":"UAGA, el Gobierno Vasco y los distintos agentes del sector ganadero estatal solicitamos al Ministerio no considerar al lobo como especie protegida\u00a0 - UAGA","og_description":"Las organizaciones representativas de los ganaderos de \u00e1mbito estatal, ASAJA, UPA y COAG, en la que se integra UAGA, junto a los Consejeros de Agricultura, Ganader\u00eda y Medio Ambiente del Pa\u00eds Vasco, Asturias, Castilla Le\u00f3n, Cantabria, Galicia, Arag\u00f3n, Andaluc\u00eda, Comunidad de Madrid, Murcia y ciudad aut\u00f3noma de Ceuta, hemos impulsado esta semana una iniciativa com\u00fan [&hellip;]","og_url":"https:\/\/www.uaga.eus\/eu\/uaga-el-gobierno-vasco-y-los-distintos-agentes-del-sector-ganadero-estatal-solicitamos-al-ministerio-no-considerar-al-lobo-como-especie-protegida\/","og_site_name":"UAGA","article_published_time":"2021-03-05T09:27:42+00:00","article_modified_time":"2021-03-05T11:51:52+00:00","og_image":[{"width":700,"height":465,"url":"https:\/\/www.uaga.eus\/wp-content\/uploads\/2019\/02\/lobo-iberico.jpg","type":"image\/jpeg"}],"author":"Blanca S\u00e1nchez","twitter_card":"summary_large_image","twitter_misc":{"Written by":"Blanca S\u00e1nchez","Est. reading time":"1 minutua"},"schema":{"@context":"https:\/\/schema.org","@graph":[{"@type":"WebPage","@id":"https:\/\/www.uaga.eus\/eu\/uaga-el-gobierno-vasco-y-los-distintos-agentes-del-sector-ganadero-estatal-solicitamos-al-ministerio-no-considerar-al-lobo-como-especie-protegida\/","url":"https:\/\/www.uaga.eus\/eu\/uaga-el-gobierno-vasco-y-los-distintos-agentes-del-sector-ganadero-estatal-solicitamos-al-ministerio-no-considerar-al-lobo-como-especie-protegida\/","name":"UAGA, el Gobierno Vasco y los distintos agentes del sector ganadero estatal solicitamos al Ministerio no considerar al lobo como especie protegida\u00a0 - UAGA","isPartOf":{"@id":"https:\/\/www.uaga.eus\/#website"},"datePublished":"2021-03-05T09:27:42+00:00","dateModified":"2021-03-05T11:51:52+00:00","author":{"@id":"https:\/\/www.uaga.eus\/#\/schema\/person\/48c3cbf0f33d1b788226dbb6518689cf"},"breadcrumb":{"@id":"https:\/\/www.uaga.eus\/eu\/uaga-el-gobierno-vasco-y-los-distintos-agentes-del-sector-ganadero-estatal-solicitamos-al-ministerio-no-considerar-al-lobo-como-especie-protegida\/#breadcrumb"},"inLanguage":"eu","potentialAction":[{"@type":"ReadAction","target":["https:\/\/www.uaga.eus\/eu\/uaga-el-gobierno-vasco-y-los-distintos-agentes-del-sector-ganadero-estatal-solicitamos-al-ministerio-no-considerar-al-lobo-como-especie-protegida\/"]}]},{"@type":"BreadcrumbList","@id":"https:\/\/www.uaga.eus\/eu\/uaga-el-gobierno-vasco-y-los-distintos-agentes-del-sector-ganadero-estatal-solicitamos-al-ministerio-no-considerar-al-lobo-como-especie-protegida\/#breadcrumb","itemListElement":[{"@type":"ListItem","position":1,"name":"Inicio","item":"https:\/\/www.uaga.eus\/"},{"@type":"ListItem","position":2,"name":"UAGA, el Gobierno Vasco y los distintos agentes del sector ganadero estatal solicitamos al Ministerio no considerar al lobo como especie protegida\u00a0"}]},{"@type":"WebSite","@id":"https:\/\/www.uaga.eus\/#website","url":"https:\/\/www.uaga.eus\/","name":"UAGA","description":"Uni\u00f3n Agroganadera de \u00c1lava - Araba Nekazarien Elkartea","potentialAction":[{"@type":"SearchAction","target":{"@type":"EntryPoint","urlTemplate":"https:\/\/www.uaga.eus\/?s={search_term_string}"},"query-input":"required name=search_term_string"}],"inLanguage":"eu"},{"@type":"Person","@id":"https:\/\/www.uaga.eus\/#\/schema\/person\/48c3cbf0f33d1b788226dbb6518689cf","name":"Blanca S\u00e1nchez","image":{"@type":"ImageObject","inLanguage":"eu","@id":"https:\/\/www.uaga.eus\/#\/schema\/person\/image\/","url":"https:\/\/secure.gravatar.com\/avatar\/0dc91c20648254b1ce84877283f6751b?s=96&d=mm&r=g","contentUrl":"https:\/\/secure.gravatar.com\/avatar\/0dc91c20648254b1ce84877283f6751b?s=96&d=mm&r=g","caption":"Blanca S\u00e1nchez"},"url":"https:\/\/www.uaga.eus\/eu\/author\/bsanchez\/"}]}},"_links":{"self":[{"href":"https:\/\/www.uaga.eus\/eu\/wp-json\/wp\/v2\/posts\/8707"}],"collection":[{"href":"https:\/\/www.uaga.eus\/eu\/wp-json\/wp\/v2\/posts"}],"about":[{"href":"https:\/\/www.uaga.eus\/eu\/wp-json\/wp\/v2\/types\/post"}],"author":[{"embeddable":true,"href":"https:\/\/www.uaga.eus\/eu\/wp-json\/wp\/v2\/users\/4"}],"replies":[{"embeddable":true,"href":"https:\/\/www.uaga.eus\/eu\/wp-json\/wp\/v2\/comments?post=8707"}],"version-history":[{"count":1,"href":"https:\/\/www.uaga.eus\/eu\/wp-json\/wp\/v2\/posts\/8707\/revisions"}],"predecessor-version":[{"id":8708,"href":"https:\/\/www.uaga.eus\/eu\/wp-json\/wp\/v2\/posts\/8707\/revisions\/8708"}],"wp:featuredmedia":[{"embeddable":true,"href":"https:\/\/www.uaga.eus\/eu\/wp-json\/wp\/v2\/media\/5666"}],"wp:attachment":[{"href":"https:\/\/www.uaga.eus\/eu\/wp-json\/wp\/v2\/media?parent=8707"}],"wp:term":[{"taxonomy":"category","embeddable":true,"href":"https:\/\/www.uaga.eus\/eu\/wp-json\/wp\/v2\/categories?post=8707"},{"taxonomy":"post_tag","embeddable":true,"href":"https:\/\/www.uaga.eus\/eu\/wp-json\/wp\/v2\/tags?post=8707"}],"curies":[{"name":"wp","href":"https:\/\/api.w.org\/{rel}","templated":true}]}}