{"id":8705,"date":"2021-03-05T09:28:22","date_gmt":"2021-03-05T09:28:22","guid":{"rendered":"https:\/\/www.uaga.eus\/?p=8705"},"modified":"2021-03-05T09:28:22","modified_gmt":"2021-03-05T09:28:22","slug":"uaga-a-traves-de-coag-denuncia-que-la-propuesta-de-contrato-de-ab-azucarera-es-contraria-a-la-ley-de-cadena-alimentaria","status":"publish","type":"post","link":"https:\/\/www.uaga.eus\/eu\/uaga-a-traves-de-coag-denuncia-que-la-propuesta-de-contrato-de-ab-azucarera-es-contraria-a-la-ley-de-cadena-alimentaria\/","title":{"rendered":"UAGA, a trav\u00e9s de COAG, denuncia que la propuesta de contrato de AB Azucarera es contraria a la Ley de Cadena Alimentaria\u00a0"},"content":{"rendered":"<p>La Coordinadora de Organizaciones de Agricultores y Ganaderos (COAG), a la que pertenece UAGA, ha denunciado en una nota de prensa\u00a0\u00a0que la propuesta de contrato de la empresa AB Azucarera Iberia para la nueva campa\u00f1a de remolacha obligar\u00eda a los agricultores a reconocer que el precio pactado es suficiente para cubrir los costes de producci\u00f3n, al incluir las ayudas PAC en el c\u00e1lculo.<\/p>\n<p>Los anexos ligados al precio que deber\u00edan percibir los remolacheros recogen varias cl\u00e1usulas abusivas que vulneran la normativa vigente. Adem\u00e1s, el texto incluido especifica que las partes desconocen el coste efectivo de producci\u00f3n para la nueva campa\u00f1a y aun as\u00ed se declara que el precio supuestamente pactado (26\u20ac\/t) cubre los mismos.<\/p>\n<p>Por otra parte, Azucarera persiste en su actitud de presentar los nuevos contratos justo antes de la siembra, cuando la planificaci\u00f3n de los cultivos se realiza a principios del oto\u00f1o, lo que deja poca o ninguna alternativa al cultivador. Esto contrasta con lo que es habitual en otros pa\u00edses, donde se presentan los contratos en verano, incluso en el Reino Unido donde opera tambi\u00e9n Azucarera.<\/p>\n<p>Puedes consultar aqu\u00ed la <a href=\"https:\/\/mcusercontent.com\/498b950ccfc4b8d0e600d7e48\/files\/57e84b8a-3dc5-4371-9c88-ecea42509d1d\/210303_Contratos_remolacha.pdf\" target=\"_blank\" rel=\"noopener\" data-cke-saved-href=\"https:\/\/mcusercontent.com\/498b950ccfc4b8d0e600d7e48\/files\/57e84b8a-3dc5-4371-9c88-ecea42509d1d\/210303_Contratos_remolacha.pdf\">nota de prensa<\/a>.<\/p>\n<p>+INFO YOLANDA: 615 779 586<\/p>\n","protected":false},"excerpt":{"rendered":"<p>La Coordinadora de Organizaciones de Agricultores y Ganaderos (COAG), a la que pertenece UAGA, ha denunciado en una nota de prensa\u00a0\u00a0que la propuesta de contrato de la empresa AB Azucarera Iberia para la nueva campa\u00f1a de remolacha obligar\u00eda a los agricultores a reconocer que el precio pactado es suficiente para cubrir los costes de producci\u00f3n, [&hellip;]<\/p>\n","protected":false},"author":4,"featured_media":8042,"comment_status":"closed","ping_status":"closed","sticky":false,"template":"","format":"standard","meta":{"footnotes":""},"categories":[7,12],"tags":[],"yoast_head":"<!-- This site is optimized with the Yoast SEO plugin v21.5 - https:\/\/yoast.com\/wordpress\/plugins\/seo\/ -->\n<title>UAGA, a trav\u00e9s de COAG, denuncia que la propuesta de contrato de AB Azucarera es contraria a la Ley de Cadena Alimentaria\u00a0 - UAGA<\/title>\n<meta name=\"robots\" content=\"index, follow, max-snippet:-1, max-image-preview:large, max-video-preview:-1\" \/>\n<link rel=\"canonical\" href=\"https:\/\/www.uaga.eus\/uaga-a-traves-de-coag-denuncia-que-la-propuesta-de-contrato-de-ab-azucarera-es-contraria-a-la-ley-de-cadena-alimentaria\/\" \/>\n<meta property=\"og:locale\" content=\"en_US\" \/>\n<meta property=\"og:type\" content=\"article\" \/>\n<meta property=\"og:title\" content=\"UAGA, a trav\u00e9s de COAG, denuncia que la propuesta de contrato de AB Azucarera es contraria a la Ley de Cadena Alimentaria\u00a0 - UAGA\" \/>\n<meta property=\"og:description\" content=\"La Coordinadora de Organizaciones de Agricultores y Ganaderos (COAG), a la que pertenece UAGA, ha denunciado en una nota de prensa\u00a0\u00a0que la propuesta de contrato de la empresa AB Azucarera Iberia para la nueva campa\u00f1a de remolacha obligar\u00eda a los agricultores a reconocer que el precio pactado es suficiente para cubrir los costes de producci\u00f3n, [&hellip;]\" \/>\n<meta property=\"og:url\" content=\"https:\/\/www.uaga.eus\/uaga-a-traves-de-coag-denuncia-que-la-propuesta-de-contrato-de-ab-azucarera-es-contraria-a-la-ley-de-cadena-alimentaria\/\" \/>\n<meta property=\"og:site_name\" content=\"UAGA\" \/>\n<meta property=\"article:published_time\" content=\"2021-03-05T09:28:22+00:00\" \/>\n<meta property=\"og:image\" content=\"https:\/\/www.uaga.eus\/wp-content\/uploads\/2020\/10\/remolacha-azucarera-2-e1602244865562.jpg\" \/>\n\t<meta property=\"og:image:width\" content=\"700\" \/>\n\t<meta property=\"og:image:height\" content=\"408\" \/>\n\t<meta property=\"og:image:type\" content=\"image\/jpeg\" \/>\n<meta name=\"author\" content=\"Blanca S\u00e1nchez\" \/>\n<meta name=\"twitter:card\" content=\"summary_large_image\" \/>\n<meta name=\"twitter:label1\" content=\"Written by\" \/>\n\t<meta name=\"twitter:data1\" content=\"Blanca S\u00e1nchez\" \/>\n\t<meta name=\"twitter:label2\" content=\"Est. reading time\" \/>\n\t<meta name=\"twitter:data2\" content=\"1 minutua\" \/>\n<script type=\"application\/ld+json\" class=\"yoast-schema-graph\">{\"@context\":\"https:\/\/schema.org\",\"@graph\":[{\"@type\":\"WebPage\",\"@id\":\"https:\/\/www.uaga.eus\/uaga-a-traves-de-coag-denuncia-que-la-propuesta-de-contrato-de-ab-azucarera-es-contraria-a-la-ley-de-cadena-alimentaria\/\",\"url\":\"https:\/\/www.uaga.eus\/uaga-a-traves-de-coag-denuncia-que-la-propuesta-de-contrato-de-ab-azucarera-es-contraria-a-la-ley-de-cadena-alimentaria\/\",\"name\":\"UAGA, a trav\u00e9s de COAG, denuncia que la propuesta de contrato de AB Azucarera es contraria a la Ley de Cadena Alimentaria\u00a0 - UAGA\",\"isPartOf\":{\"@id\":\"https:\/\/www.uaga.eus\/#website\"},\"datePublished\":\"2021-03-05T09:28:22+00:00\",\"dateModified\":\"2021-03-05T09:28:22+00:00\",\"author\":{\"@id\":\"https:\/\/www.uaga.eus\/#\/schema\/person\/48c3cbf0f33d1b788226dbb6518689cf\"},\"breadcrumb\":{\"@id\":\"https:\/\/www.uaga.eus\/uaga-a-traves-de-coag-denuncia-que-la-propuesta-de-contrato-de-ab-azucarera-es-contraria-a-la-ley-de-cadena-alimentaria\/#breadcrumb\"},\"inLanguage\":\"eu\",\"potentialAction\":[{\"@type\":\"ReadAction\",\"target\":[\"https:\/\/www.uaga.eus\/uaga-a-traves-de-coag-denuncia-que-la-propuesta-de-contrato-de-ab-azucarera-es-contraria-a-la-ley-de-cadena-alimentaria\/\"]}]},{\"@type\":\"BreadcrumbList\",\"@id\":\"https:\/\/www.uaga.eus\/uaga-a-traves-de-coag-denuncia-que-la-propuesta-de-contrato-de-ab-azucarera-es-contraria-a-la-ley-de-cadena-alimentaria\/#breadcrumb\",\"itemListElement\":[{\"@type\":\"ListItem\",\"position\":1,\"name\":\"Inicio\",\"item\":\"https:\/\/www.uaga.eus\/\"},{\"@type\":\"ListItem\",\"position\":2,\"name\":\"UAGA, a trav\u00e9s de COAG, denuncia que la propuesta de contrato de AB Azucarera es contraria a la Ley de Cadena Alimentaria\u00a0\"}]},{\"@type\":\"WebSite\",\"@id\":\"https:\/\/www.uaga.eus\/#website\",\"url\":\"https:\/\/www.uaga.eus\/\",\"name\":\"UAGA\",\"description\":\"Uni\u00f3n Agroganadera de \u00c1lava - Araba Nekazarien Elkartea\",\"potentialAction\":[{\"@type\":\"SearchAction\",\"target\":{\"@type\":\"EntryPoint\",\"urlTemplate\":\"https:\/\/www.uaga.eus\/?s={search_term_string}\"},\"query-input\":\"required name=search_term_string\"}],\"inLanguage\":\"eu\"},{\"@type\":\"Person\",\"@id\":\"https:\/\/www.uaga.eus\/#\/schema\/person\/48c3cbf0f33d1b788226dbb6518689cf\",\"name\":\"Blanca S\u00e1nchez\",\"image\":{\"@type\":\"ImageObject\",\"inLanguage\":\"eu\",\"@id\":\"https:\/\/www.uaga.eus\/#\/schema\/person\/image\/\",\"url\":\"https:\/\/secure.gravatar.com\/avatar\/0dc91c20648254b1ce84877283f6751b?s=96&d=mm&r=g\",\"contentUrl\":\"https:\/\/secure.gravatar.com\/avatar\/0dc91c20648254b1ce84877283f6751b?s=96&d=mm&r=g\",\"caption\":\"Blanca S\u00e1nchez\"},\"url\":\"https:\/\/www.uaga.eus\/eu\/author\/bsanchez\/\"}]}<\/script>\n<!-- \/ Yoast SEO plugin. -->","yoast_head_json":{"title":"UAGA, a trav\u00e9s de COAG, denuncia que la propuesta de contrato de AB Azucarera es contraria a la Ley de Cadena Alimentaria\u00a0 - UAGA","robots":{"index":"index","follow":"follow","max-snippet":"max-snippet:-1","max-image-preview":"max-image-preview:large","max-video-preview":"max-video-preview:-1"},"canonical":"https:\/\/www.uaga.eus\/uaga-a-traves-de-coag-denuncia-que-la-propuesta-de-contrato-de-ab-azucarera-es-contraria-a-la-ley-de-cadena-alimentaria\/","og_locale":"en_US","og_type":"article","og_title":"UAGA, a trav\u00e9s de COAG, denuncia que la propuesta de contrato de AB Azucarera es contraria a la Ley de Cadena Alimentaria\u00a0 - UAGA","og_description":"La Coordinadora de Organizaciones de Agricultores y Ganaderos (COAG), a la que pertenece UAGA, ha denunciado en una nota de prensa\u00a0\u00a0que la propuesta de contrato de la empresa AB Azucarera Iberia para la nueva campa\u00f1a de remolacha obligar\u00eda a los agricultores a reconocer que el precio pactado es suficiente para cubrir los costes de producci\u00f3n, [&hellip;]","og_url":"https:\/\/www.uaga.eus\/uaga-a-traves-de-coag-denuncia-que-la-propuesta-de-contrato-de-ab-azucarera-es-contraria-a-la-ley-de-cadena-alimentaria\/","og_site_name":"UAGA","article_published_time":"2021-03-05T09:28:22+00:00","og_image":[{"width":700,"height":408,"url":"https:\/\/www.uaga.eus\/wp-content\/uploads\/2020\/10\/remolacha-azucarera-2-e1602244865562.jpg","type":"image\/jpeg"}],"author":"Blanca S\u00e1nchez","twitter_card":"summary_large_image","twitter_misc":{"Written by":"Blanca S\u00e1nchez","Est. reading time":"1 minutua"},"schema":{"@context":"https:\/\/schema.org","@graph":[{"@type":"WebPage","@id":"https:\/\/www.uaga.eus\/uaga-a-traves-de-coag-denuncia-que-la-propuesta-de-contrato-de-ab-azucarera-es-contraria-a-la-ley-de-cadena-alimentaria\/","url":"https:\/\/www.uaga.eus\/uaga-a-traves-de-coag-denuncia-que-la-propuesta-de-contrato-de-ab-azucarera-es-contraria-a-la-ley-de-cadena-alimentaria\/","name":"UAGA, a trav\u00e9s de COAG, denuncia que la propuesta de contrato de AB Azucarera es contraria a la Ley de Cadena Alimentaria\u00a0 - UAGA","isPartOf":{"@id":"https:\/\/www.uaga.eus\/#website"},"datePublished":"2021-03-05T09:28:22+00:00","dateModified":"2021-03-05T09:28:22+00:00","author":{"@id":"https:\/\/www.uaga.eus\/#\/schema\/person\/48c3cbf0f33d1b788226dbb6518689cf"},"breadcrumb":{"@id":"https:\/\/www.uaga.eus\/uaga-a-traves-de-coag-denuncia-que-la-propuesta-de-contrato-de-ab-azucarera-es-contraria-a-la-ley-de-cadena-alimentaria\/#breadcrumb"},"inLanguage":"eu","potentialAction":[{"@type":"ReadAction","target":["https:\/\/www.uaga.eus\/uaga-a-traves-de-coag-denuncia-que-la-propuesta-de-contrato-de-ab-azucarera-es-contraria-a-la-ley-de-cadena-alimentaria\/"]}]},{"@type":"BreadcrumbList","@id":"https:\/\/www.uaga.eus\/uaga-a-traves-de-coag-denuncia-que-la-propuesta-de-contrato-de-ab-azucarera-es-contraria-a-la-ley-de-cadena-alimentaria\/#breadcrumb","itemListElement":[{"@type":"ListItem","position":1,"name":"Inicio","item":"https:\/\/www.uaga.eus\/"},{"@type":"ListItem","position":2,"name":"UAGA, a trav\u00e9s de COAG, denuncia que la propuesta de contrato de AB Azucarera es contraria a la Ley de Cadena Alimentaria\u00a0"}]},{"@type":"WebSite","@id":"https:\/\/www.uaga.eus\/#website","url":"https:\/\/www.uaga.eus\/","name":"UAGA","description":"Uni\u00f3n Agroganadera de \u00c1lava - Araba Nekazarien Elkartea","potentialAction":[{"@type":"SearchAction","target":{"@type":"EntryPoint","urlTemplate":"https:\/\/www.uaga.eus\/?s={search_term_string}"},"query-input":"required name=search_term_string"}],"inLanguage":"eu"},{"@type":"Person","@id":"https:\/\/www.uaga.eus\/#\/schema\/person\/48c3cbf0f33d1b788226dbb6518689cf","name":"Blanca S\u00e1nchez","image":{"@type":"ImageObject","inLanguage":"eu","@id":"https:\/\/www.uaga.eus\/#\/schema\/person\/image\/","url":"https:\/\/secure.gravatar.com\/avatar\/0dc91c20648254b1ce84877283f6751b?s=96&d=mm&r=g","contentUrl":"https:\/\/secure.gravatar.com\/avatar\/0dc91c20648254b1ce84877283f6751b?s=96&d=mm&r=g","caption":"Blanca S\u00e1nchez"},"url":"https:\/\/www.uaga.eus\/eu\/author\/bsanchez\/"}]}},"_links":{"self":[{"href":"https:\/\/www.uaga.eus\/eu\/wp-json\/wp\/v2\/posts\/8705"}],"collection":[{"href":"https:\/\/www.uaga.eus\/eu\/wp-json\/wp\/v2\/posts"}],"about":[{"href":"https:\/\/www.uaga.eus\/eu\/wp-json\/wp\/v2\/types\/post"}],"author":[{"embeddable":true,"href":"https:\/\/www.uaga.eus\/eu\/wp-json\/wp\/v2\/users\/4"}],"replies":[{"embeddable":true,"href":"https:\/\/www.uaga.eus\/eu\/wp-json\/wp\/v2\/comments?post=8705"}],"version-history":[{"count":1,"href":"https:\/\/www.uaga.eus\/eu\/wp-json\/wp\/v2\/posts\/8705\/revisions"}],"predecessor-version":[{"id":8706,"href":"https:\/\/www.uaga.eus\/eu\/wp-json\/wp\/v2\/posts\/8705\/revisions\/8706"}],"wp:featuredmedia":[{"embeddable":true,"href":"https:\/\/www.uaga.eus\/eu\/wp-json\/wp\/v2\/media\/8042"}],"wp:attachment":[{"href":"https:\/\/www.uaga.eus\/eu\/wp-json\/wp\/v2\/media?parent=8705"}],"wp:term":[{"taxonomy":"category","embeddable":true,"href":"https:\/\/www.uaga.eus\/eu\/wp-json\/wp\/v2\/categories?post=8705"},{"taxonomy":"post_tag","embeddable":true,"href":"https:\/\/www.uaga.eus\/eu\/wp-json\/wp\/v2\/tags?post=8705"}],"curies":[{"name":"wp","href":"https:\/\/api.w.org\/{rel}","templated":true}]}}