{"id":8568,"date":"2021-02-19T11:06:30","date_gmt":"2021-02-19T11:06:30","guid":{"rendered":"https:\/\/www.uaga.eus\/?p=8568"},"modified":"2021-02-19T11:11:26","modified_gmt":"2021-02-19T11:11:26","slug":"abierto-el-plazo-de-solicitud-de-ayudas-para-la-contratacion-de-seguros-de-vinedo","status":"publish","type":"post","link":"https:\/\/www.uaga.eus\/eu\/abierto-el-plazo-de-solicitud-de-ayudas-para-la-contratacion-de-seguros-de-vinedo\/","title":{"rendered":"Abierto el plazo de solicitud de ayudas para la contrataci\u00f3n de seguros de vi\u00f1edo"},"content":{"rendered":"<p><span style=\"font-family: arial, helvetica neue, helvetica, sans-serif;\">Diputaci\u00f3n ha aprobado la convocatoria de ayudas destinadas a la contrataci\u00f3n de seguros en vi\u00f1edo para el a\u00f1o 2021 con un presupuesto de 200.000 euros.<\/p>\n<p>Ser\u00e1n subvencionables los seguros recogidos en las l\u00edneas del Plan Nacional de Seguros Agrarios Combinados vigente en el a\u00f1o 2020 y de aplicaci\u00f3n en parcelas ubicadas en el Territorio Hist\u00f3rico de \u00c1lava para la uva de vinificaci\u00f3n.<\/p>\n<p>El plazo de presentaci\u00f3n de las solicitudes permanecer\u00e1 abierto hasta el 30 de junio de 2021.<\/p>\n<p>Para acceder a las ayudas es necesario ser mayor de 18 a\u00f1os y menor de la edad oficial de jubilaci\u00f3n en el momento de finalizaci\u00f3n del plazo de presentaci\u00f3n de solicitudes de ayuda, requisito modificado de las bases reguladoras de 2020 para adaptarlas a la legalidad actualmente vigente.<\/span><\/p>\n<p>Puedes consultar <a href=\"https:\/\/www.araba.eus\/botha\/Boletines\/2021\/020\/2021_020_00511_C.pdf\">aqu\u00ed\u00a0<\/a>el Decreto<\/p>\n<p>+info NURIA: 661 595 811<\/p>","protected":false},"excerpt":{"rendered":"<p>Diputaci\u00f3n ha aprobado la convocatoria de ayudas destinadas a la contrataci\u00f3n de seguros en vi\u00f1edo para el a\u00f1o 2021 con un presupuesto de 200.000 euros. Ser\u00e1n subvencionables los seguros recogidos en las l\u00edneas del Plan Nacional de Seguros Agrarios Combinados vigente en el a\u00f1o 2020 y de aplicaci\u00f3n en parcelas ubicadas en el Territorio Hist\u00f3rico [&hellip;]<\/p>\n","protected":false},"author":4,"featured_media":7792,"comment_status":"closed","ping_status":"closed","sticky":false,"template":"","format":"standard","meta":{"footnotes":""},"categories":[7,5,6],"tags":[],"yoast_head":"<!-- This site is optimized with the Yoast SEO plugin v21.5 - https:\/\/yoast.com\/wordpress\/plugins\/seo\/ -->\n<title>Abierto el plazo de solicitud de ayudas para la contrataci\u00f3n de seguros de vi\u00f1edo - UAGA<\/title>\n<meta name=\"robots\" content=\"index, follow, max-snippet:-1, max-image-preview:large, max-video-preview:-1\" \/>\n<link rel=\"canonical\" href=\"https:\/\/www.uaga.eus\/abierto-el-plazo-de-solicitud-de-ayudas-para-la-contratacion-de-seguros-de-vinedo\/\" \/>\n<meta property=\"og:locale\" content=\"en_US\" \/>\n<meta property=\"og:type\" content=\"article\" \/>\n<meta property=\"og:title\" content=\"Abierto el plazo de solicitud de ayudas para la contrataci\u00f3n de seguros de vi\u00f1edo - UAGA\" \/>\n<meta property=\"og:description\" content=\"Diputaci\u00f3n ha aprobado la convocatoria de ayudas destinadas a la contrataci\u00f3n de seguros en vi\u00f1edo para el a\u00f1o 2021 con un presupuesto de 200.000 euros. Ser\u00e1n subvencionables los seguros recogidos en las l\u00edneas del Plan Nacional de Seguros Agrarios Combinados vigente en el a\u00f1o 2020 y de aplicaci\u00f3n en parcelas ubicadas en el Territorio Hist\u00f3rico [&hellip;]\" \/>\n<meta property=\"og:url\" content=\"https:\/\/www.uaga.eus\/abierto-el-plazo-de-solicitud-de-ayudas-para-la-contratacion-de-seguros-de-vinedo\/\" \/>\n<meta property=\"og:site_name\" content=\"UAGA\" \/>\n<meta property=\"article:published_time\" content=\"2021-02-19T11:06:30+00:00\" \/>\n<meta property=\"article:modified_time\" content=\"2021-02-19T11:11:26+00:00\" \/>\n<meta property=\"og:image\" content=\"https:\/\/www.uaga.eus\/wp-content\/uploads\/2020\/07\/VI\u00d1EDO-LAGUARDIA-e1593758397196.jpg\" \/>\n\t<meta property=\"og:image:width\" content=\"700\" \/>\n\t<meta property=\"og:image:height\" content=\"369\" \/>\n\t<meta property=\"og:image:type\" content=\"image\/jpeg\" \/>\n<meta name=\"author\" content=\"Blanca S\u00e1nchez\" \/>\n<meta name=\"twitter:card\" content=\"summary_large_image\" \/>\n<meta name=\"twitter:label1\" content=\"Written by\" \/>\n\t<meta name=\"twitter:data1\" content=\"Blanca S\u00e1nchez\" \/>\n\t<meta name=\"twitter:label2\" content=\"Est. reading time\" \/>\n\t<meta name=\"twitter:data2\" content=\"1 minutua\" \/>\n<script type=\"application\/ld+json\" class=\"yoast-schema-graph\">{\"@context\":\"https:\/\/schema.org\",\"@graph\":[{\"@type\":\"WebPage\",\"@id\":\"https:\/\/www.uaga.eus\/abierto-el-plazo-de-solicitud-de-ayudas-para-la-contratacion-de-seguros-de-vinedo\/\",\"url\":\"https:\/\/www.uaga.eus\/abierto-el-plazo-de-solicitud-de-ayudas-para-la-contratacion-de-seguros-de-vinedo\/\",\"name\":\"Abierto el plazo de solicitud de ayudas para la contrataci\u00f3n de seguros de vi\u00f1edo - UAGA\",\"isPartOf\":{\"@id\":\"https:\/\/www.uaga.eus\/#website\"},\"datePublished\":\"2021-02-19T11:06:30+00:00\",\"dateModified\":\"2021-02-19T11:11:26+00:00\",\"author\":{\"@id\":\"https:\/\/www.uaga.eus\/#\/schema\/person\/48c3cbf0f33d1b788226dbb6518689cf\"},\"breadcrumb\":{\"@id\":\"https:\/\/www.uaga.eus\/abierto-el-plazo-de-solicitud-de-ayudas-para-la-contratacion-de-seguros-de-vinedo\/#breadcrumb\"},\"inLanguage\":\"eu\",\"potentialAction\":[{\"@type\":\"ReadAction\",\"target\":[\"https:\/\/www.uaga.eus\/abierto-el-plazo-de-solicitud-de-ayudas-para-la-contratacion-de-seguros-de-vinedo\/\"]}]},{\"@type\":\"BreadcrumbList\",\"@id\":\"https:\/\/www.uaga.eus\/abierto-el-plazo-de-solicitud-de-ayudas-para-la-contratacion-de-seguros-de-vinedo\/#breadcrumb\",\"itemListElement\":[{\"@type\":\"ListItem\",\"position\":1,\"name\":\"Inicio\",\"item\":\"https:\/\/www.uaga.eus\/\"},{\"@type\":\"ListItem\",\"position\":2,\"name\":\"Abierto el plazo de solicitud de ayudas para la contrataci\u00f3n de seguros de vi\u00f1edo\"}]},{\"@type\":\"WebSite\",\"@id\":\"https:\/\/www.uaga.eus\/#website\",\"url\":\"https:\/\/www.uaga.eus\/\",\"name\":\"UAGA\",\"description\":\"Uni\u00f3n Agroganadera de \u00c1lava - Araba Nekazarien Elkartea\",\"potentialAction\":[{\"@type\":\"SearchAction\",\"target\":{\"@type\":\"EntryPoint\",\"urlTemplate\":\"https:\/\/www.uaga.eus\/?s={search_term_string}\"},\"query-input\":\"required name=search_term_string\"}],\"inLanguage\":\"eu\"},{\"@type\":\"Person\",\"@id\":\"https:\/\/www.uaga.eus\/#\/schema\/person\/48c3cbf0f33d1b788226dbb6518689cf\",\"name\":\"Blanca S\u00e1nchez\",\"image\":{\"@type\":\"ImageObject\",\"inLanguage\":\"eu\",\"@id\":\"https:\/\/www.uaga.eus\/#\/schema\/person\/image\/\",\"url\":\"https:\/\/secure.gravatar.com\/avatar\/0dc91c20648254b1ce84877283f6751b?s=96&d=mm&r=g\",\"contentUrl\":\"https:\/\/secure.gravatar.com\/avatar\/0dc91c20648254b1ce84877283f6751b?s=96&d=mm&r=g\",\"caption\":\"Blanca S\u00e1nchez\"},\"url\":\"https:\/\/www.uaga.eus\/eu\/author\/bsanchez\/\"}]}<\/script>\n<!-- \/ Yoast SEO plugin. -->","yoast_head_json":{"title":"Abierto el plazo de solicitud de ayudas para la contrataci\u00f3n de seguros de vi\u00f1edo - UAGA","robots":{"index":"index","follow":"follow","max-snippet":"max-snippet:-1","max-image-preview":"max-image-preview:large","max-video-preview":"max-video-preview:-1"},"canonical":"https:\/\/www.uaga.eus\/abierto-el-plazo-de-solicitud-de-ayudas-para-la-contratacion-de-seguros-de-vinedo\/","og_locale":"en_US","og_type":"article","og_title":"Abierto el plazo de solicitud de ayudas para la contrataci\u00f3n de seguros de vi\u00f1edo - UAGA","og_description":"Diputaci\u00f3n ha aprobado la convocatoria de ayudas destinadas a la contrataci\u00f3n de seguros en vi\u00f1edo para el a\u00f1o 2021 con un presupuesto de 200.000 euros. Ser\u00e1n subvencionables los seguros recogidos en las l\u00edneas del Plan Nacional de Seguros Agrarios Combinados vigente en el a\u00f1o 2020 y de aplicaci\u00f3n en parcelas ubicadas en el Territorio Hist\u00f3rico [&hellip;]","og_url":"https:\/\/www.uaga.eus\/abierto-el-plazo-de-solicitud-de-ayudas-para-la-contratacion-de-seguros-de-vinedo\/","og_site_name":"UAGA","article_published_time":"2021-02-19T11:06:30+00:00","article_modified_time":"2021-02-19T11:11:26+00:00","og_image":[{"width":700,"height":369,"url":"https:\/\/www.uaga.eus\/wp-content\/uploads\/2020\/07\/VI\u00d1EDO-LAGUARDIA-e1593758397196.jpg","type":"image\/jpeg"}],"author":"Blanca S\u00e1nchez","twitter_card":"summary_large_image","twitter_misc":{"Written by":"Blanca S\u00e1nchez","Est. reading time":"1 minutua"},"schema":{"@context":"https:\/\/schema.org","@graph":[{"@type":"WebPage","@id":"https:\/\/www.uaga.eus\/abierto-el-plazo-de-solicitud-de-ayudas-para-la-contratacion-de-seguros-de-vinedo\/","url":"https:\/\/www.uaga.eus\/abierto-el-plazo-de-solicitud-de-ayudas-para-la-contratacion-de-seguros-de-vinedo\/","name":"Abierto el plazo de solicitud de ayudas para la contrataci\u00f3n de seguros de vi\u00f1edo - UAGA","isPartOf":{"@id":"https:\/\/www.uaga.eus\/#website"},"datePublished":"2021-02-19T11:06:30+00:00","dateModified":"2021-02-19T11:11:26+00:00","author":{"@id":"https:\/\/www.uaga.eus\/#\/schema\/person\/48c3cbf0f33d1b788226dbb6518689cf"},"breadcrumb":{"@id":"https:\/\/www.uaga.eus\/abierto-el-plazo-de-solicitud-de-ayudas-para-la-contratacion-de-seguros-de-vinedo\/#breadcrumb"},"inLanguage":"eu","potentialAction":[{"@type":"ReadAction","target":["https:\/\/www.uaga.eus\/abierto-el-plazo-de-solicitud-de-ayudas-para-la-contratacion-de-seguros-de-vinedo\/"]}]},{"@type":"BreadcrumbList","@id":"https:\/\/www.uaga.eus\/abierto-el-plazo-de-solicitud-de-ayudas-para-la-contratacion-de-seguros-de-vinedo\/#breadcrumb","itemListElement":[{"@type":"ListItem","position":1,"name":"Inicio","item":"https:\/\/www.uaga.eus\/"},{"@type":"ListItem","position":2,"name":"Abierto el plazo de solicitud de ayudas para la contrataci\u00f3n de seguros de vi\u00f1edo"}]},{"@type":"WebSite","@id":"https:\/\/www.uaga.eus\/#website","url":"https:\/\/www.uaga.eus\/","name":"UAGA","description":"Uni\u00f3n Agroganadera de \u00c1lava - Araba Nekazarien Elkartea","potentialAction":[{"@type":"SearchAction","target":{"@type":"EntryPoint","urlTemplate":"https:\/\/www.uaga.eus\/?s={search_term_string}"},"query-input":"required name=search_term_string"}],"inLanguage":"eu"},{"@type":"Person","@id":"https:\/\/www.uaga.eus\/#\/schema\/person\/48c3cbf0f33d1b788226dbb6518689cf","name":"Blanca S\u00e1nchez","image":{"@type":"ImageObject","inLanguage":"eu","@id":"https:\/\/www.uaga.eus\/#\/schema\/person\/image\/","url":"https:\/\/secure.gravatar.com\/avatar\/0dc91c20648254b1ce84877283f6751b?s=96&d=mm&r=g","contentUrl":"https:\/\/secure.gravatar.com\/avatar\/0dc91c20648254b1ce84877283f6751b?s=96&d=mm&r=g","caption":"Blanca S\u00e1nchez"},"url":"https:\/\/www.uaga.eus\/eu\/author\/bsanchez\/"}]}},"_links":{"self":[{"href":"https:\/\/www.uaga.eus\/eu\/wp-json\/wp\/v2\/posts\/8568"}],"collection":[{"href":"https:\/\/www.uaga.eus\/eu\/wp-json\/wp\/v2\/posts"}],"about":[{"href":"https:\/\/www.uaga.eus\/eu\/wp-json\/wp\/v2\/types\/post"}],"author":[{"embeddable":true,"href":"https:\/\/www.uaga.eus\/eu\/wp-json\/wp\/v2\/users\/4"}],"replies":[{"embeddable":true,"href":"https:\/\/www.uaga.eus\/eu\/wp-json\/wp\/v2\/comments?post=8568"}],"version-history":[{"count":3,"href":"https:\/\/www.uaga.eus\/eu\/wp-json\/wp\/v2\/posts\/8568\/revisions"}],"predecessor-version":[{"id":8573,"href":"https:\/\/www.uaga.eus\/eu\/wp-json\/wp\/v2\/posts\/8568\/revisions\/8573"}],"wp:featuredmedia":[{"embeddable":true,"href":"https:\/\/www.uaga.eus\/eu\/wp-json\/wp\/v2\/media\/7792"}],"wp:attachment":[{"href":"https:\/\/www.uaga.eus\/eu\/wp-json\/wp\/v2\/media?parent=8568"}],"wp:term":[{"taxonomy":"category","embeddable":true,"href":"https:\/\/www.uaga.eus\/eu\/wp-json\/wp\/v2\/categories?post=8568"},{"taxonomy":"post_tag","embeddable":true,"href":"https:\/\/www.uaga.eus\/eu\/wp-json\/wp\/v2\/tags?post=8568"}],"curies":[{"name":"wp","href":"https:\/\/api.w.org\/{rel}","templated":true}]}}